{"id":299003,"date":"2026-04-16T10:20:00","date_gmt":"2026-04-16T08:20:00","guid":{"rendered":"https:\/\/www.tucomarca.com\/wordpress\/segunda\/?p=299003"},"modified":"2026-04-16T19:37:08","modified_gmt":"2026-04-16T17:37:08","slug":"esquerra-unida-i-el-pce-de-bunyol-commemoren-el-95-aniversari-de-la-ii-republica-amb-un-acte-en-el-pont-de-la-republica","status":"publish","type":"post","link":"https:\/\/www.tucomarca.com\/wordpress\/segunda\/ca\/esquerra-unida-i-el-pce-de-bunyol-commemoren-el-95-aniversari-de-la-ii-republica-amb-un-acte-en-el-pont-de-la-republica\/","title":{"rendered":"Esquerra Unida i el PCE de Bunyol commemoren el 95 aniversari de la II Rep\u00fablica amb un acte en el Pont de la Rep\u00fablica"},"content":{"rendered":"\n<p>Esquerra Unida i el PCE de Bunyol han celebrat un acte commemoratiu amb motiu del 95 aniversari de la II Rep\u00fablica Espanyola, depositant un centre floral en el Pont de la Rep\u00fablica, en un gest simb\u00f2lic que repeteixen cada any.<\/p>\n\n\n\n<p>Des de totes dues formacions han destacat la import\u00e0ncia d&#8217;aquest senzill homenatge com una manera de recordar el significat hist\u00f2ric i pol\u00edtic de la II Rep\u00fablica, especialment per a les persones dem\u00f2crates i, de manera particular, per als qui s&#8217;identifiquen amb l&#8217;ideari comunista.<\/p>\n\n\n\n<p>Durant l&#8217;acte, han reafirmat el seu defensa del republicanisme com a model d&#8217;Estat, al mateix temps que han posat en valor els avan\u00e7os socials impulsats durant el per\u00edode republic\u00e0 entre 1931 i 1936. En aquest sentit, han recordat reformes clau en \u00e0mbits com la Constituci\u00f3, l&#8217;agricultura, el sistema educatiu o els drets laborals, subratllant que la II Rep\u00fablica va suposar un proc\u00e9s de democratitzaci\u00f3 i d&#8217;impuls cap a la igualtat a Espanya.<\/p>\n\n\n\n<p>Aix\u00ed mateix, han assenyalat que aquesta commemoraci\u00f3 respon a una \u201cobligaci\u00f3 c\u00edvica\u201d que pret\u00e9n mantindre viva la mem\u00f2ria democr\u00e0tica. Entre les seues reivindicacions, han destacat la defensa de la Llei de Mem\u00f2ria Democr\u00e0tica, la necessitat de continuar treballant en la localitzaci\u00f3 de persones desaparegudes i enterrades en cunetes, aix\u00ed com el reconeixement als qui van lluitar, van patir i van donar la seua vida per les llibertats i per la Rep\u00fablica.<\/p>\n\n\n\n<p>L&#8217;acte va concloure amb un missatge de reivindicaci\u00f3 i record als valors republicans que continuen vigents en l&#8217;actualitat:<\/p>\n\n\n\n<ul class=\"wp-block-list\">\n<li>&#8220;La import\u00e0ncia d&#8217;aquest senzill acte que fem tots els anys per a recordar el que significa la II Rep\u00fablica per a la gent dem\u00f2crata en general i per a nosaltres els comunistes en particular.<\/li>\n\n\n\n<li>La confirmaci\u00f3 de la nostra permanent defensa del nostre Republicanisme com a millor sistema d&#8217;Estat.<\/li>\n<\/ul>\n\n\n\n<p>Recordar els avan\u00e7os socials de la II Rep\u00fablica de l&#8217;any 1931 al 36 com a expressi\u00f3 democr\u00e0tica i de reformes socials.<\/p>\n\n\n\n<ul class=\"wp-block-list\">\n<li>Reformes Constitucionals, Agr\u00e0ries, del sistema educatiu, dels drets laborals etc.<\/li>\n\n\n\n<li>La II Rep\u00fablica va significar la democratitzaci\u00f3 d&#8217;Espanya i la lluita per la igualtat.<\/li>\n<\/ul>\n\n\n\n<p>I finalment dir que aquest acte de commemoraci\u00f3 de la II Rep\u00fablica \u00e9s una obligaci\u00f3 c\u00edvica que fem tots els anys per a defensar:&nbsp;<\/p>\n\n\n\n<ul class=\"wp-block-list\">\n<li>La llei de mem\u00f2ria democr\u00e0tica.<\/li>\n\n\n\n<li>La lluita per tots els hui encara estan desapareguts i enterrats en les cunetes.<\/li>\n\n\n\n<li>La mem\u00f2ria dels homes i dones que van lluitar, van patir i van donar la vida per les llibertats i per la Rep\u00fablica&#8221;.<\/li>\n<\/ul>\n\n\n\n<figure class=\"wp-block-gallery has-nested-images columns-default is-cropped wp-block-gallery-1 is-layout-flex wp-block-gallery-is-layout-flex\">\n<figure class=\"wp-block-image size-large\"><img loading=\"lazy\" decoding=\"async\" width=\"627\" height=\"1024\" data-id=\"298999\" src=\"https:\/\/www.tucomarca.com\/wordpress\/segunda\/wp-content\/uploads\/2026\/04\/PHOTO-2026-04-15-13-15-34-627x1024.jpg\" alt=\"\" class=\"wp-image-298999\" srcset=\"https:\/\/www.tucomarca.com\/wordpress\/segunda\/wp-content\/uploads\/2026\/04\/PHOTO-2026-04-15-13-15-34-627x1024.jpg 627w, https:\/\/www.tucomarca.com\/wordpress\/segunda\/wp-content\/uploads\/2026\/04\/PHOTO-2026-04-15-13-15-34-184x300.jpg 184w, https:\/\/www.tucomarca.com\/wordpress\/segunda\/wp-content\/uploads\/2026\/04\/PHOTO-2026-04-15-13-15-34-768x1255.jpg 768w, https:\/\/www.tucomarca.com\/wordpress\/segunda\/wp-content\/uploads\/2026\/04\/PHOTO-2026-04-15-13-15-34-940x1536.jpg 940w, https:\/\/www.tucomarca.com\/wordpress\/segunda\/wp-content\/uploads\/2026\/04\/PHOTO-2026-04-15-13-15-34.jpg 979w\" sizes=\"auto, (max-width: 627px) 100vw, 627px\" \/><\/figure>\n\n\n\n<figure class=\"wp-block-image size-large\"><img loading=\"lazy\" decoding=\"async\" width=\"661\" height=\"1024\" data-id=\"298997\" src=\"https:\/\/www.tucomarca.com\/wordpress\/segunda\/wp-content\/uploads\/2026\/04\/PHOTO-2026-04-15-13-15-40-661x1024.jpg\" alt=\"\" class=\"wp-image-298997\" srcset=\"https:\/\/www.tucomarca.com\/wordpress\/segunda\/wp-content\/uploads\/2026\/04\/PHOTO-2026-04-15-13-15-40-661x1024.jpg 661w, https:\/\/www.tucomarca.com\/wordpress\/segunda\/wp-content\/uploads\/2026\/04\/PHOTO-2026-04-15-13-15-40-194x300.jpg 194w, https:\/\/www.tucomarca.com\/wordpress\/segunda\/wp-content\/uploads\/2026\/04\/PHOTO-2026-04-15-13-15-40-768x1189.jpg 768w, https:\/\/www.tucomarca.com\/wordpress\/segunda\/wp-content\/uploads\/2026\/04\/PHOTO-2026-04-15-13-15-40.jpg 832w\" sizes=\"auto, (max-width: 661px) 100vw, 661px\" \/><\/figure>\n<\/figure>\n","protected":false},"excerpt":{"rendered":"<div class=\"mh-excerpt\">Esquerra Unida i el PCE de Bunyol han celebrat un acte commemoratiu amb motiu del 95 aniversari de la II Rep\u00fablica Espanyola, depositant un centre floral en el Pont de la Rep\u00fablica, en un gest <a class=\"mh-excerpt-more\" href=\"https:\/\/www.tucomarca.com\/wordpress\/segunda\/ca\/esquerra-unida-i-el-pce-de-bunyol-commemoren-el-95-aniversari-de-la-ii-republica-amb-un-acte-en-el-pont-de-la-republica\/\" title=\"Esquerra Unida i el PCE de Bunyol commemoren el 95 aniversari de la II Rep\u00fablica amb un acte en el Pont de la Rep\u00fablica\">[+] <\/a><\/div>\n","protected":false},"author":12,"featured_media":298996,"comment_status":"closed","ping_status":"open","sticky":false,"template":"","format":"gallery","meta":{"footnotes":""},"categories":[10911,10894,10912,10947,10896],"tags":[14352,10913,11569,13214,10914,20309],"class_list":{"0":"post-299003","1":"post","2":"type-post","3":"status-publish","4":"format-gallery","5":"has-post-thumbnail","7":"category-bunol-ca","8":"category-la-comarca-ca","9":"category-la-hoya-ca","10":"category-politica","11":"category-seccion-ca","12":"tag-14-de-abril-ca","13":"tag-bunol-ca","14":"tag-esquerra-unida-bunol-ca","15":"tag-ii-republica-ca","16":"tag-la-hoya-de-bunol-chiva-ca","17":"tag-pce-bunol-ca","18":"post_format-post-format-gallery"},"_links":{"self":[{"href":"https:\/\/www.tucomarca.com\/wordpress\/segunda\/ca\/wp-json\/wp\/v2\/posts\/299003","targetHints":{"allow":["GET"]}}],"collection":[{"href":"https:\/\/www.tucomarca.com\/wordpress\/segunda\/ca\/wp-json\/wp\/v2\/posts"}],"about":[{"href":"https:\/\/www.tucomarca.com\/wordpress\/segunda\/ca\/wp-json\/wp\/v2\/types\/post"}],"author":[{"embeddable":true,"href":"https:\/\/www.tucomarca.com\/wordpress\/segunda\/ca\/wp-json\/wp\/v2\/users\/12"}],"replies":[{"embeddable":true,"href":"https:\/\/www.tucomarca.com\/wordpress\/segunda\/ca\/wp-json\/wp\/v2\/comments?post=299003"}],"version-history":[{"count":0,"href":"https:\/\/www.tucomarca.com\/wordpress\/segunda\/ca\/wp-json\/wp\/v2\/posts\/299003\/revisions"}],"wp:featuredmedia":[{"embeddable":true,"href":"https:\/\/www.tucomarca.com\/wordpress\/segunda\/ca\/wp-json\/wp\/v2\/media\/298996"}],"wp:attachment":[{"href":"https:\/\/www.tucomarca.com\/wordpress\/segunda\/ca\/wp-json\/wp\/v2\/media?parent=299003"}],"wp:term":[{"taxonomy":"category","embeddable":true,"href":"https:\/\/www.tucomarca.com\/wordpress\/segunda\/ca\/wp-json\/wp\/v2\/categories?post=299003"},{"taxonomy":"post_tag","embeddable":true,"href":"https:\/\/www.tucomarca.com\/wordpress\/segunda\/ca\/wp-json\/wp\/v2\/tags?post=299003"}],"curies":[{"name":"wp","href":"https:\/\/api.w.org\/{rel}","templated":true}]}}