{"id":299020,"date":"2026-04-17T12:00:00","date_gmt":"2026-04-17T10:00:00","guid":{"rendered":"https:\/\/www.tucomarca.com\/wordpress\/segunda\/?p=299020"},"modified":"2026-04-17T20:33:43","modified_gmt":"2026-04-17T18:33:43","slug":"lhospital-de-manises-redueix-mes-dun-18-les-seues-emissions-de-gasos-defecte-dhivernacle-gracies-a-un-model-danestesia-sostenible","status":"publish","type":"post","link":"https:\/\/www.tucomarca.com\/wordpress\/segunda\/ca\/lhospital-de-manises-redueix-mes-dun-18-les-seues-emissions-de-gasos-defecte-dhivernacle-gracies-a-un-model-danestesia-sostenible\/","title":{"rendered":"L&#8217;Hospital de Manises redueix m\u00e9s d&#8217;un 18% les seues emissions de gasos d&#8217;efecte d&#8217;hivernacle gr\u00e0cies a un model d&#8217;anest\u00e8sia sostenible"},"content":{"rendered":"\n<h3 class=\"wp-block-heading\">El Servei d&#8217;Anestesiologia i Reanimaci\u00f3 evoluciona la seua pr\u00e0ctica cl\u00ednica anest\u00e8sica cap a un model basat en l&#8217;anul\u00b7laci\u00f3 de l&#8217;\u00f2xid nitr\u00f3s, un dels gasos amb major impacte ambiental.<\/h3>\n\n\n\n<p>L&#8217;Hospital Universitari de Manises ha aconseguit reduir un 18,2% les emissions de gasos d&#8217;efecte d&#8217;hivernacle derivades de la seua activitat respecte a 2023. Les dades, corresponents a l&#8217;any 2024, han sigut auditats i verificats a la fi de 2025.<\/p>\n\n\n\n<p>La principal mesura que ha perm\u00e9s aquesta reducci\u00f3 d&#8217;emissions ha sigut impulsada pel Servei d&#8217;Anestesiologia i Reanimaci\u00f3, que ha evolucionat la seua pr\u00e0ctica cl\u00ednica anest\u00e8sica cap a un model m\u00e9s sostenible basat en l&#8217;anul\u00b7laci\u00f3 de l&#8217;\u00f2xid nitr\u00f3s, un dels gasos amb major impacte ambiental.<\/p>\n\n\n\n<p>El projecte ha incl\u00f2s, a m\u00e9s, la renovaci\u00f3 dels equips d&#8217;anest\u00e8sia i la incorporaci\u00f3 de tecnologia m\u00e9s precisa per a controlar els fluxos de gas, la qual cosa permet treballar amb menors quantitats i millorar l&#8217;efici\u00e8ncia.<\/p>\n\n\n\n<p>Tamb\u00e9 s&#8217;han implantat sistemes per a monitorar la profunditat anest\u00e8sica en tots els quir\u00f2fans i s&#8217;han adquirit noves estacions d&#8217;anest\u00e8sia. D&#8217;aquesta manera, es disposa d&#8217;un sistema d&#8217;extracci\u00f3 passiva de gasos amb l&#8217;acoble d&#8217;un cartutx absorbent que captura els vapors anest\u00e8sics de sevoflurano i desflurano abans del seu alliberament a l&#8217;atmosfera.<\/p>\n\n\n\n<p>Finalment, s&#8217;ha ampliat l&#8217;\u00fas d&#8217;anest\u00e8sia intravenosa amb sistemes per a ajustar i monitorar l&#8217;efecte hipn\u00f2tic de forma m\u00e9s segura i racional.<\/p>\n\n\n\n<p>Gr\u00e0cies a aquestes mesures, les emissions associades a gasos anest\u00e8sics s&#8217;han redu\u00eft un 49,11% respecte a 2023, amb descensos concrets del 61% en l&#8217;\u00fas d&#8217;\u00f2xid nitr\u00f3s, del 46% en el de desflurano i del 16% en el sevoflurano.<\/p>\n\n\n\n<p>La cap de servei d&#8217;Anestesiologia, \u00c0nima Casasempere, ha assenyalat que \u201caquest projecte evidencia que la sostenibilitat pot integrar-se de manera efectiva en la pr\u00e0ctica assistencial sense comprometre la seguretat ni la qualitat\u201d.<\/p>\n\n\n\n<p>Aquestes actuacions formen part del Pla Estrat\u00e8gic del Departament de Salut de Manises, centrat en el benestar comunitari. En aquest sentit, la gerent del departament, la doctora Beratriz G\u00f3mez, ha destacat que \u201ccuidar de l&#8217;entorn \u00e9s tamb\u00e9 cuidar de la salut de les persones ja que es redueixen els riscos associats al canvi clim\u00e0tic\u201d<\/p>\n\n\n\n<p>El Departament de Salut de Manises presta cobertura i assist\u00e8ncia sanit\u00e0ria, tant ambulat\u00f2ria com domicili\u00e0ria, a m\u00e9s de 216.000 persones de 14 localitats. Aquest departament forma part de l&#8217;Agrupaci\u00f3 Sanit\u00e0ria Interdepartamental Val\u00e8ncia-Oest a la qual tamb\u00e9 pertanyen els departaments de salut Val\u00e8ncia-Hospital General i Requena.<\/p>\n\n\n\n<p>La seua xarxa assistencial est\u00e0 integrada pel propi hospital d&#8217;aguts, nou centres de salut, onze consultoris auxiliars, dos centres d&#8217;especialitats i un centre de salut integrat.<\/p>\n","protected":false},"excerpt":{"rendered":"<div class=\"mh-excerpt\">El Servei d&#8217;Anestesiologia i Reanimaci\u00f3 evoluciona la seua pr\u00e0ctica cl\u00ednica anest\u00e8sica cap a un model basat en l&#8217;anul\u00b7laci\u00f3 de l&#8217;\u00f2xid nitr\u00f3s, un dels gasos amb major impacte ambiental. L&#8217;Hospital Universitari de Manises ha aconseguit reduir <a class=\"mh-excerpt-more\" href=\"https:\/\/www.tucomarca.com\/wordpress\/segunda\/ca\/lhospital-de-manises-redueix-mes-dun-18-les-seues-emissions-de-gasos-defecte-dhivernacle-gracies-a-un-model-danestesia-sostenible\/\" title=\"L&#8217;Hospital de Manises redueix m\u00e9s d&#8217;un 18% les seues emissions de gasos d&#8217;efecte d&#8217;hivernacle gr\u00e0cies a un model d&#8217;anest\u00e8sia sostenible\">[+] <\/a><\/div>\n","protected":false},"author":12,"featured_media":299017,"comment_status":"closed","ping_status":"open","sticky":false,"template":"","format":"standard","meta":{"footnotes":""},"categories":[10892,11010,10894,10904,10912,10903,10896,11047],"tags":[24145,11092],"class_list":{"0":"post-299020","1":"post","2":"type-post","3":"status-publish","4":"format-standard","5":"has-post-thumbnail","7":"category-camp-de-turia-ca","8":"category-canal-salud","9":"category-la-comarca-ca","10":"category-sin-categorizar-ca","11":"category-la-hoya-ca","12":"category-medio-ambiente-la-comarca-ca","13":"category-seccion-ca","14":"category-turis-ca","15":"tag-anestesia-sostenible","16":"tag-hospital-de-manises-ca"},"_links":{"self":[{"href":"https:\/\/www.tucomarca.com\/wordpress\/segunda\/ca\/wp-json\/wp\/v2\/posts\/299020","targetHints":{"allow":["GET"]}}],"collection":[{"href":"https:\/\/www.tucomarca.com\/wordpress\/segunda\/ca\/wp-json\/wp\/v2\/posts"}],"about":[{"href":"https:\/\/www.tucomarca.com\/wordpress\/segunda\/ca\/wp-json\/wp\/v2\/types\/post"}],"author":[{"embeddable":true,"href":"https:\/\/www.tucomarca.com\/wordpress\/segunda\/ca\/wp-json\/wp\/v2\/users\/12"}],"replies":[{"embeddable":true,"href":"https:\/\/www.tucomarca.com\/wordpress\/segunda\/ca\/wp-json\/wp\/v2\/comments?post=299020"}],"version-history":[{"count":0,"href":"https:\/\/www.tucomarca.com\/wordpress\/segunda\/ca\/wp-json\/wp\/v2\/posts\/299020\/revisions"}],"wp:featuredmedia":[{"embeddable":true,"href":"https:\/\/www.tucomarca.com\/wordpress\/segunda\/ca\/wp-json\/wp\/v2\/media\/299017"}],"wp:attachment":[{"href":"https:\/\/www.tucomarca.com\/wordpress\/segunda\/ca\/wp-json\/wp\/v2\/media?parent=299020"}],"wp:term":[{"taxonomy":"category","embeddable":true,"href":"https:\/\/www.tucomarca.com\/wordpress\/segunda\/ca\/wp-json\/wp\/v2\/categories?post=299020"},{"taxonomy":"post_tag","embeddable":true,"href":"https:\/\/www.tucomarca.com\/wordpress\/segunda\/ca\/wp-json\/wp\/v2\/tags?post=299020"}],"curies":[{"name":"wp","href":"https:\/\/api.w.org\/{rel}","templated":true}]}}