{"id":299034,"date":"2026-04-16T11:15:00","date_gmt":"2026-04-16T09:15:00","guid":{"rendered":"https:\/\/www.tucomarca.com\/wordpress\/segunda\/?p=299034"},"modified":"2026-04-16T19:50:30","modified_gmt":"2026-04-16T17:50:30","slug":"casa-47-adjudica-la-redaccio-del-projecte-per-a-la-construccio-de-30-habitatges-destinats-al-lloguer-assequible-a-utiel","status":"publish","type":"post","link":"https:\/\/www.tucomarca.com\/wordpress\/segunda\/ca\/casa-47-adjudica-la-redaccio-del-projecte-per-a-la-construccio-de-30-habitatges-destinats-al-lloguer-assequible-a-utiel\/","title":{"rendered":"CASA 47 adjudica la redacci\u00f3 del projecte per a la construcci\u00f3 de 30 habitatges destinats al lloguer assequible a Utiel"},"content":{"rendered":"\n<h3 class=\"wp-block-heading\">L&#8217;adjudicat\u00e0ria \u00e9s una UTE formada per LOURDES GARC\u00cdA SOGO &amp; ASSOCIATS S.L.P. i MODUS CMESTUDIO S.L.P., per un import de 136.661,40 euros, impostos exclosos.<\/h3>\n\n\n\n<h3 class=\"wp-block-heading\">Es tracta d&#8217;una promoci\u00f3 d&#8217;habitatges situada en la zona residencial denominada \u2018La Celadilla\u2019, en una parcel\u00b7la amb una superf\u00edcie total de 738 metres quadrats.<\/h3>\n\n\n\n<h3 class=\"wp-block-heading\">Aquests habitatges passaran a formar part del parc estatal d&#8217;habitatge assequible de manera permanent.<\/h3>\n\n\n\n<figure class=\"wp-block-image size-large\"><img loading=\"lazy\" decoding=\"async\" width=\"1024\" height=\"686\" src=\"https:\/\/www.tucomarca.com\/wordpress\/segunda\/wp-content\/uploads\/2026\/04\/ProyectoCasasUtielDanab-1024x686.jpeg\" alt=\"\" class=\"wp-image-299029\" srcset=\"https:\/\/www.tucomarca.com\/wordpress\/segunda\/wp-content\/uploads\/2026\/04\/ProyectoCasasUtielDanab-1024x686.jpeg 1024w, https:\/\/www.tucomarca.com\/wordpress\/segunda\/wp-content\/uploads\/2026\/04\/ProyectoCasasUtielDanab-300x201.jpeg 300w, https:\/\/www.tucomarca.com\/wordpress\/segunda\/wp-content\/uploads\/2026\/04\/ProyectoCasasUtielDanab-768x515.jpeg 768w, https:\/\/www.tucomarca.com\/wordpress\/segunda\/wp-content\/uploads\/2026\/04\/ProyectoCasasUtielDanab-1536x1030.jpeg 1536w, https:\/\/www.tucomarca.com\/wordpress\/segunda\/wp-content\/uploads\/2026\/04\/ProyectoCasasUtielDanab-2048x1373.jpeg 2048w\" sizes=\"auto, (max-width: 1024px) 100vw, 1024px\" \/><\/figure>\n\n\n\n<p><\/p>\n\n\n\n<p>Casa 47 Entitat Estatal d&#8217;Habitatge, adscrita al Ministeri d&#8217;Habitatge i Agenda Urbana, ha adjudicat la redacci\u00f3 del projecte d&#8217;edificaci\u00f3 d&#8217;una promoci\u00f3 de 30 habitatges destinats a lloguer assequible a Utiel.<\/p>\n\n\n\n<p>El projecte d&#8217;edificaci\u00f3, en les seues modalitats b\u00e0sic i d&#8217;execuci\u00f3, ha sigut adjudicat a una Uni\u00f3 Temporal d&#8217;Empreses, formada per LOURDES GARC\u00cdA SOGO &amp; ASSOCIATS S.L.P. i MODUS CMESTUDIO S.L.P., per un import de 136.661,40 euros, impostos exclosos.<\/p>\n\n\n\n<p>Es tracta d&#8217;una promoci\u00f3 d&#8217;habitatges situada en la zona residencial denominada \u2018La Celadilla\u2019, concretament en l&#8217;avinguda Tejeda, n\u00fam. 2, en una parcel\u00b7la rectangular amb una superf\u00edcie de 738,33 m\u00b2.<\/p>\n\n\n\n<p><strong>Caracter\u00edstiques del projecte arquitect\u00f2nic<\/strong><\/p>\n\n\n\n<p>L&#8217;edifici compta amb quatre plantes i una coberta plana transitable, que es converteix en espai de trobada i conviv\u00e8ncia de la comunitat.&nbsp;El bloc presenta una obertura en la seua fa\u00e7ana en l&#8217;avinguda Tejeda cap a l&#8217;\u00e0rea enjardinada, potenciada per la seua orientaci\u00f3 sud-oest, que afavoreix la seua integraci\u00f3 visual i ambiental amb l&#8217;entorn, sent aquest el punt d&#8217;acc\u00e9s a l&#8217;edificaci\u00f3.<\/p>\n\n\n\n<p>L&#8217;estructura de la planta baixa facilita la circulaci\u00f3 central al llarg de l&#8217;eix longitudinal de l&#8217;edifici, que permet que aquest espai puga il\u00b7luminar-se i ventilar-se de manera natural, amb uns patis verticals que recorren el volum des de la coberta fins a la planta baixa, amb entrada de llum i aire a l&#8217;interior de l&#8217;edifici.<\/p>\n\n\n\n<p>D&#8217;aquesta manera, els habitatges s&#8217;articulen entorn d&#8217;aquest eix central i a cadascuna de les fa\u00e7anes longitudinals, que faciliten l&#8217;habitabilitat dels espais interiors i garanteixen que totes elles disposen de ventilaci\u00f3 creuada a trav\u00e9s dels patis generats.<\/p>\n\n\n\n<p><strong>Habitatge assequible i protegit per sempre<\/strong><\/p>\n\n\n\n<p>Aquests habitatges, projectades en un dels municipis afectats per la dana, passaran a formar part del parc estatal d&#8217;habitatge assequible de manera permanent. Un parc gestionat per l&#8217;entitat estatal d&#8217;habitatge Casa 47, que actuar\u00e0 en el cicle residencial complet des de la disposici\u00f3 i urbanitzaci\u00f3 dels s\u00f2ls fins a l&#8217;edificaci\u00f3, lliurament de claus i gesti\u00f3 dels habitatges amb l&#8217;objectiu de garantir l&#8217;acc\u00e9s a un habitatge digne per a tota la ciutadania.<\/p>\n","protected":false},"excerpt":{"rendered":"<div class=\"mh-excerpt\">L&#8217;adjudicat\u00e0ria \u00e9s una UTE formada per LOURDES GARC\u00cdA SOGO &amp; ASSOCIATS S.L.P. i MODUS CMESTUDIO S.L.P., per un import de 136.661,40 euros, impostos exclosos. Es tracta d&#8217;una promoci\u00f3 d&#8217;habitatges situada en la zona residencial denominada <a class=\"mh-excerpt-more\" href=\"https:\/\/www.tucomarca.com\/wordpress\/segunda\/ca\/casa-47-adjudica-la-redaccio-del-projecte-per-a-la-construccio-de-30-habitatges-destinats-al-lloguer-assequible-a-utiel\/\" title=\"CASA 47 adjudica la redacci\u00f3 del projecte per a la construcci\u00f3 de 30 habitatges destinats al lloguer assequible a Utiel\">[+] <\/a><\/div>\n","protected":false},"author":1,"featured_media":299030,"comment_status":"closed","ping_status":"open","sticky":false,"template":"","format":"standard","meta":{"footnotes":""},"categories":[21466,10898,10948,10894,10904,10903,10947,10909,10896,10897,11059],"tags":[15409,10910,11174],"class_list":{"0":"post-299034","1":"post","2":"type-post","3":"status-publish","4":"format-standard","5":"has-post-thumbnail","7":"category-dana-ca","8":"category-ventana-ca","9":"category-infraestructuras-ca","10":"category-la-comarca-ca","11":"category-sin-categorizar-ca","12":"category-medio-ambiente-la-comarca-ca","13":"category-politica","14":"category-requena-utiel-ca","15":"category-seccion-ca","16":"category-sucesos-la-comarca-ca","17":"category-utiel-ca","18":"tag-dana-2-ca","19":"tag-requena-utiel-ca","20":"tag-utiel-ca"},"_links":{"self":[{"href":"https:\/\/www.tucomarca.com\/wordpress\/segunda\/ca\/wp-json\/wp\/v2\/posts\/299034","targetHints":{"allow":["GET"]}}],"collection":[{"href":"https:\/\/www.tucomarca.com\/wordpress\/segunda\/ca\/wp-json\/wp\/v2\/posts"}],"about":[{"href":"https:\/\/www.tucomarca.com\/wordpress\/segunda\/ca\/wp-json\/wp\/v2\/types\/post"}],"author":[{"embeddable":true,"href":"https:\/\/www.tucomarca.com\/wordpress\/segunda\/ca\/wp-json\/wp\/v2\/users\/1"}],"replies":[{"embeddable":true,"href":"https:\/\/www.tucomarca.com\/wordpress\/segunda\/ca\/wp-json\/wp\/v2\/comments?post=299034"}],"version-history":[{"count":0,"href":"https:\/\/www.tucomarca.com\/wordpress\/segunda\/ca\/wp-json\/wp\/v2\/posts\/299034\/revisions"}],"wp:featuredmedia":[{"embeddable":true,"href":"https:\/\/www.tucomarca.com\/wordpress\/segunda\/ca\/wp-json\/wp\/v2\/media\/299030"}],"wp:attachment":[{"href":"https:\/\/www.tucomarca.com\/wordpress\/segunda\/ca\/wp-json\/wp\/v2\/media?parent=299034"}],"wp:term":[{"taxonomy":"category","embeddable":true,"href":"https:\/\/www.tucomarca.com\/wordpress\/segunda\/ca\/wp-json\/wp\/v2\/categories?post=299034"},{"taxonomy":"post_tag","embeddable":true,"href":"https:\/\/www.tucomarca.com\/wordpress\/segunda\/ca\/wp-json\/wp\/v2\/tags?post=299034"}],"curies":[{"name":"wp","href":"https:\/\/api.w.org\/{rel}","templated":true}]}}