{"id":299035,"date":"2026-04-16T10:05:00","date_gmt":"2026-04-16T08:05:00","guid":{"rendered":"https:\/\/www.tucomarca.com\/wordpress\/segunda\/?p=299035"},"modified":"2026-04-16T19:54:21","modified_gmt":"2026-04-16T17:54:21","slug":"caixa-rural-torrent-celebra-la-v-edicio-de-la-carrera-escolar","status":"publish","type":"post","link":"https:\/\/www.tucomarca.com\/wordpress\/segunda\/ca\/caixa-rural-torrent-celebra-la-v-edicio-de-la-carrera-escolar\/","title":{"rendered":"Caixa Rural Torrent celebra la V edici\u00f3 de la Carrera Escolar"},"content":{"rendered":"\n<p>Diumenge que ve, 26 d&#8217;abril, tindr\u00e0 lloc la V edici\u00f3 de la Carrera Escolar organitzada per la Fundaci\u00f3 Caixa Rural Torrent. Les proves s&#8217;iniciaran a les 10 hores des de l&#8217;avinguda Al Vedat i les dist\u00e0ncies variaran en funci\u00f3 de la categoria.<\/p>\n\n\n\n<p>Les proves s&#8217;han organitzat per grups d&#8217;edat dels participants, nascuts entre els anys 2014 i 2021, en quatre categories querub\u00ed, prebenjam\u00ed, benjam\u00ed i alev\u00ed.<\/p>\n\n\n\n<p>Una vegada finalitzades les carreres es dur\u00e0 a terme el lliurament de trofeus als tres primers classificats de cada categoria, tant en la modalitat masculina com femenina. Tots els corredors entraran en el sorteig d&#8217;una tauleta i una bicicleta. A m\u00e9s, els tres col\u00b7legis amb major n\u00famero d&#8217;inscrits rebran un premi de 100 euros en material esportiu.<\/p>\n\n\n\n<p>Les inscripcions es poden realitzar a trav\u00e9s de la web: www.cronorunner.es, i tamb\u00e9 es podran fer el mateix dia de la carrera.<\/p>\n","protected":false},"excerpt":{"rendered":"<div class=\"mh-excerpt\">Diumenge que ve, 26 d&#8217;abril, tindr\u00e0 lloc la V edici\u00f3 de la Carrera Escolar organitzada per la Fundaci\u00f3 Caixa Rural Torrent. Les proves s&#8217;iniciaran a les 10 hores des de l&#8217;avinguda Al Vedat i les <a class=\"mh-excerpt-more\" href=\"https:\/\/www.tucomarca.com\/wordpress\/segunda\/ca\/caixa-rural-torrent-celebra-la-v-edicio-de-la-carrera-escolar\/\" title=\"Caixa Rural Torrent celebra la V edici\u00f3 de la Carrera Escolar\">[+] <\/a><\/div>\n","protected":false},"author":12,"featured_media":299032,"comment_status":"closed","ping_status":"open","sticky":false,"template":"","format":"standard","meta":{"footnotes":""},"categories":[11019,11018,11003,10894,10904,10896],"tags":[13905,20015,18198],"class_list":{"0":"post-299035","1":"post","2":"type-post","3":"status-publish","4":"format-standard","5":"has-post-thumbnail","7":"category-agenda-ca","8":"category-atletisme","9":"category-sports","10":"category-la-comarca-ca","11":"category-sin-categorizar-ca","12":"category-seccion-ca","13":"tag-caixa-rural-torrent-ca","14":"tag-carrera-escolar-ca","15":"tag-grupo-cajamar-ca"},"_links":{"self":[{"href":"https:\/\/www.tucomarca.com\/wordpress\/segunda\/ca\/wp-json\/wp\/v2\/posts\/299035","targetHints":{"allow":["GET"]}}],"collection":[{"href":"https:\/\/www.tucomarca.com\/wordpress\/segunda\/ca\/wp-json\/wp\/v2\/posts"}],"about":[{"href":"https:\/\/www.tucomarca.com\/wordpress\/segunda\/ca\/wp-json\/wp\/v2\/types\/post"}],"author":[{"embeddable":true,"href":"https:\/\/www.tucomarca.com\/wordpress\/segunda\/ca\/wp-json\/wp\/v2\/users\/12"}],"replies":[{"embeddable":true,"href":"https:\/\/www.tucomarca.com\/wordpress\/segunda\/ca\/wp-json\/wp\/v2\/comments?post=299035"}],"version-history":[{"count":0,"href":"https:\/\/www.tucomarca.com\/wordpress\/segunda\/ca\/wp-json\/wp\/v2\/posts\/299035\/revisions"}],"wp:featuredmedia":[{"embeddable":true,"href":"https:\/\/www.tucomarca.com\/wordpress\/segunda\/ca\/wp-json\/wp\/v2\/media\/299032"}],"wp:attachment":[{"href":"https:\/\/www.tucomarca.com\/wordpress\/segunda\/ca\/wp-json\/wp\/v2\/media?parent=299035"}],"wp:term":[{"taxonomy":"category","embeddable":true,"href":"https:\/\/www.tucomarca.com\/wordpress\/segunda\/ca\/wp-json\/wp\/v2\/categories?post=299035"},{"taxonomy":"post_tag","embeddable":true,"href":"https:\/\/www.tucomarca.com\/wordpress\/segunda\/ca\/wp-json\/wp\/v2\/tags?post=299035"}],"curies":[{"name":"wp","href":"https:\/\/api.w.org\/{rel}","templated":true}]}}