{"id":299044,"date":"2026-04-16T12:15:00","date_gmt":"2026-04-16T10:15:00","guid":{"rendered":"https:\/\/www.tucomarca.com\/wordpress\/segunda\/?p=299044"},"modified":"2026-04-16T20:13:03","modified_gmt":"2026-04-16T18:13:03","slug":"la-guardia-civil-dete-a-aiora-a-lautor-de-sis-delictes-comesos-a-les-provincies-dalbacete-i-valencia","status":"publish","type":"post","link":"https:\/\/www.tucomarca.com\/wordpress\/segunda\/ca\/la-guardia-civil-dete-a-aiora-a-lautor-de-sis-delictes-comesos-a-les-provincies-dalbacete-i-valencia\/","title":{"rendered":"La Gu\u00e0rdia Civil det\u00e9 a Aiora a l&#8217;autor de sis delictes comesos a les prov\u00edncies d&#8217;Albacete i Val\u00e8ncia"},"content":{"rendered":"\n<h3 class=\"wp-block-heading\">El detingut va sostraure de l&#8217;interior d&#8217;un vehicle el comandament a dist\u00e0ncia d&#8217;un habitatge de la qual va sostraure diversos efectes mentre els habitants dormien.<\/h3>\n\n\n\n<h3 class=\"wp-block-heading\">La col\u00b7laboraci\u00f3 entre la Gu\u00e0rdia Civil i la Policia Local d&#8217;Aiora ha perm\u00e9s identificar i detindre a l&#8217;autor dels il\u00b7l\u00edcits penals.<\/h3>\n\n\n\n<p>Efectius de la Gu\u00e0rdia Civil han detingut a un home, de 29 anys d&#8217;edat, ve\u00ed de la localitat valenciana d&#8217;Aiora, com a presumpte autor d&#8217;un delicte de sostracci\u00f3 de vehicle, tres delictes de robatoris amb for\u00e7a en les coses i dos delictes de furt en interior de vehicles.<\/p>\n\n\n\n<p>La Gu\u00e0rdia Civil d&#8217;Alatoz va arreplegar la den\u00fancia d&#8217;un ve\u00ed d&#8217;eixa mateixa localitat en la qual manifestava haver patit un robatori a l&#8217;interior del seu domicili mentre ell i la seua fam\u00edlia dormien, trobant a faltar diversos efectes personals. En la seua manifestaci\u00f3 afirmava haver-se deixat el vehicle obert a la porta del seu habitatge i, que possiblement els autors trobaven en comandament a dist\u00e0ncia del garatge i fora el lloc per on van accedir a l&#8217;immoble.<\/p>\n\n\n\n<p>La inspecci\u00f3 ocular realitzada per la Gu\u00e0rdia Civil en l&#8217;habitatge va corroborar els fets al no trobar for\u00e7ada cap via d&#8217;acc\u00e9s a l&#8217;habitatge, al que es va sumar que el seu fill tirava tamb\u00e9 en falta diversos objectes personals que es trobaven a l&#8217;interior de l&#8217;autom\u00f2bil.<\/p>\n\n\n\n<p>Mentre es realitzaven diferents perquisicions per a esclarir aquest robatori, es va tindre coneixement de la sostracci\u00f3 d&#8217;un vehicle, la mateixa nit, en la pr\u00f2xima localitat valenciana d&#8217;Aiora, a m\u00e9s de la comissi\u00f3 de dos furts d&#8217;efectes a l&#8217;interior de diversos vehicles estacionats als carrers de la tamb\u00e9 pr\u00f2xima poblaci\u00f3 d&#8217;Alcal\u00e1 del J\u00facar.<\/p>\n\n\n\n<p>Analitzats tots aquests fets, la Gu\u00e0rdia Civil d&#8217;Alatoz va establir un nexe d&#8217;uni\u00f3 entre ells, sol\u00b7licitant la col\u00b7laboraci\u00f3 de la Gu\u00e0rdia Civil i Policia Local d&#8217;Aiora ja que les investigacions apuntaven al fet que l&#8217;autor poguera residir all\u00ed, en sostraure primerament un vehicle en eixa poblaci\u00f3 amb el qual es va despla\u00e7ar a Alatoz i Alcal\u00e1 del J\u00facar, per a despr\u00e9s abandonar-lo novament a Aiora.<\/p>\n\n\n\n<p>Fruit d&#8217;aquesta col\u00b7laboraci\u00f3 es va aconseguir sorprendre el que m\u00e9s tard va resultar ser l&#8217;autor dels delictes investigats quan portava diversos objectes i peces de vestir de dubtosa proced\u00e8ncia, que m\u00e9s tard van ser identificades plenament pels denunciants, als quals els finalment els van ser retornades.<\/p>\n\n\n\n<p><strong>Sis fets delictius esclarits<\/strong><\/p>\n\n\n\n<p>La detenci\u00f3 d&#8217;aquesta persona ha perm\u00e9s esclarir un total de sis fets delictius; un robatori amb for\u00e7a i dos furts comesos a Alatoz, dos robatoris amb for\u00e7a a Alcal\u00e1 del J\u00facar i la sostracci\u00f3 d&#8217;un vehicle a Aiora que ja ha sigut recuperat i entregat al seu leg\u00edtim propietari.<\/p>\n\n\n\n<p>Durant les actuacions, que van concloure amb la detenci\u00f3 de l&#8217;autor de delictes investigats, han participat efectius de la Gu\u00e0rdia Civil d&#8217;Alatoz, de l&#8217;equip ROCA de la Gu\u00e0rdia Civil de Casas Ib\u00e1\u00f1ez, del Lloc de la Benem\u00e8rita d&#8217;Aiora, aix\u00ed com tamb\u00e9 components de la Policia Local ayorina.<\/p>\n\n\n\n<p>Aix\u00ed mateix s&#8217;ha recuperat i entregat igualment als seus propietaris la quasi totalitat dels efectes sostrets, entre ells roba de vestir i treball, un rellotge, una cartera, un malet\u00ed amb eines de treball, i el comandament a dist\u00e0ncia de l&#8217;habitatge on va cometre un dels robatoris, entre altres.<\/p>\n\n\n\n<p>Les dilig\u00e8ncies policials instru\u00efdes pels fets han sigut posades a la disposici\u00f3 de les Seccions d&#8217;Instrucci\u00f3 dels Tribunals d&#8217;Inst\u00e0ncia d&#8217;Aiora i Almansa que han entesos de les actuacions.<\/p>\n","protected":false},"excerpt":{"rendered":"<div class=\"mh-excerpt\">El detingut va sostraure de l&#8217;interior d&#8217;un vehicle el comandament a dist\u00e0ncia d&#8217;un habitatge de la qual va sostraure diversos efectes mentre els habitants dormien. La col\u00b7laboraci\u00f3 entre la Gu\u00e0rdia Civil i la Policia Local <a class=\"mh-excerpt-more\" href=\"https:\/\/www.tucomarca.com\/wordpress\/segunda\/ca\/la-guardia-civil-dete-a-aiora-a-lautor-de-sis-delictes-comesos-a-les-provincies-dalbacete-i-valencia\/\" title=\"La Gu\u00e0rdia Civil det\u00e9 a Aiora a l&#8217;autor de sis delictes comesos a les prov\u00edncies d&#8217;Albacete i Val\u00e8ncia\">[+] <\/a><\/div>\n","protected":false},"author":1,"featured_media":237690,"comment_status":"closed","ping_status":"open","sticky":false,"template":"","format":"standard","meta":{"footnotes":""},"categories":[10954,10951,10898,10894,10904,10896,10897],"tags":[11216,11118],"class_list":{"0":"post-299044","1":"post","2":"type-post","3":"status-publish","4":"format-standard","5":"has-post-thumbnail","7":"category-ayora-ca","8":"category-ayora-cofrentes-ca","9":"category-ventana-ca","10":"category-la-comarca-ca","11":"category-sin-categorizar-ca","12":"category-seccion-ca","13":"category-sucesos-la-comarca-ca","14":"tag-ayora-cofrentes-ca","15":"tag-guardia-civil-ca"},"_links":{"self":[{"href":"https:\/\/www.tucomarca.com\/wordpress\/segunda\/ca\/wp-json\/wp\/v2\/posts\/299044","targetHints":{"allow":["GET"]}}],"collection":[{"href":"https:\/\/www.tucomarca.com\/wordpress\/segunda\/ca\/wp-json\/wp\/v2\/posts"}],"about":[{"href":"https:\/\/www.tucomarca.com\/wordpress\/segunda\/ca\/wp-json\/wp\/v2\/types\/post"}],"author":[{"embeddable":true,"href":"https:\/\/www.tucomarca.com\/wordpress\/segunda\/ca\/wp-json\/wp\/v2\/users\/1"}],"replies":[{"embeddable":true,"href":"https:\/\/www.tucomarca.com\/wordpress\/segunda\/ca\/wp-json\/wp\/v2\/comments?post=299044"}],"version-history":[{"count":0,"href":"https:\/\/www.tucomarca.com\/wordpress\/segunda\/ca\/wp-json\/wp\/v2\/posts\/299044\/revisions"}],"wp:featuredmedia":[{"embeddable":true,"href":"https:\/\/www.tucomarca.com\/wordpress\/segunda\/ca\/wp-json\/wp\/v2\/media\/237690"}],"wp:attachment":[{"href":"https:\/\/www.tucomarca.com\/wordpress\/segunda\/ca\/wp-json\/wp\/v2\/media?parent=299044"}],"wp:term":[{"taxonomy":"category","embeddable":true,"href":"https:\/\/www.tucomarca.com\/wordpress\/segunda\/ca\/wp-json\/wp\/v2\/categories?post=299044"},{"taxonomy":"post_tag","embeddable":true,"href":"https:\/\/www.tucomarca.com\/wordpress\/segunda\/ca\/wp-json\/wp\/v2\/tags?post=299044"}],"curies":[{"name":"wp","href":"https:\/\/api.w.org\/{rel}","templated":true}]}}