{"id":299052,"date":"2026-04-17T11:00:00","date_gmt":"2026-04-17T09:00:00","guid":{"rendered":"https:\/\/www.tucomarca.com\/wordpress\/segunda\/julia-alis-braquessac-sera-la-reina-de-las-fiestas-de-bunol-2026-27\/"},"modified":"2026-04-17T15:11:08","modified_gmt":"2026-04-17T13:11:08","slug":"julia-alis-braquessac-sera-la-reina-de-las-fiestas-de-bunol-2026-27","status":"publish","type":"post","link":"https:\/\/www.tucomarca.com\/wordpress\/segunda\/ca\/julia-alis-braquessac-sera-la-reina-de-las-fiestas-de-bunol-2026-27\/","title":{"rendered":"J\u00falia Al\u00eds Braquessac ser\u00e0 la Reina de les Festes de Bunyol 2026-27"},"content":{"rendered":"<div class=\"wp-block-image\">\n<figure class=\"alignleft size-large is-resized\"><img loading=\"lazy\" decoding=\"async\" width=\"768\" height=\"1024\" src=\"https:\/\/www.tucomarca.com\/wordpress\/segunda\/wp-content\/uploads\/2026\/04\/JuliaAlis2-768x1024.jpg\" alt=\"\" class=\"wp-image-298773\" style=\"width:367px;height:auto\" srcset=\"https:\/\/www.tucomarca.com\/wordpress\/segunda\/wp-content\/uploads\/2026\/04\/JuliaAlis2-768x1023.jpg 768w, https:\/\/www.tucomarca.com\/wordpress\/segunda\/wp-content\/uploads\/2026\/04\/JuliaAlis2-225x300.jpg 225w, https:\/\/www.tucomarca.com\/wordpress\/segunda\/wp-content\/uploads\/2026\/04\/JuliaAlis2.jpg 875w\" sizes=\"auto, (max-width: 768px) 100vw, 768px\" \/><\/figure>\n<\/div>\n\n\n<p>Una vegada tancat el termini de presentaci\u00f3 de sol\u00b7licituds per a ser Reina\/Rei de les Festes de Bunyol, es confirma des de la regidoria de Festes que Bunyol que ja t\u00e9 Reina per a 2026-27, i que ser\u00e0 la jove J\u00falia Al\u00eds Braquessac.<\/p>\n","protected":false},"excerpt":{"rendered":"<div class=\"mh-excerpt\">Una vegada tancat el termini de presentaci\u00f3 de sol\u00b7licituds per a ser Reina\/Rei de les Festes de Bunyol, es confirma des de la regidoria de Festes que Bunyol que ja t\u00e9 Reina per a 2026-27, <a class=\"mh-excerpt-more\" href=\"https:\/\/www.tucomarca.com\/wordpress\/segunda\/ca\/julia-alis-braquessac-sera-la-reina-de-las-fiestas-de-bunol-2026-27\/\" title=\"J\u00falia Al\u00eds Braquessac ser\u00e0 la Reina de les Festes de Bunyol 2026-27\">[+] <\/a><\/div>\n","protected":false},"author":12,"featured_media":298776,"comment_status":"closed","ping_status":"open","sticky":false,"template":"","format":"standard","meta":{"footnotes":""},"categories":[10911,10894,10912,11007,10896],"tags":[10913,10914,24147],"class_list":{"0":"post-299052","1":"post","2":"type-post","3":"status-publish","4":"format-standard","5":"has-post-thumbnail","7":"category-bunol-ca","8":"category-la-comarca-ca","9":"category-la-hoya-ca","10":"category-ocio-y-cultura-ca","11":"category-seccion-ca","12":"tag-bunol-ca","13":"tag-la-hoya-de-bunol-chiva-ca","14":"tag-reina-de-las-fiestas-2026-27"},"_links":{"self":[{"href":"https:\/\/www.tucomarca.com\/wordpress\/segunda\/ca\/wp-json\/wp\/v2\/posts\/299052","targetHints":{"allow":["GET"]}}],"collection":[{"href":"https:\/\/www.tucomarca.com\/wordpress\/segunda\/ca\/wp-json\/wp\/v2\/posts"}],"about":[{"href":"https:\/\/www.tucomarca.com\/wordpress\/segunda\/ca\/wp-json\/wp\/v2\/types\/post"}],"author":[{"embeddable":true,"href":"https:\/\/www.tucomarca.com\/wordpress\/segunda\/ca\/wp-json\/wp\/v2\/users\/12"}],"replies":[{"embeddable":true,"href":"https:\/\/www.tucomarca.com\/wordpress\/segunda\/ca\/wp-json\/wp\/v2\/comments?post=299052"}],"version-history":[{"count":0,"href":"https:\/\/www.tucomarca.com\/wordpress\/segunda\/ca\/wp-json\/wp\/v2\/posts\/299052\/revisions"}],"wp:featuredmedia":[{"embeddable":true,"href":"https:\/\/www.tucomarca.com\/wordpress\/segunda\/ca\/wp-json\/wp\/v2\/media\/298776"}],"wp:attachment":[{"href":"https:\/\/www.tucomarca.com\/wordpress\/segunda\/ca\/wp-json\/wp\/v2\/media?parent=299052"}],"wp:term":[{"taxonomy":"category","embeddable":true,"href":"https:\/\/www.tucomarca.com\/wordpress\/segunda\/ca\/wp-json\/wp\/v2\/categories?post=299052"},{"taxonomy":"post_tag","embeddable":true,"href":"https:\/\/www.tucomarca.com\/wordpress\/segunda\/ca\/wp-json\/wp\/v2\/tags?post=299052"}],"curies":[{"name":"wp","href":"https:\/\/api.w.org\/{rel}","templated":true}]}}