{"id":299076,"date":"2026-04-18T10:30:00","date_gmt":"2026-04-18T08:30:00","guid":{"rendered":"https:\/\/www.tucomarca.com\/wordpress\/segunda\/?p=299076"},"modified":"2026-04-18T11:24:22","modified_gmt":"2026-04-18T09:24:22","slug":"nando-pastor-enfront-de-linfern-fiscal-de-sanchez-ja-som-lautonomia-que-mes-ajuda-a-la-butxaca-dels-seus-ciutadans","status":"publish","type":"post","link":"https:\/\/www.tucomarca.com\/wordpress\/segunda\/ca\/nando-pastor-enfront-de-linfern-fiscal-de-sanchez-ja-som-lautonomia-que-mes-ajuda-a-la-butxaca-dels-seus-ciutadans\/","title":{"rendered":"Nando Pastor:\u00a0&#8220;Enfront de l&#8217;infern fiscal de S\u00e1nchez ja som \u00a0l&#8217;autonomia que m\u00e9s ajuda a la butxaca dels seus ciutadans&#8221;"},"content":{"rendered":"\n<p>El portaveu del Grup Parlamentari Popular en les Corts, Fernando Pastor i els diputats Elena Bastidas, Mari Carmen Contelles i Jos\u00e9 For\u00e9s han mantingut diverses reunions amb ciutadans i comerciants del municipi per a explicar-los personalment, les deduccions fiscals de les quals es poden beneficiar en l&#8217;actual campanya de la Renda. Al llarg de la jornada la comitiva ha visitat un centre d&#8217;atenci\u00f3 a malalts d&#8217;Alzheimer i diferents establiments com a \u00f2ptiques, gimnasos, cl\u00edniques dentals i de venda d&#8217;instruments musicals.<\/p>\n\n\n\n<p>En declaracions als mitjans, el sindique popular ha destacat com &#8220;hem passat, de ser en 2023, fa tan sols dos anys i mig, la comunitat on major pressi\u00f3 fiscal havia d&#8217;Espanya a ser la comunitat que encap\u00e7ala el r\u00e0nquing nacional de deduccions i a un del PP li satisf\u00e0 i li ompli d&#8217;orgull poder vindre Alzira a dir-ho aix\u00ed de clar&#8221;.&nbsp;&nbsp;Del mili\u00f3 de beneficiar-vos en tota la Comunitat &#8220;gran part d&#8217;ells s\u00f3n fam\u00edlies d&#8217;Alzira i de la Ribera que en aquest moment estiguen percebent rendes entre 0\u20ac i 60.000\u20ac&#8221;.&nbsp; Cal recordar que nom\u00e9s les deduccions de salut bucodental, visual, esport i salut mental suposen 550 euros d&#8217;estalvi, de 700 euros si a m\u00e9s s&#8217;\u00e9s m\u00fasic o de fins a 1.000 euros &#8220;si parlem de malalties rares, cr\u00f2niques, Alzheimer o dany cerebral adquirit&#8221;<\/p>\n\n\n\n<p>Per a la ex alcaldessa d&#8217;Alzira i portaveu de Pol\u00edtica Social del Grup Parlamentari Popular en les Corts Elena Bastidas &#8220;estem davant dos models antag\u00f2nics: El de l&#8217;infern fiscal de S\u00e1nchez basat a espr\u00e9mer les butxaques dels contribuents -cada llar paga de mitjana 1.657 euros m\u00e9s a l&#8217;any en impostos des que \u00e9s president- a la pol\u00edtica \u00fatil que \u00e9s la de baixar impostos i protegir als qui m\u00e9s ho necessiten&#8221;.&nbsp;Enguany, un mili\u00f3 de valencians pagaran menys imposats, la qual cosa demostra&nbsp;&#8220;que \u00e9s possible alleujar la pressi\u00f3 fiscal i ajudar a les fam\u00edlies enfront d&#8217;una inflaci\u00f3 que S\u00e1nchez no ha sabut controlar amb una cistella de la compra que s&#8217;ha encarit un 34.1% en els \u00faltims 5 anys&#8221;&nbsp;ha concl\u00f2s.<\/p>\n\n\n\n<p>Pel que respecta al retard de la AEAT a activar les caselles de deduccions de Castella-la Manxa i Comunitat Valenciana la portaveu d&#8217;Economia del GPP en les Corts, Mari Carmen Contelles, ha qualificat com a&nbsp;&#8220;demencial que els contribuents valencians hagen estat m\u00e9s d&#8217;una setmana sense poder aplicar-les per la lentitud del Ministeri d&#8217;Hisenda&#8221;.&nbsp; No obstant aix\u00f2, la diputada ha fet una crida a la calma d&#8217;aquelles persones que ja hagen presentat la declaraci\u00f3, assenyalant que&nbsp;&#8220;poden fer una correcci\u00f3 d&#8217;aquesta i aplicar-se aix\u00ed les deduccions&#8221;.<\/p>\n\n\n\n<p><\/p>\n\n\n\n<figure class=\"wp-block-gallery has-nested-images columns-2 is-cropped wp-block-gallery-1 is-layout-flex wp-block-gallery-is-layout-flex\">\n<figure class=\"wp-block-image size-large\"><img loading=\"lazy\" decoding=\"async\" width=\"1024\" height=\"682\" data-id=\"299073\" src=\"https:\/\/www.tucomarca.com\/wordpress\/segunda\/wp-content\/uploads\/2026\/04\/AlziraNandoPP4-1024x682.jpeg\" alt=\"\" class=\"wp-image-299073\" srcset=\"https:\/\/www.tucomarca.com\/wordpress\/segunda\/wp-content\/uploads\/2026\/04\/AlziraNandoPP4-1024x682.jpeg 1024w, https:\/\/www.tucomarca.com\/wordpress\/segunda\/wp-content\/uploads\/2026\/04\/AlziraNandoPP4-300x200.jpeg 300w, https:\/\/www.tucomarca.com\/wordpress\/segunda\/wp-content\/uploads\/2026\/04\/AlziraNandoPP4-768x512.jpeg 768w, https:\/\/www.tucomarca.com\/wordpress\/segunda\/wp-content\/uploads\/2026\/04\/AlziraNandoPP4-1536x1023.jpeg 1536w, https:\/\/www.tucomarca.com\/wordpress\/segunda\/wp-content\/uploads\/2026\/04\/AlziraNandoPP4.jpeg 1600w\" sizes=\"auto, (max-width: 1024px) 100vw, 1024px\" \/><\/figure>\n\n\n\n<figure class=\"wp-block-image size-large\"><img loading=\"lazy\" decoding=\"async\" width=\"1024\" height=\"682\" data-id=\"299071\" src=\"https:\/\/www.tucomarca.com\/wordpress\/segunda\/wp-content\/uploads\/2026\/04\/AlziraNandoPP3-1024x682.jpeg\" alt=\"\" class=\"wp-image-299071\" srcset=\"https:\/\/www.tucomarca.com\/wordpress\/segunda\/wp-content\/uploads\/2026\/04\/AlziraNandoPP3-1024x682.jpeg 1024w, https:\/\/www.tucomarca.com\/wordpress\/segunda\/wp-content\/uploads\/2026\/04\/AlziraNandoPP3-300x200.jpeg 300w, https:\/\/www.tucomarca.com\/wordpress\/segunda\/wp-content\/uploads\/2026\/04\/AlziraNandoPP3-768x512.jpeg 768w, https:\/\/www.tucomarca.com\/wordpress\/segunda\/wp-content\/uploads\/2026\/04\/AlziraNandoPP3-1536x1023.jpeg 1536w, https:\/\/www.tucomarca.com\/wordpress\/segunda\/wp-content\/uploads\/2026\/04\/AlziraNandoPP3.jpeg 1600w\" sizes=\"auto, (max-width: 1024px) 100vw, 1024px\" \/><\/figure>\n\n\n\n<figure class=\"wp-block-image size-large\"><img loading=\"lazy\" decoding=\"async\" width=\"1024\" height=\"682\" data-id=\"299067\" src=\"https:\/\/www.tucomarca.com\/wordpress\/segunda\/wp-content\/uploads\/2026\/04\/AlziraNandoPP-1024x682.jpeg\" alt=\"\" class=\"wp-image-299067\" srcset=\"https:\/\/www.tucomarca.com\/wordpress\/segunda\/wp-content\/uploads\/2026\/04\/AlziraNandoPP-1024x682.jpeg 1024w, https:\/\/www.tucomarca.com\/wordpress\/segunda\/wp-content\/uploads\/2026\/04\/AlziraNandoPP-300x200.jpeg 300w, https:\/\/www.tucomarca.com\/wordpress\/segunda\/wp-content\/uploads\/2026\/04\/AlziraNandoPP-768x512.jpeg 768w, https:\/\/www.tucomarca.com\/wordpress\/segunda\/wp-content\/uploads\/2026\/04\/AlziraNandoPP-1536x1023.jpeg 1536w, https:\/\/www.tucomarca.com\/wordpress\/segunda\/wp-content\/uploads\/2026\/04\/AlziraNandoPP.jpeg 1600w\" sizes=\"auto, (max-width: 1024px) 100vw, 1024px\" \/><\/figure>\n<\/figure>\n","protected":false},"excerpt":{"rendered":"<div class=\"mh-excerpt\">El portaveu del Grup Parlamentari Popular en les Corts, Fernando Pastor i els diputats Elena Bastidas, Mari Carmen Contelles i Jos\u00e9 For\u00e9s han mantingut diverses reunions amb ciutadans i comerciants del municipi per a explicar-los <a class=\"mh-excerpt-more\" href=\"https:\/\/www.tucomarca.com\/wordpress\/segunda\/ca\/nando-pastor-enfront-de-linfern-fiscal-de-sanchez-ja-som-lautonomia-que-mes-ajuda-a-la-butxaca-dels-seus-ciutadans\/\" title=\"Nando Pastor:\u00a0&#8220;Enfront de l&#8217;infern fiscal de S\u00e1nchez ja som \u00a0l&#8217;autonomia que m\u00e9s ajuda a la butxaca dels seus ciutadans&#8221;\">[+] <\/a><\/div>\n","protected":false},"author":1,"featured_media":299070,"comment_status":"closed","ping_status":"open","sticky":false,"template":"","format":"gallery","meta":{"footnotes":""},"categories":[10889,10898,10948,10894,10904,10902,10947,10896],"tags":[11199,11077,11978,11344],"class_list":{"0":"post-299076","1":"post","2":"type-post","3":"status-publish","4":"format-gallery","5":"has-post-thumbnail","7":"category-alzira-cat","8":"category-ventana-ca","9":"category-infraestructuras-ca","10":"category-la-comarca-ca","11":"category-sin-categorizar-ca","12":"category-la-ribera-ca","13":"category-politica","14":"category-seccion-ca","15":"tag-la-comunitat-ca","16":"tag-la-ribera-alta-ca","17":"tag-partido-popular-ca","18":"tag-pp-ca","19":"post_format-post-format-gallery"},"_links":{"self":[{"href":"https:\/\/www.tucomarca.com\/wordpress\/segunda\/ca\/wp-json\/wp\/v2\/posts\/299076","targetHints":{"allow":["GET"]}}],"collection":[{"href":"https:\/\/www.tucomarca.com\/wordpress\/segunda\/ca\/wp-json\/wp\/v2\/posts"}],"about":[{"href":"https:\/\/www.tucomarca.com\/wordpress\/segunda\/ca\/wp-json\/wp\/v2\/types\/post"}],"author":[{"embeddable":true,"href":"https:\/\/www.tucomarca.com\/wordpress\/segunda\/ca\/wp-json\/wp\/v2\/users\/1"}],"replies":[{"embeddable":true,"href":"https:\/\/www.tucomarca.com\/wordpress\/segunda\/ca\/wp-json\/wp\/v2\/comments?post=299076"}],"version-history":[{"count":0,"href":"https:\/\/www.tucomarca.com\/wordpress\/segunda\/ca\/wp-json\/wp\/v2\/posts\/299076\/revisions"}],"wp:featuredmedia":[{"embeddable":true,"href":"https:\/\/www.tucomarca.com\/wordpress\/segunda\/ca\/wp-json\/wp\/v2\/media\/299070"}],"wp:attachment":[{"href":"https:\/\/www.tucomarca.com\/wordpress\/segunda\/ca\/wp-json\/wp\/v2\/media?parent=299076"}],"wp:term":[{"taxonomy":"category","embeddable":true,"href":"https:\/\/www.tucomarca.com\/wordpress\/segunda\/ca\/wp-json\/wp\/v2\/categories?post=299076"},{"taxonomy":"post_tag","embeddable":true,"href":"https:\/\/www.tucomarca.com\/wordpress\/segunda\/ca\/wp-json\/wp\/v2\/tags?post=299076"}],"curies":[{"name":"wp","href":"https:\/\/api.w.org\/{rel}","templated":true}]}}