{"id":299127,"date":"2026-04-18T22:00:00","date_gmt":"2026-04-18T20:00:00","guid":{"rendered":"https:\/\/www.tucomarca.com\/wordpress\/segunda\/?p=299127"},"modified":"2026-04-19T13:18:26","modified_gmt":"2026-04-19T11:18:26","slug":"perez-llorca-exigeix-al-ministeri-dhisenda-que-retorne-als-afectats-per-la-dana-els-diners-tributats-en-la-renda-de-2024","status":"publish","type":"post","link":"https:\/\/www.tucomarca.com\/wordpress\/segunda\/ca\/perez-llorca-exigeix-al-ministeri-dhisenda-que-retorne-als-afectats-per-la-dana-els-diners-tributats-en-la-renda-de-2024\/","title":{"rendered":"P\u00e9rez Llorca exigeix al Ministeri d&#8217;Hisenda que retorne als afectats per la DANA els diners tributats en la renda de 2024"},"content":{"rendered":"\n<h3 class=\"wp-block-heading\">El president afirma que si les ajudes auton\u00f2miques estan exemptes en la renda de 2025 \u201cno pot ni deu produir-se un greuge comparatiu amb aquelles persones que s\u00ed que les van tributar en la renda anterior.<\/h3>\n\n\n\n<h3 class=\"wp-block-heading\">\u201cLes deduccions sociosanit\u00e0ries i esportives alleujaran la c\u00e0rrega fiscal d&#8217;un mili\u00f3 de valencians en q\u00fcestions tan del dia a dia com comprar-se unes ulleres, anar al dentista, al gimn\u00e0s o sufragar les despeses de malalties rares\u201d, ha recordat.<\/h3>\n\n\n\n<p>El president de la Generalitat, Juanfran P\u00e9rez Llorca, ha exigit al Ministeri d&#8217;Hisenda que retorne als afectats per la dana els diners que van tributar en la campanya de la renda de 2024.&nbsp;<\/p>\n\n\n\n<p>En aquest sentit, ha indicat que, si les ajudes auton\u00f2miques estaran exemptes d&#8217;IRPF en la renda de 2025, \u201cno pot ni deu produir-se un greuge comparatiu amb aquelles persones que s\u00ed que van tributar en la renda anterior\u201d.&nbsp;<\/p>\n\n\n\n<p>\u201cSembla l\u00f2gic, doncs, que hi haja una igualtat de condicions i que si les ajudes no tributen en la renda de 2025 tampoc haurien d&#8217;haver-ho fet en la de 2024, per la qual cosa tindria tot el sentit que es reconeguera tamb\u00e9 l&#8217;exempci\u00f3 d&#8217;aquestes\u201d, ha afegit.&nbsp;<\/p>\n\n\n\n<p>El cap del Consell ha incidit en qu\u00e8 si el Govern d&#8217;Espanya ha declarat les ajudes exemptes aquest any \u201csol era q\u00fcesti\u00f3 de voluntat pol\u00edtica fer-lo l&#8217;any anterior\u201d, per la qual cosa ha instat que \u201cfa\u00e7a eixe pas\u201d.&nbsp;<\/p>\n\n\n\n<p>Aix\u00ed mateix, ha lamentat que l&#8217;Ag\u00e8ncia Tribut\u00e0ria (AEAT), organisme adscrit al Ministeri d&#8217;Hisenda, \u201chaja tardat huit dies a activar en el programa Renda Web les caselles per a aplicar les \u00faltimes deduccions fiscals sociosanit\u00e0ries aprovades per la Generalitat, a les quals tenen dret al voltant d&#8217;un mili\u00f3 de valencians, aix\u00ed com les deduccions per formaci\u00f3 musical\u201d.<\/p>\n\n\n\n<p>En aquest sentit, ha criticat un retard que ha perjudicat els valencians i ha recordat que el decret de les deduccions es va publicar el 3 de mar\u00e7, \u201cper la qual cosa considerem que la AEAT podia haver tingut l&#8217;aplicaci\u00f3 inform\u00e0tica preparada per a l&#8217;inici de la campanya\u201d.&nbsp;<\/p>\n\n\n\n<p>En concret, el Diari Oficial de la Generalitat (DOGV) va publicar el Decret llei 1\/2026, de 27 de febrer, del Consell, de modificaci\u00f3 de la Llei 13\/1997, de 23 de desembre, per la qual es regula el tram auton\u00f2mic de l&#8217;impost sobre la renda de les persones f\u00edsiques i restants tributs cedits. Aquest decret reflecteix la modificaci\u00f3 del Consell pel qual s&#8217;ha incrementat per a la Renda de 2025 els llindars de renda fins a 60.000 euros en tributaci\u00f3 individual i 78.000 euros en tributaci\u00f3 conjunta.<\/p>\n\n\n\n<p>\u201cUna vegada que est\u00e0 corregit no podem perdre el focus del realment important, i \u00e9s que aquestes deduccions sociosanit\u00e0ries i esportives alleujaran la c\u00e0rrega fiscal d&#8217;un mili\u00f3 de valencians en q\u00fcestions tan del dia a dia com comprar-se unes ulleres, anar al dentista, al gimn\u00e0s o sufragar les despeses de malalties rares\u201d, ha indicat. A m\u00e9s, ha recordat que les persones que van presentar la declaraci\u00f3 en els primers dies de la renda i no van poder acollir-se a eixes deduccions poden realitzar ara una modificaci\u00f3.&nbsp;<\/p>\n\n\n\n<p>Finalment, P\u00e9rez Llorca ha ressaltat que la Comunitat Valenciana \u201c\u00e9s l&#8217;autonomia amb m\u00e9s deduccions en l&#8217;IRPF, ja que des del Govern valenci\u00e0 s&#8217;est\u00e0 apostant per un model fiscal que alleuge les butxaques de les rendes mitjanes treballadores\u201d.<\/p>\n","protected":false},"excerpt":{"rendered":"<div class=\"mh-excerpt\">El president afirma que si les ajudes auton\u00f2miques estan exemptes en la renda de 2025 \u201cno pot ni deu produir-se un greuge comparatiu amb aquelles persones que s\u00ed que les van tributar en la renda <a class=\"mh-excerpt-more\" href=\"https:\/\/www.tucomarca.com\/wordpress\/segunda\/ca\/perez-llorca-exigeix-al-ministeri-dhisenda-que-retorne-als-afectats-per-la-dana-els-diners-tributats-en-la-renda-de-2024\/\" title=\"P\u00e9rez Llorca exigeix al Ministeri d&#8217;Hisenda que retorne als afectats per la DANA els diners tributats en la renda de 2024\">[+] <\/a><\/div>\n","protected":false},"author":1,"featured_media":298365,"comment_status":"closed","ping_status":"open","sticky":false,"template":"","format":"standard","meta":{"footnotes":""},"categories":[21466,11046,10898,10948,10894,10904,10903,10947,10909,10896,10897],"tags":[15409,23466,11199],"class_list":{"0":"post-299127","1":"post","2":"type-post","3":"status-publish","4":"format-standard","5":"has-post-thumbnail","7":"category-dana-ca","8":"category-los-serranos-ca","9":"category-ventana-ca","10":"category-infraestructuras-ca","11":"category-la-comarca-ca","12":"category-sin-categorizar-ca","13":"category-medio-ambiente-la-comarca-ca","14":"category-politica","15":"category-requena-utiel-ca","16":"category-seccion-ca","17":"category-sucesos-la-comarca-ca","18":"tag-dana-2-ca","19":"tag-juanfran-perez-llorca-ca","20":"tag-la-comunitat-ca"},"_links":{"self":[{"href":"https:\/\/www.tucomarca.com\/wordpress\/segunda\/ca\/wp-json\/wp\/v2\/posts\/299127","targetHints":{"allow":["GET"]}}],"collection":[{"href":"https:\/\/www.tucomarca.com\/wordpress\/segunda\/ca\/wp-json\/wp\/v2\/posts"}],"about":[{"href":"https:\/\/www.tucomarca.com\/wordpress\/segunda\/ca\/wp-json\/wp\/v2\/types\/post"}],"author":[{"embeddable":true,"href":"https:\/\/www.tucomarca.com\/wordpress\/segunda\/ca\/wp-json\/wp\/v2\/users\/1"}],"replies":[{"embeddable":true,"href":"https:\/\/www.tucomarca.com\/wordpress\/segunda\/ca\/wp-json\/wp\/v2\/comments?post=299127"}],"version-history":[{"count":0,"href":"https:\/\/www.tucomarca.com\/wordpress\/segunda\/ca\/wp-json\/wp\/v2\/posts\/299127\/revisions"}],"wp:featuredmedia":[{"embeddable":true,"href":"https:\/\/www.tucomarca.com\/wordpress\/segunda\/ca\/wp-json\/wp\/v2\/media\/298365"}],"wp:attachment":[{"href":"https:\/\/www.tucomarca.com\/wordpress\/segunda\/ca\/wp-json\/wp\/v2\/media?parent=299127"}],"wp:term":[{"taxonomy":"category","embeddable":true,"href":"https:\/\/www.tucomarca.com\/wordpress\/segunda\/ca\/wp-json\/wp\/v2\/categories?post=299127"},{"taxonomy":"post_tag","embeddable":true,"href":"https:\/\/www.tucomarca.com\/wordpress\/segunda\/ca\/wp-json\/wp\/v2\/tags?post=299127"}],"curies":[{"name":"wp","href":"https:\/\/api.w.org\/{rel}","templated":true}]}}