{"id":299140,"date":"2026-04-19T12:00:00","date_gmt":"2026-04-19T10:00:00","guid":{"rendered":"https:\/\/www.tucomarca.com\/wordpress\/segunda\/?p=299140"},"modified":"2026-04-20T18:51:46","modified_gmt":"2026-04-20T16:51:46","slug":"la-diputacio-presenta-a-miami-a-la-provincia-de-valencia-com-el-complement-ideal-al-turisme-de-creuers","status":"publish","type":"post","link":"https:\/\/www.tucomarca.com\/wordpress\/segunda\/ca\/la-diputacio-presenta-a-miami-a-la-provincia-de-valencia-com-el-complement-ideal-al-turisme-de-creuers\/","title":{"rendered":"La Diputaci\u00f3 presenta a Miami a la prov\u00edncia de Val\u00e8ncia com el complement ideal al turisme de creuers\u00a0"},"content":{"rendered":"\n<h3 class=\"wp-block-heading\">El diputat de Turisme, Pedro Cuesta, realitza en la Fira Internacional de Creuers de Miami la presentaci\u00f3 oficial de la prov\u00edncia destacant l&#8217;oferta tur\u00edstica com a \u201csorprenent, original, sostenible, diversificada, molt accessible i de qualitat\u201d.<\/h3>\n\n\n\n<h3 class=\"wp-block-heading\">Esta acci\u00f3 se suma a les reunions mantingudes amb navilieres, operadors i institucions. Tamb\u00e9 s&#8217;han oferit plats t\u00edpics de la gastronomia valenciana com la paella, l&#8217;arr\u00f2s del senyoret i la fideu\u00e0.<\/h3>\n\n\n\n<p>La Diputaci\u00f3 de Val\u00e8ncia, al costat de l&#8217;Autoritat Portu\u00e0ria de Val\u00e8ncia (Valenciaport), ha presentat la prov\u00edncia de Val\u00e8ncia en la fira internacional de creuers de Miami (Seatrade Cruise Global Miami 2026) com una destinaci\u00f3 tur\u00edstica complement\u00e0ria a la ciutat, \u201cpreparat, organitzat i alienat amb els principals agents del sector per a convertir-se en un dest\u00ed de refer\u00e8ncia en l&#8217;\u00e0mbit del turisme de creuers\u201d, segons ha declarat el diputat de Turisme de la corporaci\u00f3 provincial, Pedro Cuesta.<\/p>\n\n\n\n<p>L&#8217;acte oficial, celebrat en l&#8217;estand de Puertos de Espa\u00f1a, ha servit per a mostrar a la ind\u00fastria creuerista internacional la diversitat d&#8217;excursions o experi\u00e8ncies tur\u00edstiques que la prov\u00edncia pot oferir en les seues escales a Val\u00e8ncia i que, segons Pedro Cuesta, componen una oferta \u201cque sorpr\u00e9n, original, sostenible, diversificada, molt accessible i de qualitat, a m\u00e9s d&#8217;alineada amb les actuals tend\u00e8ncies del mercat\u201d, ha destacat el diputat provincial.<\/p>\n\n\n\n<figure class=\"wp-block-gallery has-nested-images columns-default is-cropped wp-block-gallery-1 is-layout-flex wp-block-gallery-is-layout-flex\">\n<figure class=\"wp-block-image size-large\"><img loading=\"lazy\" decoding=\"async\" width=\"945\" height=\"638\" data-id=\"299133\" src=\"https:\/\/www.tucomarca.com\/wordpress\/segunda\/wp-content\/uploads\/2026\/04\/DipuCruceros1.jpeg\" alt=\"\" class=\"wp-image-299133\" srcset=\"https:\/\/www.tucomarca.com\/wordpress\/segunda\/wp-content\/uploads\/2026\/04\/DipuCruceros1.jpeg 945w, https:\/\/www.tucomarca.com\/wordpress\/segunda\/wp-content\/uploads\/2026\/04\/DipuCruceros1-300x203.jpeg 300w, https:\/\/www.tucomarca.com\/wordpress\/segunda\/wp-content\/uploads\/2026\/04\/DipuCruceros1-768x519.jpeg 768w\" sizes=\"auto, (max-width: 945px) 100vw, 945px\" \/><\/figure>\n\n\n\n<figure class=\"wp-block-image size-large\"><img loading=\"lazy\" decoding=\"async\" width=\"945\" height=\"638\" data-id=\"299135\" src=\"https:\/\/www.tucomarca.com\/wordpress\/segunda\/wp-content\/uploads\/2026\/04\/DipuCruceros4.jpeg\" alt=\"\" class=\"wp-image-299135\" srcset=\"https:\/\/www.tucomarca.com\/wordpress\/segunda\/wp-content\/uploads\/2026\/04\/DipuCruceros4.jpeg 945w, https:\/\/www.tucomarca.com\/wordpress\/segunda\/wp-content\/uploads\/2026\/04\/DipuCruceros4-300x203.jpeg 300w, https:\/\/www.tucomarca.com\/wordpress\/segunda\/wp-content\/uploads\/2026\/04\/DipuCruceros4-768x519.jpeg 768w\" sizes=\"auto, (max-width: 945px) 100vw, 945px\" \/><\/figure>\n<\/figure>\n\n\n\n<p><\/p>\n\n\n\n<p>Entre les experi\u00e8ncies i itineraris que ja s&#8217;oferixen als creueristes en municipis de la prov\u00edncia, i que s&#8217;han donat a con\u00e9ixer als assistents, figuren la ruta de l&#8217;aigua per a con\u00e9ixer la naturalesa de l&#8217;interior valenci\u00e0 a Chulilla, la volta al passat visigot amb la proposta de Riba-roja de T\u00faria, l&#8217;adrenalina que desperta el recorregut pel riu T\u00faria en caiac, o la immersi\u00f3 en l&#8217;\u00e8poca romana que oferix Sagunt.&nbsp;<\/p>\n\n\n\n<p>En la presentaci\u00f3 del dest\u00ed \u2018Prov\u00edncia de Val\u00e8ncia\u2019 tamb\u00e9 ha participat Francesca Antonelli, responsable de Creuers i M\u00e0rqueting de Valenciaport, qui ha expressat la seua \u201csatisfacci\u00f3 per participar en la fira de creuers m\u00e9s important del m\u00f3n de la m\u00e0 de la Diputaci\u00f3 de Val\u00e8ncia i poder constatar l&#8217;inter\u00e9s real que tenen els nostres clients, les navilieres, per con\u00e9ixer les meravelles de la prov\u00edncia, ja que molts creueristes s\u00f3n repetidors i ja coneixen la ciutat, per la qual cosa per a ells \u00e9s important diversificar l&#8217;oferta amb diversos tipus d&#8217;experi\u00e8ncies i itineraris\u201d. A m\u00e9s, ha apuntat que aix\u00f2 possibilitar\u00e0 tamb\u00e9 que \u201cm\u00e9s municipis es beneficien de l&#8217;impacte positiu, tant econ\u00f2mic com de promoci\u00f3, que donen els creuers\u201d.<\/p>\n\n\n\n<p>Pr\u00e8viament, Pedro Cuesta ha assistit al desdejuni de treball amb Turespa\u00f1a celebrat al Jard\u00ed Bot\u00e0nic local, esdeveniment que se suma a les diferents reunions que han mantingut les delegacions de la Diputaci\u00f3 i Valenciaport tamb\u00e9 amb operadors, navilieres i representants institucionals -com el president de Puertos del Estado, Gustavo Santana- durant els tres dies del certamen, amb l&#8217;objectiu de posicionar el valor de la prov\u00edncia i el port de Val\u00e8ncia com a escala estrat\u00e8gica del turisme de creuers, quant a infraestructures, sostenibilitat i servicis.<\/p>\n\n\n\n<p><strong>Promoci\u00f3 experiencial&nbsp;<\/strong><\/p>\n\n\n\n<p>La presentaci\u00f3 t\u00e8cnica en el recinte firal s&#8217;ha complementat amb una acci\u00f3 promocional en l&#8217;ARLO Hotel-Wynwood dirigida a representants de la ind\u00fastria creuerista i centrada en la gastronomia valenciana, en la qual s&#8217;han elaborat i degustat plats tradicionals maridados amb vins i caves de la prov\u00edncia de Val\u00e8ncia, per a \u201ccomptar el dest\u00ed amb els sentits, que \u00e9s com s&#8217;ent\u00e9n de manera completa la nostra prov\u00edncia\u201d, ha manifestat el diputat de Turisme.<\/p>\n\n\n\n<p>El xef Paco Parre\u00f1o ha sigut l&#8217;encarregat d&#8217;elaborar la paella valenciana, l&#8217;arr\u00f2s del senyoret i la fideu\u00e0 que han captivat al p\u00fablic, amb els quals s&#8217;han representat les elaboracions culin\u00e0ries tradicionals tant de la costa com de l&#8217;interior de la prov\u00edncia.&nbsp;<\/p>\n\n\n\n<p>La participaci\u00f3 de la Diputaci\u00f3 de Val\u00e8ncia per primera vegada en la Seatrade Cruise Global Miami juntament amb Valenciaport s&#8217;emmarca en l&#8217;estrat\u00e8gia d&#8217;internacionalitzaci\u00f3 de la prov\u00edncia com a destinaci\u00f3 tur\u00edstica de la corporaci\u00f3 provincial, amb l&#8217;objectiu afegit de \u201cconsolidar un model tur\u00edstic basat en la cooperaci\u00f3, la innovaci\u00f3 i la generaci\u00f3 de valor per al conjunt de la prov\u00edncia, contribuint tamb\u00e9 a una millor distribuci\u00f3 dels fluxos tur\u00edstics i a un desenrotllament m\u00e9s equilibrat del dest\u00ed\u201d, ha concl\u00f2s Pedro Cuesta.<\/p>\n","protected":false},"excerpt":{"rendered":"<div class=\"mh-excerpt\">El diputat de Turisme, Pedro Cuesta, realitza en la Fira Internacional de Creuers de Miami la presentaci\u00f3 oficial de la prov\u00edncia destacant l&#8217;oferta tur\u00edstica com a \u201csorprenent, original, sostenible, diversificada, molt accessible i de qualitat\u201d. <a class=\"mh-excerpt-more\" href=\"https:\/\/www.tucomarca.com\/wordpress\/segunda\/ca\/la-diputacio-presenta-a-miami-a-la-provincia-de-valencia-com-el-complement-ideal-al-turisme-de-creuers\/\" title=\"La Diputaci\u00f3 presenta a Miami a la prov\u00edncia de Val\u00e8ncia com el complement ideal al turisme de creuers\u00a0\">[+] <\/a><\/div>\n","protected":false},"author":12,"featured_media":299138,"comment_status":"closed","ping_status":"open","sticky":false,"template":"","format":"gallery","meta":{"footnotes":""},"categories":[10898,10948,10894,10904,11007,10947,10896],"tags":[24153,11246,18066],"class_list":{"0":"post-299140","1":"post","2":"type-post","3":"status-publish","4":"format-gallery","5":"has-post-thumbnail","7":"category-ventana-ca","8":"category-infraestructuras-ca","9":"category-la-comarca-ca","10":"category-sin-categorizar-ca","11":"category-ocio-y-cultura-ca","12":"category-politica","13":"category-seccion-ca","14":"tag-cruceros","15":"tag-diputacio-de-valencia-ca","16":"tag-valencia-turisme-2-ca","17":"post_format-post-format-gallery"},"_links":{"self":[{"href":"https:\/\/www.tucomarca.com\/wordpress\/segunda\/ca\/wp-json\/wp\/v2\/posts\/299140","targetHints":{"allow":["GET"]}}],"collection":[{"href":"https:\/\/www.tucomarca.com\/wordpress\/segunda\/ca\/wp-json\/wp\/v2\/posts"}],"about":[{"href":"https:\/\/www.tucomarca.com\/wordpress\/segunda\/ca\/wp-json\/wp\/v2\/types\/post"}],"author":[{"embeddable":true,"href":"https:\/\/www.tucomarca.com\/wordpress\/segunda\/ca\/wp-json\/wp\/v2\/users\/12"}],"replies":[{"embeddable":true,"href":"https:\/\/www.tucomarca.com\/wordpress\/segunda\/ca\/wp-json\/wp\/v2\/comments?post=299140"}],"version-history":[{"count":1,"href":"https:\/\/www.tucomarca.com\/wordpress\/segunda\/ca\/wp-json\/wp\/v2\/posts\/299140\/revisions"}],"predecessor-version":[{"id":299303,"href":"https:\/\/www.tucomarca.com\/wordpress\/segunda\/ca\/wp-json\/wp\/v2\/posts\/299140\/revisions\/299303"}],"wp:featuredmedia":[{"embeddable":true,"href":"https:\/\/www.tucomarca.com\/wordpress\/segunda\/ca\/wp-json\/wp\/v2\/media\/299138"}],"wp:attachment":[{"href":"https:\/\/www.tucomarca.com\/wordpress\/segunda\/ca\/wp-json\/wp\/v2\/media?parent=299140"}],"wp:term":[{"taxonomy":"category","embeddable":true,"href":"https:\/\/www.tucomarca.com\/wordpress\/segunda\/ca\/wp-json\/wp\/v2\/categories?post=299140"},{"taxonomy":"post_tag","embeddable":true,"href":"https:\/\/www.tucomarca.com\/wordpress\/segunda\/ca\/wp-json\/wp\/v2\/tags?post=299140"}],"curies":[{"name":"wp","href":"https:\/\/api.w.org\/{rel}","templated":true}]}}