{"id":299165,"date":"2026-04-20T10:00:00","date_gmt":"2026-04-20T08:00:00","guid":{"rendered":"https:\/\/www.tucomarca.com\/wordpress\/segunda\/?p=299165"},"modified":"2026-04-20T11:43:25","modified_gmt":"2026-04-20T09:43:25","slug":"la-bunyolense-ariadna-fuentes-seleccionada-per-a-la-seleccio-valenciana-de-gimnastica-ritmica","status":"publish","type":"post","link":"https:\/\/www.tucomarca.com\/wordpress\/segunda\/ca\/la-bunyolense-ariadna-fuentes-seleccionada-per-a-la-seleccio-valenciana-de-gimnastica-ritmica\/","title":{"rendered":"La bunyolense Ariadna Fuentes, seleccionada per a la Selecci\u00f3 Valenciana de Gimn\u00e0stica R\u00edtmica"},"content":{"rendered":"\n<p>La gimnasta de Bunyol Ariadna Fuentes Valero ha sigut seleccionada per a formar part de la Selecci\u00f3 Valenciana de Gimn\u00e0stica R\u00edtmica despr\u00e9s de superar l\u2019exigent control t\u00e8cnic organitzat per la Federaci\u00f3 de Gimn\u00e0stica de la Comunitat Valenciana, celebrat el passat 29 de mar\u00e7.<\/p>\n\n\n\n<p>Gr\u00e0cies a esta convocat\u00f2ria, Ariadna representar\u00e0 la Comunitat Valenciana en el CESA (Campionat d\u2019Espanya de Seleccions Auton\u00f2miques en Edat Escolar), una de les competicions de major nivell dins de l\u2019esport base a nivell estatal, impulsada pel Consell Superior d\u2019Esports.<\/p>\n\n\n\n<p>El campionat se celebrar\u00e0 a Oviedo del 4 al 7 de juny i reunir\u00e0 les millors gimnastes en edat escolar de totes les comunitats aut\u00f2nomes, convertint-se en un aparador del talent emergent de la gimn\u00e0stica r\u00edtmica a Espanya.<\/p>\n\n\n\n<p>Des de Bunyol es seguir\u00e0 amb orgull la participaci\u00f3 de la jove esportista, que defensar\u00e0 els colors de la Comunitat Valenciana en esta important cita nacional. Una oportunitat destacada per a continuar creixent en la seua traject\u00f2ria esportiva.<\/p>\n\n\n\n<p>Enhorabona i molta sort, Ariadna!<\/p>\n\n\n\n<figure class=\"wp-block-gallery has-nested-images columns-default is-cropped wp-block-gallery-1 is-layout-flex wp-block-gallery-is-layout-flex\">\n<figure class=\"wp-block-image size-large\"><img loading=\"lazy\" decoding=\"async\" width=\"682\" height=\"1024\" data-id=\"299160\" src=\"https:\/\/www.tucomarca.com\/wordpress\/segunda\/wp-content\/uploads\/2026\/04\/Ariadna2-682x1024.jpg\" alt=\"\" class=\"wp-image-299160\" srcset=\"https:\/\/www.tucomarca.com\/wordpress\/segunda\/wp-content\/uploads\/2026\/04\/Ariadna2-682x1024.jpg 682w, https:\/\/www.tucomarca.com\/wordpress\/segunda\/wp-content\/uploads\/2026\/04\/Ariadna2-200x300.jpg 200w, https:\/\/www.tucomarca.com\/wordpress\/segunda\/wp-content\/uploads\/2026\/04\/Ariadna2-768x1153.jpg 768w, https:\/\/www.tucomarca.com\/wordpress\/segunda\/wp-content\/uploads\/2026\/04\/Ariadna2-1023x1536.jpg 1023w, https:\/\/www.tucomarca.com\/wordpress\/segunda\/wp-content\/uploads\/2026\/04\/Ariadna2.jpg 1066w\" sizes=\"auto, (max-width: 682px) 100vw, 682px\" \/><\/figure>\n\n\n\n<figure class=\"wp-block-image size-large\"><img loading=\"lazy\" decoding=\"async\" width=\"1024\" height=\"680\" data-id=\"299162\" src=\"https:\/\/www.tucomarca.com\/wordpress\/segunda\/wp-content\/uploads\/2026\/04\/Ariadna3-1024x680.jpg\" alt=\"\" class=\"wp-image-299162\" srcset=\"https:\/\/www.tucomarca.com\/wordpress\/segunda\/wp-content\/uploads\/2026\/04\/Ariadna3-1024x680.jpg 1024w, https:\/\/www.tucomarca.com\/wordpress\/segunda\/wp-content\/uploads\/2026\/04\/Ariadna3-300x199.jpg 300w, https:\/\/www.tucomarca.com\/wordpress\/segunda\/wp-content\/uploads\/2026\/04\/Ariadna3-768x510.jpg 768w, https:\/\/www.tucomarca.com\/wordpress\/segunda\/wp-content\/uploads\/2026\/04\/Ariadna3-1536x1020.jpg 1536w, https:\/\/www.tucomarca.com\/wordpress\/segunda\/wp-content\/uploads\/2026\/04\/Ariadna3.jpg 1600w\" sizes=\"auto, (max-width: 1024px) 100vw, 1024px\" \/><\/figure>\n<\/figure>\n","protected":false},"excerpt":{"rendered":"<div class=\"mh-excerpt\">La gimnasta de Bunyol Ariadna Fuentes Valero ha sigut seleccionada per a formar part de la Selecci\u00f3 Valenciana de Gimn\u00e0stica R\u00edtmica despr\u00e9s de superar l\u2019exigent control t\u00e8cnic organitzat per la Federaci\u00f3 de Gimn\u00e0stica de la <a class=\"mh-excerpt-more\" href=\"https:\/\/www.tucomarca.com\/wordpress\/segunda\/ca\/la-bunyolense-ariadna-fuentes-seleccionada-per-a-la-seleccio-valenciana-de-gimnastica-ritmica\/\" title=\"La bunyolense Ariadna Fuentes, seleccionada per a la Selecci\u00f3 Valenciana de Gimn\u00e0stica R\u00edtmica\">[+] <\/a><\/div>\n","protected":false},"author":12,"featured_media":299159,"comment_status":"closed","ping_status":"open","sticky":false,"template":"","format":"gallery","meta":{"footnotes":""},"categories":[10911,11003,10894,10912,11009,10896],"tags":[18968,10913,10914],"class_list":{"0":"post-299165","1":"post","2":"type-post","3":"status-publish","4":"format-gallery","5":"has-post-thumbnail","7":"category-bunol-ca","8":"category-sports","9":"category-la-comarca-ca","10":"category-la-hoya-ca","11":"category-polideportivo-ca","12":"category-seccion-ca","13":"tag-ariadna-fuentes-ca","14":"tag-bunol-ca","15":"tag-la-hoya-de-bunol-chiva-ca","16":"post_format-post-format-gallery"},"_links":{"self":[{"href":"https:\/\/www.tucomarca.com\/wordpress\/segunda\/ca\/wp-json\/wp\/v2\/posts\/299165","targetHints":{"allow":["GET"]}}],"collection":[{"href":"https:\/\/www.tucomarca.com\/wordpress\/segunda\/ca\/wp-json\/wp\/v2\/posts"}],"about":[{"href":"https:\/\/www.tucomarca.com\/wordpress\/segunda\/ca\/wp-json\/wp\/v2\/types\/post"}],"author":[{"embeddable":true,"href":"https:\/\/www.tucomarca.com\/wordpress\/segunda\/ca\/wp-json\/wp\/v2\/users\/12"}],"replies":[{"embeddable":true,"href":"https:\/\/www.tucomarca.com\/wordpress\/segunda\/ca\/wp-json\/wp\/v2\/comments?post=299165"}],"version-history":[{"count":4,"href":"https:\/\/www.tucomarca.com\/wordpress\/segunda\/ca\/wp-json\/wp\/v2\/posts\/299165\/revisions"}],"predecessor-version":[{"id":299213,"href":"https:\/\/www.tucomarca.com\/wordpress\/segunda\/ca\/wp-json\/wp\/v2\/posts\/299165\/revisions\/299213"}],"wp:featuredmedia":[{"embeddable":true,"href":"https:\/\/www.tucomarca.com\/wordpress\/segunda\/ca\/wp-json\/wp\/v2\/media\/299159"}],"wp:attachment":[{"href":"https:\/\/www.tucomarca.com\/wordpress\/segunda\/ca\/wp-json\/wp\/v2\/media?parent=299165"}],"wp:term":[{"taxonomy":"category","embeddable":true,"href":"https:\/\/www.tucomarca.com\/wordpress\/segunda\/ca\/wp-json\/wp\/v2\/categories?post=299165"},{"taxonomy":"post_tag","embeddable":true,"href":"https:\/\/www.tucomarca.com\/wordpress\/segunda\/ca\/wp-json\/wp\/v2\/tags?post=299165"}],"curies":[{"name":"wp","href":"https:\/\/api.w.org\/{rel}","templated":true}]}}