{"id":299186,"date":"2026-04-20T09:30:00","date_gmt":"2026-04-20T07:30:00","guid":{"rendered":"https:\/\/www.tucomarca.com\/wordpress\/segunda\/?p=299186"},"modified":"2026-04-20T18:35:33","modified_gmt":"2026-04-20T16:35:33","slug":"bunyol-continua-la-seua-agenda-cultural-durant-aquest-mes-dabril-amb-musica-teatre-literatura-i-cinema","status":"publish","type":"post","link":"https:\/\/www.tucomarca.com\/wordpress\/segunda\/ca\/bunyol-continua-la-seua-agenda-cultural-durant-aquest-mes-dabril-amb-musica-teatre-literatura-i-cinema\/","title":{"rendered":"Bunyol continua la seua agenda cultural durant aquest mes d&#8217;abril amb m\u00fasica, teatre, literatura i cinema"},"content":{"rendered":"\n<h3 class=\"wp-block-heading\">Bunyol prossegueix amb els actes de la seua agenda cultural durant aquest mes d&#8217;abril amb una programaci\u00f3 diversa que abasta m\u00fasica, teatre, literatura i cinema.<\/h3>\n\n\n\n<p>Entre el 17 i el 30 d&#8217;abril es desenvolupa el cicle \u201cAbril, un mes entre libros\u201d, que inclou presentacions liter\u00e0ries, xarrades i trobades, refor\u00e7ant la programaci\u00f3 cultural entorn del foment de la lectura.<\/p>\n\n\n\n<p>En l&#8217;apartat teatral, el dimarts 21 d&#8217;abril la Sala Tomatina acollir\u00e0 la representaci\u00f3 infantil \u201cLa Biblioteca perdida\u201d, dirigida a xiquets i xiquetes d&#8217;entre 2 i 6 anys, amb entrada gratu\u00efta fins a completar aforament.<\/p>\n\n\n\n<p>Eixe mateix cap de setmana, del 24 al 26 d&#8217;abril, el Parc de Sant Llu\u00eds ser\u00e0 escenari de la tradicional Fira d&#8217;Abril, organitzada per la Falla Reis Cat\u00f2lics i adjacents.<\/p>\n\n\n\n<p>El divendres 24 d&#8217;abril continuar\u00e0 la programaci\u00f3 musical en el Teatre Montecarlo amb un concert coral en el qual participaran diverses agrupacions, mentre que el dissabte 25 el Palacio de la M\u00fasica acollir\u00e0 el concert de la Banda Juvenil \u201cCinemagia: Sinfon\u00edas de la Pantalla\u201d, amb un repertori inspirat en bandes sonores de cinema.<\/p>\n\n\n\n<p>El cinema tamb\u00e9 tindr\u00e0 un paper destacat amb el cicle \u201cVivir de Cine\u201d, que es desenvolupar\u00e0 del 30 d&#8217;abril a l&#8217;11 de juny. La inauguraci\u00f3, prevista per al dijous 30 d&#8217;abril al Cine Palacio, estar\u00e0 dedicada al centenari de Marilyn Monroe amb la projecci\u00f3 de la pel\u00b7l\u00edcula \u201cCon faldas y a lo loco\u201d.<\/p>\n\n\n\n<p>L&#8217;agenda reflecteix la implicaci\u00f3 de diferents entitats locals, des de societats musicals fins a associacions culturals i la pr\u00f2pia Regidoria de Cultura, en una programaci\u00f3 que combina participaci\u00f3 ciutadana i propostes culturals contempor\u00e0nies.<\/p>\n\n\n\n<figure class=\"wp-block-image size-large\"><img loading=\"lazy\" decoding=\"async\" width=\"710\" height=\"1024\" src=\"https:\/\/www.tucomarca.com\/wordpress\/segunda\/wp-content\/uploads\/2026\/04\/BunolActuaabril26-710x1024.jpg\" alt=\"\" class=\"wp-image-299182\" srcset=\"https:\/\/www.tucomarca.com\/wordpress\/segunda\/wp-content\/uploads\/2026\/04\/BunolActuaabril26-710x1024.jpg 710w, https:\/\/www.tucomarca.com\/wordpress\/segunda\/wp-content\/uploads\/2026\/04\/BunolActuaabril26-208x300.jpg 208w, https:\/\/www.tucomarca.com\/wordpress\/segunda\/wp-content\/uploads\/2026\/04\/BunolActuaabril26-768x1107.jpg 768w, https:\/\/www.tucomarca.com\/wordpress\/segunda\/wp-content\/uploads\/2026\/04\/BunolActuaabril26.jpg 886w\" sizes=\"auto, (max-width: 710px) 100vw, 710px\" \/><\/figure>\n","protected":false},"excerpt":{"rendered":"<div class=\"mh-excerpt\">Bunyol prossegueix amb els actes de la seua agenda cultural durant aquest mes d&#8217;abril amb una programaci\u00f3 diversa que abasta m\u00fasica, teatre, literatura i cinema. Entre el 17 i el 30 d&#8217;abril es desenvolupa el <a class=\"mh-excerpt-more\" href=\"https:\/\/www.tucomarca.com\/wordpress\/segunda\/ca\/bunyol-continua-la-seua-agenda-cultural-durant-aquest-mes-dabril-amb-musica-teatre-literatura-i-cinema\/\" title=\"Bunyol continua la seua agenda cultural durant aquest mes d&#8217;abril amb m\u00fasica, teatre, literatura i cinema\">[+] <\/a><\/div>\n","protected":false},"author":12,"featured_media":299182,"comment_status":"closed","ping_status":"open","sticky":false,"template":"","format":"standard","meta":{"footnotes":""},"categories":[11019,10911,10894,10912,11007,10896],"tags":[13872,10913,14722,10914],"class_list":{"0":"post-299186","1":"post","2":"type-post","3":"status-publish","4":"format-standard","5":"has-post-thumbnail","7":"category-agenda-ca","8":"category-bunol-ca","9":"category-la-comarca-ca","10":"category-la-hoya-ca","11":"category-ocio-y-cultura-ca","12":"category-seccion-ca","13":"tag-agenda-cultural-ca","14":"tag-bunol-ca","15":"tag-bunol-actua-ca","16":"tag-la-hoya-de-bunol-chiva-ca"},"_links":{"self":[{"href":"https:\/\/www.tucomarca.com\/wordpress\/segunda\/ca\/wp-json\/wp\/v2\/posts\/299186","targetHints":{"allow":["GET"]}}],"collection":[{"href":"https:\/\/www.tucomarca.com\/wordpress\/segunda\/ca\/wp-json\/wp\/v2\/posts"}],"about":[{"href":"https:\/\/www.tucomarca.com\/wordpress\/segunda\/ca\/wp-json\/wp\/v2\/types\/post"}],"author":[{"embeddable":true,"href":"https:\/\/www.tucomarca.com\/wordpress\/segunda\/ca\/wp-json\/wp\/v2\/users\/12"}],"replies":[{"embeddable":true,"href":"https:\/\/www.tucomarca.com\/wordpress\/segunda\/ca\/wp-json\/wp\/v2\/comments?post=299186"}],"version-history":[{"count":4,"href":"https:\/\/www.tucomarca.com\/wordpress\/segunda\/ca\/wp-json\/wp\/v2\/posts\/299186\/revisions"}],"predecessor-version":[{"id":299298,"href":"https:\/\/www.tucomarca.com\/wordpress\/segunda\/ca\/wp-json\/wp\/v2\/posts\/299186\/revisions\/299298"}],"wp:featuredmedia":[{"embeddable":true,"href":"https:\/\/www.tucomarca.com\/wordpress\/segunda\/ca\/wp-json\/wp\/v2\/media\/299182"}],"wp:attachment":[{"href":"https:\/\/www.tucomarca.com\/wordpress\/segunda\/ca\/wp-json\/wp\/v2\/media?parent=299186"}],"wp:term":[{"taxonomy":"category","embeddable":true,"href":"https:\/\/www.tucomarca.com\/wordpress\/segunda\/ca\/wp-json\/wp\/v2\/categories?post=299186"},{"taxonomy":"post_tag","embeddable":true,"href":"https:\/\/www.tucomarca.com\/wordpress\/segunda\/ca\/wp-json\/wp\/v2\/tags?post=299186"}],"curies":[{"name":"wp","href":"https:\/\/api.w.org\/{rel}","templated":true}]}}