{"id":299194,"date":"2026-04-19T09:00:00","date_gmt":"2026-04-19T07:00:00","guid":{"rendered":"https:\/\/www.tucomarca.com\/wordpress\/segunda\/?p=299194"},"modified":"2026-04-20T11:46:00","modified_gmt":"2026-04-20T09:46:00","slug":"la-participacio-en-els-premis-valencia-i-valencia-nova-de-la-diputacio-es-duplica-en-un-any","status":"publish","type":"post","link":"https:\/\/www.tucomarca.com\/wordpress\/segunda\/ca\/la-participacio-en-els-premis-valencia-i-valencia-nova-de-la-diputacio-es-duplica-en-un-any\/","title":{"rendered":"La participaci\u00f3 en els Premis Val\u00e8ncia i Val\u00e8ncia Nova de la Diputaci\u00f3 es duplica en un any"},"content":{"rendered":"\n<h3 class=\"wp-block-heading\">La Instituci\u00f3 Alfons el Magn\u00e0nim registra m\u00e9s de mig miler d&#8217;obres que optaran a les diferents disciplines liter\u00e0ries en competici\u00f3.<\/h3>\n\n\n\n<p>Els Premis Val\u00e8ncia i Val\u00e8ncia Nova 2026 creixen considerablement. De fet, s&#8217;ha duplicat la participaci\u00f3 respecte a l&#8217;any passat. Si en 2025 es van presentar 234 obres a les diferents disciplines convocades per la Instituci\u00f3 Alfons el Magn\u00e0nim, l&#8217;editorial de la Diputaci\u00f3 de Val\u00e8ncia, enguany han sigut 504, un 53% m\u00e9s. Si es t\u00e9 en compte el registre de fa dos anys, al voltant de 150 obres, el creixement \u00e9s de pr\u00e0cticament el triple.&nbsp;<\/p>\n\n\n\n<p>Aix\u00ed, per als Premis Val\u00e8ncia, als quals poden optar autors majors de 18 anys,&nbsp; s&#8217;han presentat 31 treballs d&#8217;assaig, 118 de narrativa en castell\u00e0, 47 de narrativa en valenci\u00e0, 25 de novel\u00b7la gr\u00e0fica, 146 de poesia en castell\u00e0 i 41 en valenci\u00e0. Pel que fa als Premis Val\u00e8ncia Nova, destinat als j\u00f3vens autors de 18 fins a 34 anys, el nombre de participants ha sigut de 9 en assaig, 19 en narrativa en castell\u00e0 i 12 en valenci\u00e0, i 43 en poesia en castell\u00e0 i 13 en valenci\u00e0.&nbsp;<\/p>\n\n\n\n<p>En total, m\u00e9s de mig miler d&#8217;obres presentades que parlen de la bona salut dels premis literaris de la Diputaci\u00f3 de Val\u00e8ncia. Un certamen, que busca impulsar la creaci\u00f3 liter\u00e0ria i fomentar la lectura, i \u00e9s el m\u00e9s antic de tots els que se celebren a nivell provincial.<\/p>\n\n\n\n<p>En el Butllet\u00ed Oficial de la Prov\u00edncia de Val\u00e8ncia (BOP) ja ha quedat registrat el llistat definitiu d&#8217;obres admeses i excloses en la convocat\u00f2ria despr\u00e9s de la finalitzaci\u00f3 del per\u00edode d&#8217;esmenes previst en les bases del certamen. A m\u00e9s, tamb\u00e9 s&#8217;ha fet p\u00fablica la composici\u00f3 dels jurats qualificadors de cada modalitat, nomenats conforme a la base octava de la convocat\u00f2ria.&nbsp;<\/p>\n\n\n\n<p>Els jurats estaran presidits pel diputat de Cultura, Paco Teruel, i comptaran amb especialistes de reconegut prestigi en cada categoria. Referent a l&#8217;assaig (tant en Premis Val\u00e8ncia com a Val\u00e8ncia Nova) formaran part del jurat Fracesc Xavier Agust\u00ed Campos, Mar\u00eda del Carmen Navarro Dolz, Clara Colomina Mart\u00ednez i Amadeo Serra Desfilis. En novel\u00b7la gr\u00e0fica estaran Clara Berenguer Revert, Silvia Aym\u00ed Pelej\u2019\u00e0, Mar\u00eda Trapero Indaberea i Miguel \u00c1ngel Giner Bou.&nbsp;<\/p>\n\n\n\n<p>Quant a narrativa en valenci\u00e0 (de tots dos premis) formaran part del jurat Arturo Blasco Ferrer, Josep Franco Mart\u00ednez, Teresa Gomis Baixauli i Irene Klein Fariza; mentre en narrativa en castell\u00e0 avaluaran les obres Enrique Parra Ve\u00efnat, Maria Magdalena Sim\u00f3 Beltr\u00e1n, Antonio Sabater P\u00e9rez i Rosa Mar\u00eda Magdalena Rodr\u00edguez P\u00e9rez. Finalment, en poesia en valenci\u00e0, V\u00edctor Jos\u00e9 Filgueira Maseres, Alba Fluix\u00e0 Pelufo, Rosa Maria Roig Celda i Josep Mic\u00f3 Conejero decidiran els guanyadors i en poesia en castell\u00e0 ho faran Inmaculada Lergo Mart\u00edn, Anacleto Ferrer Mas, Mar\u00eda Dolores Andr\u00e9s P\u00e9rez i Mar\u00eda Zaragoza Hidalgo.<\/p>\n\n\n\n<p>La dotaci\u00f3 dels Premis Val\u00e8ncia i Val\u00e8ncia Nova ascendix a 138.000 euros en el seu conjunt, import que es repartir\u00e0 entre els guanyadors de les modalitats de Narrativa, Poesia, Assaig i Novel\u00b7la Gr\u00e0fica, tant en castell\u00e0 com en valenci\u00e0. En concret, les quanties dels guardons per modalitats, tant dels premis Val\u00e8ncia com Val\u00e8ncia Nova, s\u00f3n les seg\u00fcents: per als premis de poesia, 9.000 euros; per als de narrativa, 15.000 euros; per al premi de novel\u00b7la gr\u00e0fica, 12.000 euros; mentre que, per als premiats en la categoria d&#8217;assaig, s\u00f3n 15.000 euros.<\/p>\n","protected":false},"excerpt":{"rendered":"<div class=\"mh-excerpt\">La Instituci\u00f3 Alfons el Magn\u00e0nim registra m\u00e9s de mig miler d&#8217;obres que optaran a les diferents disciplines liter\u00e0ries en competici\u00f3. Els Premis Val\u00e8ncia i Val\u00e8ncia Nova 2026 creixen considerablement. De fet, s&#8217;ha duplicat la participaci\u00f3 <a class=\"mh-excerpt-more\" href=\"https:\/\/www.tucomarca.com\/wordpress\/segunda\/ca\/la-participacio-en-els-premis-valencia-i-valencia-nova-de-la-diputacio-es-duplica-en-un-any\/\" title=\"La participaci\u00f3 en els Premis Val\u00e8ncia i Val\u00e8ncia Nova de la Diputaci\u00f3 es duplica en un any\">[+] <\/a><\/div>\n","protected":false},"author":12,"featured_media":299193,"comment_status":"closed","ping_status":"open","sticky":false,"template":"","format":"standard","meta":{"footnotes":""},"categories":[10898,10894,10904,11007,10896],"tags":[11246,24156,24157],"class_list":{"0":"post-299194","1":"post","2":"type-post","3":"status-publish","4":"format-standard","5":"has-post-thumbnail","7":"category-ventana-ca","8":"category-la-comarca-ca","9":"category-sin-categorizar-ca","10":"category-ocio-y-cultura-ca","11":"category-seccion-ca","12":"tag-diputacio-de-valencia-ca","13":"tag-premis-valencia","14":"tag-valencia-nova"},"_links":{"self":[{"href":"https:\/\/www.tucomarca.com\/wordpress\/segunda\/ca\/wp-json\/wp\/v2\/posts\/299194","targetHints":{"allow":["GET"]}}],"collection":[{"href":"https:\/\/www.tucomarca.com\/wordpress\/segunda\/ca\/wp-json\/wp\/v2\/posts"}],"about":[{"href":"https:\/\/www.tucomarca.com\/wordpress\/segunda\/ca\/wp-json\/wp\/v2\/types\/post"}],"author":[{"embeddable":true,"href":"https:\/\/www.tucomarca.com\/wordpress\/segunda\/ca\/wp-json\/wp\/v2\/users\/12"}],"replies":[{"embeddable":true,"href":"https:\/\/www.tucomarca.com\/wordpress\/segunda\/ca\/wp-json\/wp\/v2\/comments?post=299194"}],"version-history":[{"count":3,"href":"https:\/\/www.tucomarca.com\/wordpress\/segunda\/ca\/wp-json\/wp\/v2\/posts\/299194\/revisions"}],"predecessor-version":[{"id":299215,"href":"https:\/\/www.tucomarca.com\/wordpress\/segunda\/ca\/wp-json\/wp\/v2\/posts\/299194\/revisions\/299215"}],"wp:featuredmedia":[{"embeddable":true,"href":"https:\/\/www.tucomarca.com\/wordpress\/segunda\/ca\/wp-json\/wp\/v2\/media\/299193"}],"wp:attachment":[{"href":"https:\/\/www.tucomarca.com\/wordpress\/segunda\/ca\/wp-json\/wp\/v2\/media?parent=299194"}],"wp:term":[{"taxonomy":"category","embeddable":true,"href":"https:\/\/www.tucomarca.com\/wordpress\/segunda\/ca\/wp-json\/wp\/v2\/categories?post=299194"},{"taxonomy":"post_tag","embeddable":true,"href":"https:\/\/www.tucomarca.com\/wordpress\/segunda\/ca\/wp-json\/wp\/v2\/tags?post=299194"}],"curies":[{"name":"wp","href":"https:\/\/api.w.org\/{rel}","templated":true}]}}