{"id":299206,"date":"2026-04-19T10:00:00","date_gmt":"2026-04-19T08:00:00","guid":{"rendered":"https:\/\/www.tucomarca.com\/wordpress\/segunda\/?p=299206"},"modified":"2026-04-20T11:48:42","modified_gmt":"2026-04-20T09:48:42","slug":"el-consorci-de-bombers-de-valencia-forma-a-300-estudiants-dinfermeria-en-actuacions-demergencia","status":"publish","type":"post","link":"https:\/\/www.tucomarca.com\/wordpress\/segunda\/ca\/el-consorci-de-bombers-de-valencia-forma-a-300-estudiants-dinfermeria-en-actuacions-demergencia\/","title":{"rendered":"El Consorci de Bombers de Val\u00e8ncia forma a 300 estudiants d\u2019Infermeria en actuacions d\u2019emerg\u00e8ncia"},"content":{"rendered":"\n<h3 class=\"wp-block-heading\">Mascarell: \u201c\u00c9s una actuaci\u00f3 fonamental perqu\u00e8 preparar a estos j\u00f3vens professionals del futur els ajuda a treballar coordinadament i colze a colze amb els nostres bombers\u201d.<\/h3>\n\n\n\n<p>El Consorci de Bombers de Val\u00e8ncia est\u00e0 realitzant la formaci\u00f3 a 300 estudiants d&#8217;Infermeria de la Universitat de Val\u00e8ncia dirigida a preparar l&#8217;estudiantat per a les situacions d&#8217;emerg\u00e8ncia m\u00e9s freq\u00fcents i en les quals m\u00e9s se solen produir actuacions conjuntes entre personal sanitari i efectius de bombers.&nbsp;<\/p>\n\n\n\n<p>Aix\u00ed, 300 alumnes de l&#8217;\u00faltim curs del Grau d&#8217;Infermeria de la UV, dividits en grups de treball al llarg de diverses setmanes, estan passant per les instal\u00b7lacions del Consorci, concretament pel parc de l&#8217;Eliana. L&#8217;alumnat est\u00e0 participant en els diversos escenaris pr\u00e0ctics organitzats pels especialistes formadors del Consorci. Es tracta de simulacions que recreen accidents de tr\u00e0nsit amb una v\u00edctima atrapada, atropellament contra un mur, accident laboral en un espai confinat i maneig de persona immobilitzada en llitera de rescat. El curs es duu a terme gr\u00e0cies a un conveni entre l&#8217;ens provincial i la instituci\u00f3 educativa.<\/p>\n\n\n\n<figure class=\"wp-block-gallery has-nested-images columns-default is-cropped wp-block-gallery-1 is-layout-flex wp-block-gallery-is-layout-flex\">\n<figure class=\"wp-block-image size-large\"><img loading=\"lazy\" decoding=\"async\" width=\"945\" height=\"638\" data-id=\"299201\" src=\"https:\/\/www.tucomarca.com\/wordpress\/segunda\/wp-content\/uploads\/2026\/04\/CursoBomberosEnfermeria2.jpg\" alt=\"\" class=\"wp-image-299201\" srcset=\"https:\/\/www.tucomarca.com\/wordpress\/segunda\/wp-content\/uploads\/2026\/04\/CursoBomberosEnfermeria2.jpg 945w, https:\/\/www.tucomarca.com\/wordpress\/segunda\/wp-content\/uploads\/2026\/04\/CursoBomberosEnfermeria2-300x203.jpg 300w, https:\/\/www.tucomarca.com\/wordpress\/segunda\/wp-content\/uploads\/2026\/04\/CursoBomberosEnfermeria2-768x519.jpg 768w\" sizes=\"auto, (max-width: 945px) 100vw, 945px\" \/><\/figure>\n\n\n\n<figure class=\"wp-block-image size-large\"><img loading=\"lazy\" decoding=\"async\" width=\"945\" height=\"638\" data-id=\"299203\" src=\"https:\/\/www.tucomarca.com\/wordpress\/segunda\/wp-content\/uploads\/2026\/04\/CursoBomberosEnfermeria9.jpg\" alt=\"\" class=\"wp-image-299203\" srcset=\"https:\/\/www.tucomarca.com\/wordpress\/segunda\/wp-content\/uploads\/2026\/04\/CursoBomberosEnfermeria9.jpg 945w, https:\/\/www.tucomarca.com\/wordpress\/segunda\/wp-content\/uploads\/2026\/04\/CursoBomberosEnfermeria9-300x203.jpg 300w, https:\/\/www.tucomarca.com\/wordpress\/segunda\/wp-content\/uploads\/2026\/04\/CursoBomberosEnfermeria9-768x519.jpg 768w\" sizes=\"auto, (max-width: 945px) 100vw, 945px\" \/><\/figure>\n<\/figure>\n\n\n\n<p>Per al president del Consorci i diputat de bombers, Avelino Mascarell, es tracta d&#8217;una actuaci\u00f3 \u201cfonamental, ja que preparar a estos j\u00f3vens professionals del futur els ajuda a treballar coordinadament i colze a colze amb els nostres bombers, aix\u00ed com a proporcionar una millor resposta en cada emerg\u00e8ncia i especialment quant a l&#8217;atenci\u00f3 a les v\u00edctimes\u201d.<\/p>\n\n\n\n<p>El grau de participaci\u00f3 i implicaci\u00f3 d&#8217;alumnat i professorat est\u00e1 sent molt alt durant totes les sessions i amb efectes molt positius. El director del departament d&#8217;Infermeria, Julio Fern\u00e1ndez, ha assenyalat que est\u00e0 formaci\u00f3 \u201ct\u00e9 molt de valor ja que \u00e9s un entorn quasi real perqu\u00e8 el Consorci compta amb molts recursos i aix\u00f2 ajuda a crear una major vinculaci\u00f3 i coordinaci\u00f3 entre diversos tipus de professionals\u201d.<\/p>\n","protected":false},"excerpt":{"rendered":"<div class=\"mh-excerpt\">Mascarell: \u201c\u00c9s una actuaci\u00f3 fonamental perqu\u00e8 preparar a estos j\u00f3vens professionals del futur els ajuda a treballar coordinadament i colze a colze amb els nostres bombers\u201d. El Consorci de Bombers de Val\u00e8ncia est\u00e0 realitzant la <a class=\"mh-excerpt-more\" href=\"https:\/\/www.tucomarca.com\/wordpress\/segunda\/ca\/el-consorci-de-bombers-de-valencia-forma-a-300-estudiants-dinfermeria-en-actuacions-demergencia\/\" title=\"El Consorci de Bombers de Val\u00e8ncia forma a 300 estudiants d\u2019Infermeria en actuacions d\u2019emerg\u00e8ncia\">[+] <\/a><\/div>\n","protected":false},"author":12,"featured_media":299200,"comment_status":"closed","ping_status":"open","sticky":false,"template":"","format":"gallery","meta":{"footnotes":""},"categories":[10892,10898,10948,10894,10904,10893,10903,10947,10896,10897],"tags":[22915,11246,24158],"class_list":{"0":"post-299206","1":"post","2":"type-post","3":"status-publish","4":"format-gallery","5":"has-post-thumbnail","7":"category-camp-de-turia-ca","8":"category-ventana-ca","9":"category-infraestructuras-ca","10":"category-la-comarca-ca","11":"category-sin-categorizar-ca","12":"category-leliana-ca","13":"category-medio-ambiente-la-comarca-ca","14":"category-politica","15":"category-seccion-ca","16":"category-sucesos-la-comarca-ca","17":"tag-consorcio-de-bomberos-de-valencia-2-ca","18":"tag-diputacio-de-valencia-ca","19":"tag-formacion-y-actividades","20":"post_format-post-format-gallery"},"_links":{"self":[{"href":"https:\/\/www.tucomarca.com\/wordpress\/segunda\/ca\/wp-json\/wp\/v2\/posts\/299206","targetHints":{"allow":["GET"]}}],"collection":[{"href":"https:\/\/www.tucomarca.com\/wordpress\/segunda\/ca\/wp-json\/wp\/v2\/posts"}],"about":[{"href":"https:\/\/www.tucomarca.com\/wordpress\/segunda\/ca\/wp-json\/wp\/v2\/types\/post"}],"author":[{"embeddable":true,"href":"https:\/\/www.tucomarca.com\/wordpress\/segunda\/ca\/wp-json\/wp\/v2\/users\/12"}],"replies":[{"embeddable":true,"href":"https:\/\/www.tucomarca.com\/wordpress\/segunda\/ca\/wp-json\/wp\/v2\/comments?post=299206"}],"version-history":[{"count":2,"href":"https:\/\/www.tucomarca.com\/wordpress\/segunda\/ca\/wp-json\/wp\/v2\/posts\/299206\/revisions"}],"predecessor-version":[{"id":299217,"href":"https:\/\/www.tucomarca.com\/wordpress\/segunda\/ca\/wp-json\/wp\/v2\/posts\/299206\/revisions\/299217"}],"wp:featuredmedia":[{"embeddable":true,"href":"https:\/\/www.tucomarca.com\/wordpress\/segunda\/ca\/wp-json\/wp\/v2\/media\/299200"}],"wp:attachment":[{"href":"https:\/\/www.tucomarca.com\/wordpress\/segunda\/ca\/wp-json\/wp\/v2\/media?parent=299206"}],"wp:term":[{"taxonomy":"category","embeddable":true,"href":"https:\/\/www.tucomarca.com\/wordpress\/segunda\/ca\/wp-json\/wp\/v2\/categories?post=299206"},{"taxonomy":"post_tag","embeddable":true,"href":"https:\/\/www.tucomarca.com\/wordpress\/segunda\/ca\/wp-json\/wp\/v2\/tags?post=299206"}],"curies":[{"name":"wp","href":"https:\/\/api.w.org\/{rel}","templated":true}]}}