{"id":299227,"date":"2026-04-20T12:45:00","date_gmt":"2026-04-20T10:45:00","guid":{"rendered":"https:\/\/www.tucomarca.com\/wordpress\/segunda\/?p=299227"},"modified":"2026-04-20T20:03:15","modified_gmt":"2026-04-20T18:03:15","slug":"els-sindicats-de-funcionaris-csif-i-staj-denuncien-les-condicions-daccessibilitat-del-jutjat-de-pau-de-xiva","status":"publish","type":"post","link":"https:\/\/www.tucomarca.com\/wordpress\/segunda\/ca\/els-sindicats-de-funcionaris-csif-i-staj-denuncien-les-condicions-daccessibilitat-del-jutjat-de-pau-de-xiva\/","title":{"rendered":"Els sindicats de funcionaris CSIF i STAJ denuncien les condicions d&#8217;accessibilitat del Jutjat de Pau de Xiva"},"content":{"rendered":"\n<p>Des dels sindicats CSIF i STAJ es ve a denunciar les condicions de les instal\u00b7lacions i accessibilitat del Jutjat de Pau de Xiva. Aquestes instal\u00b7lacions obliguen a pujar dos pisos d&#8217;escales considerades pels delegats sindicals, funcionaris i ciutadans com a antiquades i poc accessibles i potencialment perilloses. L&#8217;edifici, que manca d&#8217;ascensor i fa necessari ascendir diverses plantes per una escala estreta i empinada, ha generat preocupaci\u00f3 creixent entre els ciutadans que acudeixen a realitzar tr\u00e0mits a aquest jutjat de pau, que dep\u00e9n de l&#8217;Ajuntament de Xiva.<\/p>\n\n\n\n<p>La situaci\u00f3 s&#8217;ha tornat especialment rellevant despr\u00e9s que una funcion\u00e0ria patira una caiguda per les escales, accident que li ha provocat una baixa laboral.<\/p>\n\n\n\n<p>Els funcionaris i ciutadans ja han assenyalat en diverses ocasions que les escales representen una barrera important, especialment per a persones majors, amb mobilitat redu\u00efda o que acudeixen per a fer tr\u00e0mits importants de registre civil.<\/p>\n\n\n\n<p>Per aquest motiu, des de CSIF i STAJ se sol\u00b7licita a l&#8217;Ajuntament de Xiva una revisi\u00f3 de les condicions de l&#8217;edifici i la possibilitat de traslladar el servei a un espai m\u00e9s modern, segur i ampli, ja que els funcionaris treballen amb les taules massa juntes sense gens d&#8217;accessibilitat.<\/p>\n\n\n\n<figure class=\"wp-block-gallery has-nested-images columns-default is-cropped wp-block-gallery-1 is-layout-flex wp-block-gallery-is-layout-flex\">\n<figure class=\"wp-block-image size-large\"><img loading=\"lazy\" decoding=\"async\" width=\"768\" height=\"1024\" data-id=\"299222\" src=\"https:\/\/www.tucomarca.com\/wordpress\/segunda\/wp-content\/uploads\/2026\/04\/JuzgadoPazChiva2-768x1024.jpg\" alt=\"\" class=\"wp-image-299222\" srcset=\"https:\/\/www.tucomarca.com\/wordpress\/segunda\/wp-content\/uploads\/2026\/04\/JuzgadoPazChiva2-768x1024.jpg 768w, https:\/\/www.tucomarca.com\/wordpress\/segunda\/wp-content\/uploads\/2026\/04\/JuzgadoPazChiva2-225x300.jpg 225w, https:\/\/www.tucomarca.com\/wordpress\/segunda\/wp-content\/uploads\/2026\/04\/JuzgadoPazChiva2.jpg 886w\" sizes=\"auto, (max-width: 768px) 100vw, 768px\" \/><\/figure>\n\n\n\n<figure class=\"wp-block-image size-large\"><img loading=\"lazy\" decoding=\"async\" width=\"768\" height=\"1024\" data-id=\"299224\" src=\"https:\/\/www.tucomarca.com\/wordpress\/segunda\/wp-content\/uploads\/2026\/04\/JuzgadoPazChiva3-768x1024.jpg\" alt=\"\" class=\"wp-image-299224\" srcset=\"https:\/\/www.tucomarca.com\/wordpress\/segunda\/wp-content\/uploads\/2026\/04\/JuzgadoPazChiva3-768x1024.jpg 768w, https:\/\/www.tucomarca.com\/wordpress\/segunda\/wp-content\/uploads\/2026\/04\/JuzgadoPazChiva3-225x300.jpg 225w, https:\/\/www.tucomarca.com\/wordpress\/segunda\/wp-content\/uploads\/2026\/04\/JuzgadoPazChiva3.jpg 886w\" sizes=\"auto, (max-width: 768px) 100vw, 768px\" \/><\/figure>\n<\/figure>\n","protected":false},"excerpt":{"rendered":"<div class=\"mh-excerpt\">Des dels sindicats CSIF i STAJ es ve a denunciar les condicions de les instal\u00b7lacions i accessibilitat del Jutjat de Pau de Xiva. Aquestes instal\u00b7lacions obliguen a pujar dos pisos d&#8217;escales considerades pels delegats sindicals, <a class=\"mh-excerpt-more\" href=\"https:\/\/www.tucomarca.com\/wordpress\/segunda\/ca\/els-sindicats-de-funcionaris-csif-i-staj-denuncien-les-condicions-daccessibilitat-del-jutjat-de-pau-de-xiva\/\" title=\"Els sindicats de funcionaris CSIF i STAJ denuncien les condicions d&#8217;accessibilitat del Jutjat de Pau de Xiva\">[+] <\/a><\/div>\n","protected":false},"author":12,"featured_media":299221,"comment_status":"closed","ping_status":"open","sticky":false,"template":"","format":"gallery","meta":{"footnotes":""},"categories":[10898,10948,10894,10912,10947,10896,10897,10975],"tags":[11195,11345,24161,10914,24162],"class_list":{"0":"post-299227","1":"post","2":"type-post","3":"status-publish","4":"format-gallery","5":"has-post-thumbnail","7":"category-ventana-ca","8":"category-infraestructuras-ca","9":"category-la-comarca-ca","10":"category-la-hoya-ca","11":"category-politica","12":"category-seccion-ca","13":"category-sucesos-la-comarca-ca","14":"category-chiva-ca","15":"tag-chiva-ca","16":"tag-csif-ca","17":"tag-juzgado-de-paz-de-chiva","18":"tag-la-hoya-de-bunol-chiva-ca","19":"tag-staj","20":"post_format-post-format-gallery"},"_links":{"self":[{"href":"https:\/\/www.tucomarca.com\/wordpress\/segunda\/ca\/wp-json\/wp\/v2\/posts\/299227","targetHints":{"allow":["GET"]}}],"collection":[{"href":"https:\/\/www.tucomarca.com\/wordpress\/segunda\/ca\/wp-json\/wp\/v2\/posts"}],"about":[{"href":"https:\/\/www.tucomarca.com\/wordpress\/segunda\/ca\/wp-json\/wp\/v2\/types\/post"}],"author":[{"embeddable":true,"href":"https:\/\/www.tucomarca.com\/wordpress\/segunda\/ca\/wp-json\/wp\/v2\/users\/12"}],"replies":[{"embeddable":true,"href":"https:\/\/www.tucomarca.com\/wordpress\/segunda\/ca\/wp-json\/wp\/v2\/comments?post=299227"}],"version-history":[{"count":2,"href":"https:\/\/www.tucomarca.com\/wordpress\/segunda\/ca\/wp-json\/wp\/v2\/posts\/299227\/revisions"}],"predecessor-version":[{"id":299366,"href":"https:\/\/www.tucomarca.com\/wordpress\/segunda\/ca\/wp-json\/wp\/v2\/posts\/299227\/revisions\/299366"}],"wp:featuredmedia":[{"embeddable":true,"href":"https:\/\/www.tucomarca.com\/wordpress\/segunda\/ca\/wp-json\/wp\/v2\/media\/299221"}],"wp:attachment":[{"href":"https:\/\/www.tucomarca.com\/wordpress\/segunda\/ca\/wp-json\/wp\/v2\/media?parent=299227"}],"wp:term":[{"taxonomy":"category","embeddable":true,"href":"https:\/\/www.tucomarca.com\/wordpress\/segunda\/ca\/wp-json\/wp\/v2\/categories?post=299227"},{"taxonomy":"post_tag","embeddable":true,"href":"https:\/\/www.tucomarca.com\/wordpress\/segunda\/ca\/wp-json\/wp\/v2\/tags?post=299227"}],"curies":[{"name":"wp","href":"https:\/\/api.w.org\/{rel}","templated":true}]}}