{"id":299240,"date":"2026-04-20T10:30:00","date_gmt":"2026-04-20T08:30:00","guid":{"rendered":"https:\/\/www.tucomarca.com\/wordpress\/segunda\/?p=299240"},"modified":"2026-04-20T18:39:49","modified_gmt":"2026-04-20T16:39:49","slug":"guillermo-estiballes-presenta-a-bunyol-la-seua-nova-novella-la-ultima-fiesta-ambientada-en-esta-localitat","status":"publish","type":"post","link":"https:\/\/www.tucomarca.com\/wordpress\/segunda\/ca\/guillermo-estiballes-presenta-a-bunyol-la-seua-nova-novella-la-ultima-fiesta-ambientada-en-esta-localitat\/","title":{"rendered":"Guillermo Estiballes presenta a Bunyol la seua nova novel\u00b7la &#8220;La \u00faltima fiesta&#8221;, ambientada en esta localitat"},"content":{"rendered":"\n<h3 class=\"wp-block-heading\">La nova novel\u00b7la de Guillermo Estiballes, ambientada a Bunyol, es presentar\u00e0 al p\u00fablic a la sala Raga de la Biblioteca Municipal el pr\u00f2xim 30 d\u2019abril.<\/h3>\n\n\n<div class=\"wp-block-image\">\n<figure class=\"alignleft size-large is-resized\"><img loading=\"lazy\" decoding=\"async\" width=\"877\" height=\"1024\" src=\"https:\/\/www.tucomarca.com\/wordpress\/segunda\/wp-content\/uploads\/2026\/04\/GuillermoEstiballes-877x1024.jpg\" alt=\"\" class=\"wp-image-299174\" style=\"aspect-ratio:0.8564464482006022;width:342px;height:auto\" srcset=\"https:\/\/www.tucomarca.com\/wordpress\/segunda\/wp-content\/uploads\/2026\/04\/GuillermoEstiballes-877x1024.jpg 877w, https:\/\/www.tucomarca.com\/wordpress\/segunda\/wp-content\/uploads\/2026\/04\/GuillermoEstiballes-257x300.jpg 257w, https:\/\/www.tucomarca.com\/wordpress\/segunda\/wp-content\/uploads\/2026\/04\/GuillermoEstiballes-768x896.jpg 768w, https:\/\/www.tucomarca.com\/wordpress\/segunda\/wp-content\/uploads\/2026\/04\/GuillermoEstiballes.jpg 886w\" sizes=\"auto, (max-width: 877px) 100vw, 877px\" \/><\/figure>\n<\/div>\n\n\n<p>L\u2019escriptor <strong>Guillermo Estiballes<\/strong> (Bilbao, 1980), establit a Bunyol des de fa prop de dos d\u00e8cades, continua consolidant la seua traject\u00f2ria liter\u00e0ria amb un nou gir creatiu. Despr\u00e9s d\u2019una carrera marcada per la versatilitat de g\u00e8neres i registres, l\u2019autor bilba\u00ed s\u2019endinsa per primera vegada en la novel\u00b7la negra amb <em>La \u00faltima fiesta<\/em>, publicada al mar\u00e7 de 2026 per Roca Penguin Random House.<\/p>\n\n\n\n<p>L\u2019obra ser\u00e0 presentada el pr\u00f2xim <strong>dijous, 30 d\u2019abril, a les 19,00 hores a la sala Raga de la Biblioteca Municipal<\/strong> de Bunyol i comptar\u00e0 amb el suport de <em>La librer\u00eda de do\u00f1a Leo<\/em>, on des de fa unes setmanes es poden adquirir exemplars.<\/p>\n\n\n\n<p>L\u2019acte comptar\u00e0 amb la participaci\u00f3 del mateix Estiballes, <strong>acompanyat per Ana Perell\u00f3<\/strong>, antiga col\u00b7laboradora radiof\u00f2nica en el programa <em>Palabras en el aire<\/em> i exbibliotec\u00e0ria de la localitat, en el que es preveu com un <strong>encontre pr\u00f2xim<\/strong> amb els lectors.<\/p>\n\n\n\n<p>Amb una producci\u00f3 liter\u00e0ria que inclou <strong>cinc novel\u00b7les i nombrosos relats<\/strong> publicats en plataformes digitals, Estiballes ha cultivat un estil caracteritzat per l\u2019eclecticisme. Al llarg de la seua traject\u00f2ria ha transitat per la novel\u00b7la social, la ci\u00e8ncia-ficci\u00f3, el costumisme o el realisme m\u00e0gic, consolidant una veu narrativa flexible i recognoscible. Entre les seues obres destaquen <em>Imagina que eres dios<\/em> (2016), guardonada amb el IV Premio de Novela Tandaia; <em>Las reliquias de Dirce<\/em> (2018), i <em>Las escamas del primigenio<\/em> (2019), ambdues pertanyents a la saga <em>Secretos de Pompeya<\/em>; aix\u00ed com <em>Otra luna enterrada<\/em> (2020), ambientada tamb\u00e9 a Bu\u00f1ol.<\/p>\n\n\n\n<p>A m\u00e9s, ha col\u00b7laborat en mitjans radiof\u00f2nics especialitzats en misteri i cultura, i ha participat en projectes creatius amb el grup bisca\u00ed La Kontra.<\/p>\n\n\n<div class=\"wp-block-image\">\n<figure class=\"alignleft size-large is-resized\"><img loading=\"lazy\" decoding=\"async\" width=\"674\" height=\"1024\" src=\"https:\/\/www.tucomarca.com\/wordpress\/segunda\/wp-content\/uploads\/2026\/04\/LaUltimaFiesta-674x1024.jpg\" alt=\"\" class=\"wp-image-299176\" style=\"width:319px;height:auto\" srcset=\"https:\/\/www.tucomarca.com\/wordpress\/segunda\/wp-content\/uploads\/2026\/04\/LaUltimaFiesta-674x1024.jpg 674w, https:\/\/www.tucomarca.com\/wordpress\/segunda\/wp-content\/uploads\/2026\/04\/LaUltimaFiesta-197x300.jpg 197w, https:\/\/www.tucomarca.com\/wordpress\/segunda\/wp-content\/uploads\/2026\/04\/LaUltimaFiesta-768x1167.jpg 768w, https:\/\/www.tucomarca.com\/wordpress\/segunda\/wp-content\/uploads\/2026\/04\/LaUltimaFiesta.jpg 886w\" sizes=\"auto, (max-width: 674px) 100vw, 674px\" \/><\/figure>\n<\/div>\n\n\n<p>En <em>La \u00faltima fiesta<\/em>, l\u2019autor trasllada la seua mirada narrativa al terreny del <em>noir<\/em> contemporani amb una proposta que <strong>s\u2019allunya dels codis m\u00e9s foscos i violents<\/strong> del g\u00e8nere. La novel\u00b7la planteja una trama \u00e0gil i directa: l\u2019aparici\u00f3 sense vida de l\u2019escriptora Rosa Grillaud a la cimentera abandonada de la vila de Bu\u00f1ol desencadena una investigaci\u00f3 policial liderada pel sergent <strong>Mateo Masmano<\/strong>. El que en un principi sembla un succ\u00e9s a\u00efllat prompte revela connexions m\u00e9s complexes, amb nous cad\u00e0vers i una xarxa d\u2019indicis que apunten a un pla acuradament dissenyat.<\/p>\n\n\n\n<p>No obstant aix\u00f2, m\u00e9s enll\u00e0 de la intriga criminal, l\u2019obra posa el focus en <strong>elements humans i socials<\/strong>. Estiballes construeix una hist\u00f2ria on destaquen les <strong>relacions personals<\/strong>, els <strong>vincles familiars<\/strong> i les tensions derivades de la <strong>dificultat per a conciliar<\/strong> la vida laboral i l\u2019afectiva en l\u2019actualitat. La novel\u00b7la se situa en la <strong>primavera de 2025<\/strong> i es nodrix d\u2019un entorn recognoscible \u2014<strong>Bunyol, Val\u00e8ncia i els seus voltants<\/strong>\u2014, incorporant refer\u00e8ncies a fets recents com la dana que va assotar la prov\u00edncia a l\u2019octubre de 2024.<\/p>\n\n\n\n<p><strong>Lluny del to ombr\u00edvol que domina<\/strong> bona part de la novel\u00b7la negra actual, <em>La \u00faltima fiesta<\/em> aposta per una <strong>narrativa lluminosa<\/strong>, amb un <strong>ritme trepidant<\/strong> i una prosa accessible que prioritza la proximitat amb el lector. El resultat \u00e9s una obra que combina <strong>intriga i quotidianitat<\/strong>, amb <strong>personatges definits<\/strong> pel seu car\u00e0cter i un context que actua com a element clau de la hist\u00f2ria.<\/p>\n\n\n\n<p><strong>La presentaci\u00f3 a Bunyol<\/strong> suposa, a m\u00e9s, un <strong>retorn<\/strong> simb\u00f2lic de l\u2019autor a <strong>l\u2019escenari que inspira la seua obra m\u00e9s recent<\/strong>, refor\u00e7ant el vincle entre creaci\u00f3 liter\u00e0ria i territori. Un esdeveniment que es perfila com <strong>una oportunitat per a descobrir<\/strong> <strong>una faceta in\u00e8dita d\u2019Estiballes<\/strong> i per a acostar-se a una novel\u00b7la que, des de l\u2019\u00e0mbit local, aspira a connectar amb <strong>preocupacions universals<\/strong>.<\/p>\n","protected":false},"excerpt":{"rendered":"<div class=\"mh-excerpt\">La nova novel\u00b7la de Guillermo Estiballes, ambientada a Bunyol, es presentar\u00e0 al p\u00fablic a la sala Raga de la Biblioteca Municipal el pr\u00f2xim 30 d\u2019abril. L\u2019escriptor Guillermo Estiballes (Bilbao, 1980), establit a Bunyol des de <a class=\"mh-excerpt-more\" href=\"https:\/\/www.tucomarca.com\/wordpress\/segunda\/ca\/guillermo-estiballes-presenta-a-bunyol-la-seua-nova-novella-la-ultima-fiesta-ambientada-en-esta-localitat\/\" title=\"Guillermo Estiballes presenta a Bunyol la seua nova novel\u00b7la &#8220;La \u00faltima fiesta&#8221;, ambientada en esta localitat\">[+] <\/a><\/div>\n","protected":false},"author":12,"featured_media":299239,"comment_status":"closed","ping_status":"open","sticky":false,"template":"","format":"standard","meta":{"footnotes":""},"categories":[11019,10911,10898,10894,10912,11007,10896],"tags":[10913,10914],"class_list":{"0":"post-299240","1":"post","2":"type-post","3":"status-publish","4":"format-standard","5":"has-post-thumbnail","7":"category-agenda-ca","8":"category-bunol-ca","9":"category-ventana-ca","10":"category-la-comarca-ca","11":"category-la-hoya-ca","12":"category-ocio-y-cultura-ca","13":"category-seccion-ca","14":"tag-bunol-ca","15":"tag-la-hoya-de-bunol-chiva-ca"},"_links":{"self":[{"href":"https:\/\/www.tucomarca.com\/wordpress\/segunda\/ca\/wp-json\/wp\/v2\/posts\/299240","targetHints":{"allow":["GET"]}}],"collection":[{"href":"https:\/\/www.tucomarca.com\/wordpress\/segunda\/ca\/wp-json\/wp\/v2\/posts"}],"about":[{"href":"https:\/\/www.tucomarca.com\/wordpress\/segunda\/ca\/wp-json\/wp\/v2\/types\/post"}],"author":[{"embeddable":true,"href":"https:\/\/www.tucomarca.com\/wordpress\/segunda\/ca\/wp-json\/wp\/v2\/users\/12"}],"replies":[{"embeddable":true,"href":"https:\/\/www.tucomarca.com\/wordpress\/segunda\/ca\/wp-json\/wp\/v2\/comments?post=299240"}],"version-history":[{"count":2,"href":"https:\/\/www.tucomarca.com\/wordpress\/segunda\/ca\/wp-json\/wp\/v2\/posts\/299240\/revisions"}],"predecessor-version":[{"id":299299,"href":"https:\/\/www.tucomarca.com\/wordpress\/segunda\/ca\/wp-json\/wp\/v2\/posts\/299240\/revisions\/299299"}],"wp:featuredmedia":[{"embeddable":true,"href":"https:\/\/www.tucomarca.com\/wordpress\/segunda\/ca\/wp-json\/wp\/v2\/media\/299239"}],"wp:attachment":[{"href":"https:\/\/www.tucomarca.com\/wordpress\/segunda\/ca\/wp-json\/wp\/v2\/media?parent=299240"}],"wp:term":[{"taxonomy":"category","embeddable":true,"href":"https:\/\/www.tucomarca.com\/wordpress\/segunda\/ca\/wp-json\/wp\/v2\/categories?post=299240"},{"taxonomy":"post_tag","embeddable":true,"href":"https:\/\/www.tucomarca.com\/wordpress\/segunda\/ca\/wp-json\/wp\/v2\/tags?post=299240"}],"curies":[{"name":"wp","href":"https:\/\/api.w.org\/{rel}","templated":true}]}}