{"id":299242,"date":"2026-04-19T08:00:00","date_gmt":"2026-04-19T06:00:00","guid":{"rendered":"https:\/\/www.tucomarca.com\/wordpress\/segunda\/?p=299242"},"modified":"2026-04-20T18:31:07","modified_gmt":"2026-04-20T16:31:07","slug":"el-psoe-de-bunyol-acusa-el-pp-de-mentir-sobre-el-conservatori-per-a-tapar-la-seua-falta-de-gestio","status":"publish","type":"post","link":"https:\/\/www.tucomarca.com\/wordpress\/segunda\/ca\/el-psoe-de-bunyol-acusa-el-pp-de-mentir-sobre-el-conservatori-per-a-tapar-la-seua-falta-de-gestio\/","title":{"rendered":"El PSOE de Bunyol acusa el PP de &#8220;mentir sobre el Conservatori per a tapar la seua falta de gesti\u00f3&#8221;"},"content":{"rendered":"\n<p>El PSOE de Bunyol ha desmentit les declaracions de l&#8217;alcaldessa del Partit Popular sobre el projecte del Conservatori i la seua inclusi\u00f3 en el Pla Edificant, qualificant-les de &#8220;una manipulaci\u00f3 interessada per a justificar la paralitzaci\u00f3 d&#8217;una iniciativa viable i necess\u00e0ria per al municipi&#8221;, segons han manifestat.<\/p>\n\n\n\n<p>El Grup Municipal Socialista considera &#8220;#greu que l&#8217;alcaldessa assegure en xarxes socials que el PSOE va mentir i que hi ha informes t\u00e8cnics que l&#8217;acrediten&#8221;. Els socialistes rebutgen &#8220;de pla que el Pla Edificant no contemplara l&#8217;actuaci\u00f3 plantejada. \u00c9s fals. L&#8217;edifici \u00e9s propietat de la Generalitat Valenciana i estava cedit a l&#8217;Ajuntament, la qual cosa permetia perfectament la seua inclusi\u00f3 en el programa, m\u00e9s encara integrant usos educatius com la EPA, la EOI i el Conservatori&#8221;, expliquen. &#8220;Aix\u00ed es va validar en el seu moment i aix\u00ed es va tramitar, amb tots els informes i procediments en regla&#8221;, tal com afigen.<\/p>\n\n\n\n<p>&#8220;Enfront de l&#8217;afirmaci\u00f3 del PP que no hi havia suport t\u00e8cnic ni legal, el PSOE \u00e9s clar: L&#8217;expedient existeix, \u00e9s s\u00f2lid i demostra exactament el contrari&#8221;; i recorden &#8220;que es va licitar i va adjudicar la redacci\u00f3 del projecte, que va ser desenvolupada per l&#8217;equip t\u00e8cnic corresponent i finan\u00e7ada pel propi Pla Edificant. Si realment no fora viable, mai s&#8217;hauria arribat a eixe punt&#8221;.<\/p>\n\n\n\n<p>Els socialistes tamb\u00e9 volen &#8220;desmuntar l&#8217;argument de la paralitzaci\u00f3: No es va frenar per falta d&#8217;informes favorables, sin\u00f3 per l&#8217;increment extraordinari de costos derivat de la guerra d&#8217;Ucra\u00efna, que va obligar a revisar el projecte com va oc\u00f3rrer en tota Espanya&#8221;. En aquest sentit, subratllen &#8220;que el problema mai va ser jur\u00eddic ni t\u00e8cnic, sin\u00f3 una conjuntura econ\u00f2mica que requeria adaptaci\u00f3 i continu\u00eftat pol\u00edtica&#8221;.<\/p>\n\n\n\n<p>Sobre l&#8217;anunci de l&#8217;actual equip de govern, el PSOE adverteix &#8220;que no han desbloquejat res nou. El que estan fent \u00e9s intentar reapropiar-se d&#8217;un treball ja fet&#8221;.<\/p>\n\n\n\n<p>Per part seua, la regidora socialista Mar\u00eda Vall\u00e9s ha assegurat &#8220;que l&#8217;alcaldessa del PP est\u00e0 intentant confondre a la ciutadania. El problema no \u00e9s t\u00e8cnic, \u00e9s pol\u00edtic. Han paralitzat un projecte \u00fatil, viable i necessari per a Bunyol i ara busquen justificar la seua inacci\u00f3 mentint sobre les gestions de l&#8217;anterior govern. El que falta no s\u00f3n informes: el que falta \u00e9s voluntat&#8221;.<\/p>\n\n\n\n<p>El PSOE de Bunyol ha recalcat que continuar\u00e0 &#8220;defensant una pol\u00edtica \u00fatil, basada en la veritat, la responsabilitat i el comprom\u00eds amb el futur educatiu del municipi. Bunyol necessita solucions, no excuses&#8221;, han concl\u00f2s.<\/p>\n\n\n\n<figure class=\"wp-block-image size-full\"><img loading=\"lazy\" decoding=\"async\" width=\"940\" height=\"788\" src=\"https:\/\/www.tucomarca.com\/wordpress\/segunda\/wp-content\/uploads\/2026\/04\/PSOE.jpeg\" alt=\"\" class=\"wp-image-299209\" srcset=\"https:\/\/www.tucomarca.com\/wordpress\/segunda\/wp-content\/uploads\/2026\/04\/PSOE.jpeg 940w, https:\/\/www.tucomarca.com\/wordpress\/segunda\/wp-content\/uploads\/2026\/04\/PSOE-300x251.jpeg 300w, https:\/\/www.tucomarca.com\/wordpress\/segunda\/wp-content\/uploads\/2026\/04\/PSOE-768x644.jpeg 768w\" sizes=\"auto, (max-width: 940px) 100vw, 940px\" \/><\/figure>\n","protected":false},"excerpt":{"rendered":"<div class=\"mh-excerpt\">El PSOE de Bunyol ha desmentit les declaracions de l&#8217;alcaldessa del Partit Popular sobre el projecte del Conservatori i la seua inclusi\u00f3 en el Pla Edificant, qualificant-les de &#8220;una manipulaci\u00f3 interessada per a justificar la <a class=\"mh-excerpt-more\" href=\"https:\/\/www.tucomarca.com\/wordpress\/segunda\/ca\/el-psoe-de-bunyol-acusa-el-pp-de-mentir-sobre-el-conservatori-per-a-tapar-la-seua-falta-de-gestio\/\" title=\"El PSOE de Bunyol acusa el PP de &#8220;mentir sobre el Conservatori per a tapar la seua falta de gesti\u00f3&#8221;\">[+] <\/a><\/div>\n","protected":false},"author":12,"featured_media":114019,"comment_status":"closed","ping_status":"open","sticky":false,"template":"","format":"standard","meta":{"footnotes":""},"categories":[10911,10948,10894,10912,10947,10896],"tags":[10913,10914,11381],"class_list":{"0":"post-299242","1":"post","2":"type-post","3":"status-publish","4":"format-standard","5":"has-post-thumbnail","7":"category-bunol-ca","8":"category-infraestructuras-ca","9":"category-la-comarca-ca","10":"category-la-hoya-ca","11":"category-politica","12":"category-seccion-ca","13":"tag-bunol-ca","14":"tag-la-hoya-de-bunol-chiva-ca","15":"tag-pspv-psoe-bunol-ca"},"_links":{"self":[{"href":"https:\/\/www.tucomarca.com\/wordpress\/segunda\/ca\/wp-json\/wp\/v2\/posts\/299242","targetHints":{"allow":["GET"]}}],"collection":[{"href":"https:\/\/www.tucomarca.com\/wordpress\/segunda\/ca\/wp-json\/wp\/v2\/posts"}],"about":[{"href":"https:\/\/www.tucomarca.com\/wordpress\/segunda\/ca\/wp-json\/wp\/v2\/types\/post"}],"author":[{"embeddable":true,"href":"https:\/\/www.tucomarca.com\/wordpress\/segunda\/ca\/wp-json\/wp\/v2\/users\/12"}],"replies":[{"embeddable":true,"href":"https:\/\/www.tucomarca.com\/wordpress\/segunda\/ca\/wp-json\/wp\/v2\/comments?post=299242"}],"version-history":[{"count":1,"href":"https:\/\/www.tucomarca.com\/wordpress\/segunda\/ca\/wp-json\/wp\/v2\/posts\/299242\/revisions"}],"predecessor-version":[{"id":299243,"href":"https:\/\/www.tucomarca.com\/wordpress\/segunda\/ca\/wp-json\/wp\/v2\/posts\/299242\/revisions\/299243"}],"wp:featuredmedia":[{"embeddable":true,"href":"https:\/\/www.tucomarca.com\/wordpress\/segunda\/ca\/wp-json\/wp\/v2\/media\/114019"}],"wp:attachment":[{"href":"https:\/\/www.tucomarca.com\/wordpress\/segunda\/ca\/wp-json\/wp\/v2\/media?parent=299242"}],"wp:term":[{"taxonomy":"category","embeddable":true,"href":"https:\/\/www.tucomarca.com\/wordpress\/segunda\/ca\/wp-json\/wp\/v2\/categories?post=299242"},{"taxonomy":"post_tag","embeddable":true,"href":"https:\/\/www.tucomarca.com\/wordpress\/segunda\/ca\/wp-json\/wp\/v2\/tags?post=299242"}],"curies":[{"name":"wp","href":"https:\/\/api.w.org\/{rel}","templated":true}]}}