{"id":299259,"date":"2026-04-21T09:00:00","date_gmt":"2026-04-21T07:00:00","guid":{"rendered":"https:\/\/www.tucomarca.com\/wordpress\/segunda\/?p=299259"},"modified":"2026-04-21T20:50:21","modified_gmt":"2026-04-21T18:50:21","slug":"la-fira-dabril-omplira-dambient-andalus-el-passeig-de-sant-lluis-de-bunyol-aquest-divendres-i-dissabte","status":"publish","type":"post","link":"https:\/\/www.tucomarca.com\/wordpress\/segunda\/ca\/la-fira-dabril-omplira-dambient-andalus-el-passeig-de-sant-lluis-de-bunyol-aquest-divendres-i-dissabte\/","title":{"rendered":"La Fira d&#8217;Abril omplir\u00e0 d&#8217;ambient andal\u00fas el Passeig de Sant Llu\u00eds de Bunyol aquest dissabte i diumenge"},"content":{"rendered":"\n<p>La Falla Reis Cat\u00f2lics i Adjacents de Bunyol celebrar\u00e0 els pr\u00f2xims 25 i 26 d&#8217;abril la seua ja tradicional Fira d&#8217;Abril en el Passeig de Sant Llu\u00eds, amb una programaci\u00f3 variada que combinar\u00e0 m\u00fasica, gastronomia i activitats per a tots els p\u00fablics.<\/p>\n\n\n\n<p>L&#8217;esdeveniment arrancar\u00e0 el dissabte 25 d&#8217;abril a partir de les 18:30 hores amb una jornada festiva en la qual no faltaran l&#8217;ambient andal\u00fas, el servei de sopars, la m\u00fasica i l&#8217;animaci\u00f3. Entre els plats forts de la programaci\u00f3 destaca l&#8217;actuaci\u00f3 del grup flamenc <strong><em>De Triana al Roc\u00edo<\/em><\/strong>, que posar\u00e0 ritme a la vetlada amb un espectacle en directe.<\/p>\n\n\n\n<p>Durant el cap de setmana, ve\u00efns i visitants podran gaudir tamb\u00e9 de propostes com a \u201cquinto i tapa\u201d, activitats infantils i una discom\u00f3vil, en un entorn pensat per a la conviv\u00e8ncia i l&#8217;oci familiar.<\/p>\n\n\n\n<p>El diumenge 26 d&#8217;abril continuar\u00e0 la programaci\u00f3 en el mateix enclavament, consolidant aquesta Fira d&#8217;Abril com una de les cites l\u00fadiques m\u00e9s destacades del calendari festiu local.<\/p>\n\n\n\n<p>Organitzada per la Falla Reis Cat\u00f2lics i Adjacents, la iniciativa compta amb la col\u00b7laboraci\u00f3 de l&#8217;Ajuntament de Bunyol i torna a apostar per acostar l&#8217;ess\u00e8ncia de la Fira a Bunyol, convertint el Passeig de Sant Llu\u00eds en un punt de trobada per a la diversi\u00f3. Informa, <strong>P. Ferrer<\/strong>.<\/p>\n\n\n\n<figure class=\"wp-block-gallery has-nested-images columns-2 is-cropped wp-block-gallery-1 is-layout-flex wp-block-gallery-is-layout-flex\">\n<figure class=\"wp-block-image size-large\"><img loading=\"lazy\" decoding=\"async\" width=\"1024\" height=\"1024\" data-id=\"299249\" src=\"https:\/\/www.tucomarca.com\/wordpress\/segunda\/wp-content\/uploads\/2026\/04\/RRCCFeriaAbril2-1024x1024.png\" alt=\"\" class=\"wp-image-299249\" srcset=\"https:\/\/www.tucomarca.com\/wordpress\/segunda\/wp-content\/uploads\/2026\/04\/RRCCFeriaAbril2-1024x1024.png 1024w, https:\/\/www.tucomarca.com\/wordpress\/segunda\/wp-content\/uploads\/2026\/04\/RRCCFeriaAbril2-300x300.png 300w, https:\/\/www.tucomarca.com\/wordpress\/segunda\/wp-content\/uploads\/2026\/04\/RRCCFeriaAbril2-290x290.png 290w, https:\/\/www.tucomarca.com\/wordpress\/segunda\/wp-content\/uploads\/2026\/04\/RRCCFeriaAbril2-768x768.png 768w, https:\/\/www.tucomarca.com\/wordpress\/segunda\/wp-content\/uploads\/2026\/04\/RRCCFeriaAbril2.png 1080w\" sizes=\"auto, (max-width: 1024px) 100vw, 1024px\" \/><\/figure>\n\n\n\n<figure class=\"wp-block-image size-large\"><img loading=\"lazy\" decoding=\"async\" width=\"1024\" height=\"1024\" data-id=\"299255\" src=\"https:\/\/www.tucomarca.com\/wordpress\/segunda\/wp-content\/uploads\/2026\/04\/RRCCFeriaAbril5-1024x1024.png\" alt=\"\" class=\"wp-image-299255\" srcset=\"https:\/\/www.tucomarca.com\/wordpress\/segunda\/wp-content\/uploads\/2026\/04\/RRCCFeriaAbril5-1024x1024.png 1024w, https:\/\/www.tucomarca.com\/wordpress\/segunda\/wp-content\/uploads\/2026\/04\/RRCCFeriaAbril5-300x300.png 300w, https:\/\/www.tucomarca.com\/wordpress\/segunda\/wp-content\/uploads\/2026\/04\/RRCCFeriaAbril5-290x290.png 290w, https:\/\/www.tucomarca.com\/wordpress\/segunda\/wp-content\/uploads\/2026\/04\/RRCCFeriaAbril5-768x768.png 768w, https:\/\/www.tucomarca.com\/wordpress\/segunda\/wp-content\/uploads\/2026\/04\/RRCCFeriaAbril5.png 1080w\" sizes=\"auto, (max-width: 1024px) 100vw, 1024px\" \/><\/figure>\n\n\n\n<figure class=\"wp-block-image size-large\"><img loading=\"lazy\" decoding=\"async\" width=\"1024\" height=\"1024\" data-id=\"299251\" src=\"https:\/\/www.tucomarca.com\/wordpress\/segunda\/wp-content\/uploads\/2026\/04\/RRCCFeriaAbril3-1024x1024.png\" alt=\"\" class=\"wp-image-299251\" srcset=\"https:\/\/www.tucomarca.com\/wordpress\/segunda\/wp-content\/uploads\/2026\/04\/RRCCFeriaAbril3-1024x1024.png 1024w, https:\/\/www.tucomarca.com\/wordpress\/segunda\/wp-content\/uploads\/2026\/04\/RRCCFeriaAbril3-300x300.png 300w, https:\/\/www.tucomarca.com\/wordpress\/segunda\/wp-content\/uploads\/2026\/04\/RRCCFeriaAbril3-290x290.png 290w, https:\/\/www.tucomarca.com\/wordpress\/segunda\/wp-content\/uploads\/2026\/04\/RRCCFeriaAbril3-768x768.png 768w, https:\/\/www.tucomarca.com\/wordpress\/segunda\/wp-content\/uploads\/2026\/04\/RRCCFeriaAbril3.png 1080w\" sizes=\"auto, (max-width: 1024px) 100vw, 1024px\" \/><\/figure>\n\n\n\n<figure class=\"wp-block-image size-large\"><img loading=\"lazy\" decoding=\"async\" width=\"1024\" height=\"1024\" data-id=\"299253\" src=\"https:\/\/www.tucomarca.com\/wordpress\/segunda\/wp-content\/uploads\/2026\/04\/RRCCFeriaAbril4-1024x1024.png\" alt=\"\" class=\"wp-image-299253\" srcset=\"https:\/\/www.tucomarca.com\/wordpress\/segunda\/wp-content\/uploads\/2026\/04\/RRCCFeriaAbril4-1024x1024.png 1024w, https:\/\/www.tucomarca.com\/wordpress\/segunda\/wp-content\/uploads\/2026\/04\/RRCCFeriaAbril4-300x300.png 300w, https:\/\/www.tucomarca.com\/wordpress\/segunda\/wp-content\/uploads\/2026\/04\/RRCCFeriaAbril4-290x290.png 290w, https:\/\/www.tucomarca.com\/wordpress\/segunda\/wp-content\/uploads\/2026\/04\/RRCCFeriaAbril4-768x768.png 768w, https:\/\/www.tucomarca.com\/wordpress\/segunda\/wp-content\/uploads\/2026\/04\/RRCCFeriaAbril4.png 1080w\" sizes=\"auto, (max-width: 1024px) 100vw, 1024px\" \/><\/figure>\n<\/figure>\n","protected":false},"excerpt":{"rendered":"<div class=\"mh-excerpt\">La Falla Reis Cat\u00f2lics i Adjacents de Bunyol celebrar\u00e0 els pr\u00f2xims 25 i 26 d&#8217;abril la seua ja tradicional Fira d&#8217;Abril en el Passeig de Sant Llu\u00eds, amb una programaci\u00f3 variada que combinar\u00e0 m\u00fasica, gastronomia <a class=\"mh-excerpt-more\" href=\"https:\/\/www.tucomarca.com\/wordpress\/segunda\/ca\/la-fira-dabril-omplira-dambient-andalus-el-passeig-de-sant-lluis-de-bunyol-aquest-divendres-i-dissabte\/\" title=\"La Fira d&#8217;Abril omplir\u00e0 d&#8217;ambient andal\u00fas el Passeig de Sant Llu\u00eds de Bunyol aquest dissabte i diumenge\">[+] <\/a><\/div>\n","protected":false},"author":12,"featured_media":299248,"comment_status":"closed","ping_status":"open","sticky":false,"template":"","format":"gallery","meta":{"footnotes":""},"categories":[11019,10911,10894,10912,11007,10896],"tags":[10913,11948,22239,10914],"class_list":{"0":"post-299259","1":"post","2":"type-post","3":"status-publish","4":"format-gallery","5":"has-post-thumbnail","7":"category-agenda-ca","8":"category-bunol-ca","9":"category-la-comarca-ca","10":"category-la-hoya-ca","11":"category-ocio-y-cultura-ca","12":"category-seccion-ca","13":"tag-bunol-ca","14":"tag-falla-reyes-catolicos-y-adyacentes-ca","15":"tag-feria-de-abril-ca","16":"tag-la-hoya-de-bunol-chiva-ca","17":"post_format-post-format-gallery"},"_links":{"self":[{"href":"https:\/\/www.tucomarca.com\/wordpress\/segunda\/ca\/wp-json\/wp\/v2\/posts\/299259","targetHints":{"allow":["GET"]}}],"collection":[{"href":"https:\/\/www.tucomarca.com\/wordpress\/segunda\/ca\/wp-json\/wp\/v2\/posts"}],"about":[{"href":"https:\/\/www.tucomarca.com\/wordpress\/segunda\/ca\/wp-json\/wp\/v2\/types\/post"}],"author":[{"embeddable":true,"href":"https:\/\/www.tucomarca.com\/wordpress\/segunda\/ca\/wp-json\/wp\/v2\/users\/12"}],"replies":[{"embeddable":true,"href":"https:\/\/www.tucomarca.com\/wordpress\/segunda\/ca\/wp-json\/wp\/v2\/comments?post=299259"}],"version-history":[{"count":4,"href":"https:\/\/www.tucomarca.com\/wordpress\/segunda\/ca\/wp-json\/wp\/v2\/posts\/299259\/revisions"}],"predecessor-version":[{"id":299571,"href":"https:\/\/www.tucomarca.com\/wordpress\/segunda\/ca\/wp-json\/wp\/v2\/posts\/299259\/revisions\/299571"}],"wp:featuredmedia":[{"embeddable":true,"href":"https:\/\/www.tucomarca.com\/wordpress\/segunda\/ca\/wp-json\/wp\/v2\/media\/299248"}],"wp:attachment":[{"href":"https:\/\/www.tucomarca.com\/wordpress\/segunda\/ca\/wp-json\/wp\/v2\/media?parent=299259"}],"wp:term":[{"taxonomy":"category","embeddable":true,"href":"https:\/\/www.tucomarca.com\/wordpress\/segunda\/ca\/wp-json\/wp\/v2\/categories?post=299259"},{"taxonomy":"post_tag","embeddable":true,"href":"https:\/\/www.tucomarca.com\/wordpress\/segunda\/ca\/wp-json\/wp\/v2\/tags?post=299259"}],"curies":[{"name":"wp","href":"https:\/\/api.w.org\/{rel}","templated":true}]}}