{"id":299273,"date":"2026-04-17T18:00:00","date_gmt":"2026-04-17T16:00:00","guid":{"rendered":"https:\/\/www.tucomarca.com\/wordpress\/segunda\/?p=299273"},"modified":"2026-04-20T19:23:15","modified_gmt":"2026-04-20T17:23:15","slug":"ens-uneix-recolza-a-valencia-la-recollida-de-signatures-dels-municipalistes-per-rebaixar-el-llisto-electoral-al-3","status":"publish","type":"post","link":"https:\/\/www.tucomarca.com\/wordpress\/segunda\/ca\/ens-uneix-recolza-a-valencia-la-recollida-de-signatures-dels-municipalistes-per-rebaixar-el-llisto-electoral-al-3\/","title":{"rendered":"Ens Uneix recolza a Val\u00e8ncia la recollida de signatures dels Municipalistes per rebaixar el llist\u00f3 electoral al 3%"},"content":{"rendered":"\n<h3 class=\"wp-block-heading\">La formaci\u00f3 comarcalista instal.la una carpa divendres i dissabte per aconseguir les signatures necess\u00e0ries per reformar la Llei Electoral Valenciana.<\/h3>\n\n\n\n<p>La formaci\u00f3 Ens Uneix trasllada aquest cap de setmana a la ciutat de Val\u00e8ncia la campanya que, junt a la Uni\u00f3 Municipalista, est\u00e0 recorrent tot el territori valenci\u00e0 per a impulsar la Iniciativa Legislativa Popular (ILP) de reforma de la Llei Electoral. Per a fer-ho, s&#8217;habilitar\u00e0 un punt de trobada a la pla\u00e7a dels Pinazo el divendres 17 d\u2019abril, de 16:00 h a 20:00 h, i el dissabte 18 d\u2019abril, de 10:00 h a 14:00 h. La vicepresidenta de la Diputaci\u00f3 de Val\u00e8ncia i portaveu d&#8217;Ens Uneix, Natalia Enguix, encap\u00e7alar\u00e0 l&#8217;acci\u00f3 durant la jornada de divendres per acompanyar l&#8217;equip i explicar directament als vianants els detalls i la necessitat d&#8217;aquesta proposta de reforma normativa.<\/p>\n\n\n\n<p>Aquesta nova cita a la capital s\u2019emmarca en el proc\u00e9s d\u2019ampliaci\u00f3 de signatures despr\u00e9s d\u2019haver superat ja el m\u00ednim de 10.000 firmes requerides per a la tramitaci\u00f3 de la iniciativa. Segons expliquen des d\u2019Ens Uneix, el recompte definitiu es realitzar\u00e0 en les properes setmanes abans de l&#8217;entrega formal a la Junta Electoral per a la seua validaci\u00f3 i posterior tramesa a Les Corts Valencianes per a iniciar el debat parlamentari. Des de la formaci\u00f3 s\u2019assenyala que la proposta \u00e9s una oportunitat per a millorar la qualitat democr\u00e0tica i reduir la desafecci\u00f3 pol\u00edtica, especialment en un context on la situaci\u00f3 pol\u00edtica actual mostra massa sovint una carrera per veure qui treu r\u00e8dit de les crisis en lloc de treballar junts per millorar la vida de les persones.<\/p>\n\n\n\n<figure class=\"wp-block-gallery has-nested-images columns-2 is-cropped wp-block-gallery-1 is-layout-flex wp-block-gallery-is-layout-flex\">\n<figure class=\"wp-block-image size-large\"><img loading=\"lazy\" decoding=\"async\" width=\"1024\" height=\"640\" data-id=\"299266\" src=\"https:\/\/www.tucomarca.com\/wordpress\/segunda\/wp-content\/uploads\/2026\/04\/EnsUneix_ILP1-1024x640.jpg\" alt=\"\" class=\"wp-image-299266\" srcset=\"https:\/\/www.tucomarca.com\/wordpress\/segunda\/wp-content\/uploads\/2026\/04\/EnsUneix_ILP1-1024x640.jpg 1024w, https:\/\/www.tucomarca.com\/wordpress\/segunda\/wp-content\/uploads\/2026\/04\/EnsUneix_ILP1-300x188.jpg 300w, https:\/\/www.tucomarca.com\/wordpress\/segunda\/wp-content\/uploads\/2026\/04\/EnsUneix_ILP1-768x480.jpg 768w, https:\/\/www.tucomarca.com\/wordpress\/segunda\/wp-content\/uploads\/2026\/04\/EnsUneix_ILP1.jpg 1371w\" sizes=\"auto, (max-width: 1024px) 100vw, 1024px\" \/><\/figure>\n\n\n\n<figure class=\"wp-block-image size-large\"><img loading=\"lazy\" decoding=\"async\" width=\"1024\" height=\"677\" data-id=\"299268\" src=\"https:\/\/www.tucomarca.com\/wordpress\/segunda\/wp-content\/uploads\/2026\/04\/Signatures_ILP-1024x677.jpg\" alt=\"\" class=\"wp-image-299268\" srcset=\"https:\/\/www.tucomarca.com\/wordpress\/segunda\/wp-content\/uploads\/2026\/04\/Signatures_ILP-1024x677.jpg 1024w, https:\/\/www.tucomarca.com\/wordpress\/segunda\/wp-content\/uploads\/2026\/04\/Signatures_ILP-300x198.jpg 300w, https:\/\/www.tucomarca.com\/wordpress\/segunda\/wp-content\/uploads\/2026\/04\/Signatures_ILP-768x508.jpg 768w, https:\/\/www.tucomarca.com\/wordpress\/segunda\/wp-content\/uploads\/2026\/04\/Signatures_ILP-1536x1015.jpg 1536w, https:\/\/www.tucomarca.com\/wordpress\/segunda\/wp-content\/uploads\/2026\/04\/Signatures_ILP-2048x1353.jpg 2048w\" sizes=\"auto, (max-width: 1024px) 100vw, 1024px\" \/><\/figure>\n\n\n\n<figure class=\"wp-block-image size-large\"><img loading=\"lazy\" decoding=\"async\" width=\"1024\" height=\"680\" data-id=\"299270\" src=\"https:\/\/www.tucomarca.com\/wordpress\/segunda\/wp-content\/uploads\/2026\/04\/Signatures_ILP1-1024x680.jpg\" alt=\"\" class=\"wp-image-299270\" srcset=\"https:\/\/www.tucomarca.com\/wordpress\/segunda\/wp-content\/uploads\/2026\/04\/Signatures_ILP1-1024x680.jpg 1024w, https:\/\/www.tucomarca.com\/wordpress\/segunda\/wp-content\/uploads\/2026\/04\/Signatures_ILP1-300x199.jpg 300w, https:\/\/www.tucomarca.com\/wordpress\/segunda\/wp-content\/uploads\/2026\/04\/Signatures_ILP1-768x510.jpg 768w, https:\/\/www.tucomarca.com\/wordpress\/segunda\/wp-content\/uploads\/2026\/04\/Signatures_ILP1-1536x1019.jpg 1536w, https:\/\/www.tucomarca.com\/wordpress\/segunda\/wp-content\/uploads\/2026\/04\/Signatures_ILP1-2048x1359.jpg 2048w\" sizes=\"auto, (max-width: 1024px) 100vw, 1024px\" \/><\/figure>\n<\/figure>\n\n\n\n<p><\/p>\n\n\n\n<p>La iniciativa impulsada per Ens Uneix i la Uni\u00f3 Municipalista planteja dues modificacions principals de la normativa electoral: reduir el llindar m\u00ednim per obtenir representaci\u00f3 parlament\u00e0ria del 5% al 3% dels vots v\u00e0lids i que el c\u00f2mput dels sufragis es realitze a nivell provincial en lloc de fer-ho a escala auton\u00f2mica. Amb el sistema actual, una formaci\u00f3 ha de superar el 5% dels vots a tota la Comunitat Valenciana, la qual cosa situa la barrera al voltant dels 125.000 vots. Si s&#8217;aprovara la reducci\u00f3 al 3%, aquest llindar baixaria fins als 75.000 vots aproximadament, facilitant que la veu de m\u00e9s ciutadans estiga representada en les institucions.<\/p>\n\n\n\n<p>La campanya ha comptat fins ara amb el suport de figures conegudes de la pol\u00edtica valenciana com M\u00f3nica Oltra Jarque o Rosa P\u00e9rez Garijo, i s\u2019ha desenvolupat intensivament en diferents municipis a trav\u00e9s dels partits integrats en la Uni\u00f3 Municipalista. La cita d&#8217;aquest divendres i dissabte a la pla\u00e7a dels Pinazo, se suma a la campanya de recollida de signatures que s\u2019ha desenvolupat al llarg dels \u00faltims mesos en diferents municipis de la Comunitat Valenciana a trav\u00e9s dels partits integrats en la Uni\u00f3 Municipalista.&nbsp;<\/p>\n","protected":false},"excerpt":{"rendered":"<div class=\"mh-excerpt\">La formaci\u00f3 comarcalista instal.la una carpa divendres i dissabte per aconseguir les signatures necess\u00e0ries per reformar la Llei Electoral Valenciana. La formaci\u00f3 Ens Uneix trasllada aquest cap de setmana a la ciutat de Val\u00e8ncia la <a class=\"mh-excerpt-more\" href=\"https:\/\/www.tucomarca.com\/wordpress\/segunda\/ca\/ens-uneix-recolza-a-valencia-la-recollida-de-signatures-dels-municipalistes-per-rebaixar-el-llisto-electoral-al-3\/\" title=\"Ens Uneix recolza a Val\u00e8ncia la recollida de signatures dels Municipalistes per rebaixar el llist\u00f3 electoral al 3%\">[+] <\/a><\/div>\n","protected":false},"author":12,"featured_media":299265,"comment_status":"closed","ping_status":"open","sticky":false,"template":"","format":"standard","meta":{"footnotes":""},"categories":[10898,10948,10894,10904,10947,10896],"tags":[20186,22056,20404,24164],"class_list":{"0":"post-299273","1":"post","2":"type-post","3":"status-publish","4":"format-standard","5":"has-post-thumbnail","7":"category-ventana-ca","8":"category-infraestructuras-ca","9":"category-la-comarca-ca","10":"category-sin-categorizar-ca","11":"category-politica","12":"category-seccion-ca","13":"tag-ens-uneix-ca","14":"tag-jorge-rodriguez-ca","15":"tag-natalia-enguix-2-ca","16":"tag-unio-municipalista"},"_links":{"self":[{"href":"https:\/\/www.tucomarca.com\/wordpress\/segunda\/ca\/wp-json\/wp\/v2\/posts\/299273","targetHints":{"allow":["GET"]}}],"collection":[{"href":"https:\/\/www.tucomarca.com\/wordpress\/segunda\/ca\/wp-json\/wp\/v2\/posts"}],"about":[{"href":"https:\/\/www.tucomarca.com\/wordpress\/segunda\/ca\/wp-json\/wp\/v2\/types\/post"}],"author":[{"embeddable":true,"href":"https:\/\/www.tucomarca.com\/wordpress\/segunda\/ca\/wp-json\/wp\/v2\/users\/12"}],"replies":[{"embeddable":true,"href":"https:\/\/www.tucomarca.com\/wordpress\/segunda\/ca\/wp-json\/wp\/v2\/comments?post=299273"}],"version-history":[{"count":3,"href":"https:\/\/www.tucomarca.com\/wordpress\/segunda\/ca\/wp-json\/wp\/v2\/posts\/299273\/revisions"}],"predecessor-version":[{"id":299338,"href":"https:\/\/www.tucomarca.com\/wordpress\/segunda\/ca\/wp-json\/wp\/v2\/posts\/299273\/revisions\/299338"}],"wp:featuredmedia":[{"embeddable":true,"href":"https:\/\/www.tucomarca.com\/wordpress\/segunda\/ca\/wp-json\/wp\/v2\/media\/299265"}],"wp:attachment":[{"href":"https:\/\/www.tucomarca.com\/wordpress\/segunda\/ca\/wp-json\/wp\/v2\/media?parent=299273"}],"wp:term":[{"taxonomy":"category","embeddable":true,"href":"https:\/\/www.tucomarca.com\/wordpress\/segunda\/ca\/wp-json\/wp\/v2\/categories?post=299273"},{"taxonomy":"post_tag","embeddable":true,"href":"https:\/\/www.tucomarca.com\/wordpress\/segunda\/ca\/wp-json\/wp\/v2\/tags?post=299273"}],"curies":[{"name":"wp","href":"https:\/\/api.w.org\/{rel}","templated":true}]}}