{"id":299286,"date":"2026-04-18T14:00:00","date_gmt":"2026-04-18T12:00:00","guid":{"rendered":"https:\/\/www.tucomarca.com\/wordpress\/segunda\/?p=299286"},"modified":"2026-04-20T18:15:49","modified_gmt":"2026-04-20T16:15:49","slug":"la-diputacio-llanca-el-podcast-territori-dipu-per-a-fomentar-lus-del-valencia-i-connectar-amb-el-public-jove","status":"publish","type":"post","link":"https:\/\/www.tucomarca.com\/wordpress\/segunda\/ca\/la-diputacio-llanca-el-podcast-territori-dipu-per-a-fomentar-lus-del-valencia-i-connectar-amb-el-public-jove\/","title":{"rendered":"La Diputaci\u00f3 llan\u00e7a el p\u00f2dcast &#8216;Territori Dipu&#8217; per a fomentar l&#8217;\u00fas del valenci\u00e0 i connectar amb el p\u00fablic jove"},"content":{"rendered":"\n<h3 class=\"wp-block-heading\">La iniciativa pret\u00e9n refor\u00e7ar la connexi\u00f3 amb la ciutadania a trav\u00e9s de referents pr\u00f2xims com la divulgadora Ladyscience, el mag Nacho Diago, l&#8217;artista Chimo Bayo, el pilotari Tonet o la Tia Visantica, entre altres.<\/h3>\n\n\n\n<p>El president, Vicent Momp\u00f3, destaca un altre dels objectius de la s\u00e8rie presentada per la periodista Ana Garrido: \u201cvolem que el valenci\u00e0 estiga viu en els formats digitals, on es constru\u00efx la conversa social\u201d<\/p>\n\n\n\n<p>La Diputaci\u00f3 de Val\u00e8ncia ha posat en marxa la s\u00e8rie de p\u00f2dcast \u2018Territori Dipu\u2019, una iniciativa que pret\u00e9n refor\u00e7ar la connexi\u00f3 amb la ciutadania a trav\u00e9s de referents pr\u00f2xims i fomentar l&#8217;\u00fas del valenci\u00e0 en formats digitals. La investigadora Bel\u00e9n Franch, l&#8217;artista Chimo Bayo, els creadors de contingut Jajajers, el restaurador Sergio Santamar\u00eda, de &#8216;La Mesedora&#8217;, la divulgadora Ladyscience, el mag Nacho Diago, l&#8217;emprenedora Lara Romero (propiet\u00e0ria de Pepina Pastel), el pilotari Tonet i la Tia Visantica seran els protagonistes dels nou cap\u00edtols dels quals consta la s\u00e8rie.<\/p>\n\n\n\n<figure class=\"wp-block-gallery has-nested-images columns-default is-cropped wp-block-gallery-1 is-layout-flex wp-block-gallery-is-layout-flex\">\n<figure class=\"wp-block-image size-large\"><img loading=\"lazy\" decoding=\"async\" width=\"945\" height=\"599\" data-id=\"299278\" src=\"https:\/\/www.tucomarca.com\/wordpress\/segunda\/wp-content\/uploads\/2026\/04\/DipuPodcastChimoBayo.jpg\" alt=\"\" class=\"wp-image-299278\" srcset=\"https:\/\/www.tucomarca.com\/wordpress\/segunda\/wp-content\/uploads\/2026\/04\/DipuPodcastChimoBayo.jpg 945w, https:\/\/www.tucomarca.com\/wordpress\/segunda\/wp-content\/uploads\/2026\/04\/DipuPodcastChimoBayo-300x190.jpg 300w, https:\/\/www.tucomarca.com\/wordpress\/segunda\/wp-content\/uploads\/2026\/04\/DipuPodcastChimoBayo-768x487.jpg 768w\" sizes=\"auto, (max-width: 945px) 100vw, 945px\" \/><\/figure>\n\n\n\n<figure class=\"wp-block-image size-large\"><img loading=\"lazy\" decoding=\"async\" width=\"945\" height=\"532\" data-id=\"299282\" src=\"https:\/\/www.tucomarca.com\/wordpress\/segunda\/wp-content\/uploads\/2026\/04\/DipuPodcastPepinaPastel.jpg\" alt=\"\" class=\"wp-image-299282\" srcset=\"https:\/\/www.tucomarca.com\/wordpress\/segunda\/wp-content\/uploads\/2026\/04\/DipuPodcastPepinaPastel.jpg 945w, https:\/\/www.tucomarca.com\/wordpress\/segunda\/wp-content\/uploads\/2026\/04\/DipuPodcastPepinaPastel-300x169.jpg 300w, https:\/\/www.tucomarca.com\/wordpress\/segunda\/wp-content\/uploads\/2026\/04\/DipuPodcastPepinaPastel-768x432.jpg 768w, https:\/\/www.tucomarca.com\/wordpress\/segunda\/wp-content\/uploads\/2026\/04\/DipuPodcastPepinaPastel-678x381.jpg 678w\" sizes=\"auto, (max-width: 945px) 100vw, 945px\" \/><\/figure>\n<\/figure>\n\n\n\n<p><\/p>\n\n\n\n<p>El projecte, que reunix referents valencians en \u00e0mbits tan diversos com la gastronomia, la cultura, la ci\u00e8ncia, l&#8217;esport i la comunicaci\u00f3 digital, entre altres, es presenta com \u201cuna aposta per la innovaci\u00f3 en la comunicaci\u00f3 institucional, utilitzant el format p\u00f2dcast com a ferramenta per a arribar a nous p\u00fablics i generar contingut de valor entorn de la identitat valenciana\u201d, explica Vicent Momp\u00f3, president de la Diputaci\u00f3 i impulsor de la iniciativa.<\/p>\n\n\n\n<p>La intenci\u00f3 de Momp\u00f3 \u00e9s clara: \u201cvolem que el valenci\u00e0 estiga viu on hui es constru\u00efx la conversa social, que \u00e9s en els formats digitals i en els continguts que consumix la gent jove. Esta s\u00e8rie de p\u00f2dcast no \u00e9s nom\u00e9s un projecte de comunicaci\u00f3, \u00e9s una manera de reivindicar la nostra llengua des de la normalitat, la proximitat i l&#8217;orgull\u201d. En la mateixa l\u00ednia, el president subratlla que la prov\u00edncia \u201ct\u00e9 un talent extraordinari en tots els \u00e0mbits, i moltes vegades no som conscients de la magnitud del que tenim al voltant\u201d. Estos p\u00f2dcast \u201cs\u00f3n una manera de donar veu a eixa gent que inspira, que crea i que projecta el nostre territori cap a fora\u201d, afig el m\u00e0xim responsable provincial.<\/p>\n\n\n\n<p>Aix\u00ed mateix, el president considera que \u201csi volem que el valenci\u00e0 tinga futur, ha de estar present en el dia a dia. I aix\u00f2 significa estar en els espais on la gent jove s&#8217;informa, s&#8217;entret\u00e9 i es relaciona. El projecte \u201cnaix precisament d&#8217;eixa voluntat\u201d, conclou Vicent Momp\u00f3.<\/p>\n\n\n\n<p><strong>P\u00f2dcast de 30 minuts<\/strong><\/p>\n\n\n\n<p>Cada episodi, amb una duraci\u00f3 aproximada de 30 minuts, combina la traject\u00f2ria personal i professional dels convidats amb aspectes m\u00e9s humans i pr\u00f2xims, com a an\u00e8cdotes de vida, curiositats i reflexions sobre l&#8217;\u00fas del valenci\u00e0 en el seu dia a dia. La s\u00e8rie tamb\u00e9 busca posar en valor el talent valenci\u00e0 com a element vertebrador del territori, mostrant perfils molt diversos que compartixen un denominador com\u00fa: la seua vinculaci\u00f3 amb la prov\u00edncia de Val\u00e8ncia i la seua contribuci\u00f3 a la projecci\u00f3 de la mateixa.<\/p>\n\n\n\n<p>La s\u00e8rie est\u00e0 presentada per la periodista Ana Garrido, que condu\u00efx les converses junt amb el president de la Diputaci\u00f3 de Val\u00e8ncia, en un format pr\u00f2xim i din\u00e0mic que permet aprofundir en la traject\u00f2ria i la part m\u00e9s humana de cada convidat. La producci\u00f3 est\u00e0 a c\u00e0rrec d&#8217;Arkana Media, responsable del desenvolupament t\u00e8cnic i creatiu del projecte. Els p\u00f2dcast poden veure&#8217;s en el canal Youtube de la Diputaci\u00f3 de Val\u00e8ncia: <a href=\"https:\/\/www.youtube.com\/channel\/ucqauwvayb2styxvlamkonqa\">https:\/\/www.youtube.com\/channel\/ucqauwvayb2styxvlamkonqa<\/a><\/p>\n","protected":false},"excerpt":{"rendered":"<div class=\"mh-excerpt\">La iniciativa pret\u00e9n refor\u00e7ar la connexi\u00f3 amb la ciutadania a trav\u00e9s de referents pr\u00f2xims com la divulgadora Ladyscience, el mag Nacho Diago, l&#8217;artista Chimo Bayo, el pilotari Tonet o la Tia Visantica, entre altres. El <a class=\"mh-excerpt-more\" href=\"https:\/\/www.tucomarca.com\/wordpress\/segunda\/ca\/la-diputacio-llanca-el-podcast-territori-dipu-per-a-fomentar-lus-del-valencia-i-connectar-amb-el-public-jove\/\" title=\"La Diputaci\u00f3 llan\u00e7a el p\u00f2dcast &#8216;Territori Dipu&#8217; per a fomentar l&#8217;\u00fas del valenci\u00e0 i connectar amb el p\u00fablic jove\">[+] <\/a><\/div>\n","protected":false},"author":12,"featured_media":299281,"comment_status":"closed","ping_status":"open","sticky":false,"template":"","format":"standard","meta":{"footnotes":""},"categories":[10898,10948,10894,10904,11007,10947,10896],"tags":[11246,24167,21317,24168],"class_list":{"0":"post-299286","1":"post","2":"type-post","3":"status-publish","4":"format-standard","5":"has-post-thumbnail","7":"category-ventana-ca","8":"category-infraestructuras-ca","9":"category-la-comarca-ca","10":"category-sin-categorizar-ca","11":"category-ocio-y-cultura-ca","12":"category-politica","13":"category-seccion-ca","14":"tag-diputacio-de-valencia-ca","15":"tag-foment-de-lus-del-valencia","16":"tag-fomento-del-uso-del-valenciano-ca","17":"tag-territori-dipu"},"_links":{"self":[{"href":"https:\/\/www.tucomarca.com\/wordpress\/segunda\/ca\/wp-json\/wp\/v2\/posts\/299286","targetHints":{"allow":["GET"]}}],"collection":[{"href":"https:\/\/www.tucomarca.com\/wordpress\/segunda\/ca\/wp-json\/wp\/v2\/posts"}],"about":[{"href":"https:\/\/www.tucomarca.com\/wordpress\/segunda\/ca\/wp-json\/wp\/v2\/types\/post"}],"author":[{"embeddable":true,"href":"https:\/\/www.tucomarca.com\/wordpress\/segunda\/ca\/wp-json\/wp\/v2\/users\/12"}],"replies":[{"embeddable":true,"href":"https:\/\/www.tucomarca.com\/wordpress\/segunda\/ca\/wp-json\/wp\/v2\/comments?post=299286"}],"version-history":[{"count":2,"href":"https:\/\/www.tucomarca.com\/wordpress\/segunda\/ca\/wp-json\/wp\/v2\/posts\/299286\/revisions"}],"predecessor-version":[{"id":299290,"href":"https:\/\/www.tucomarca.com\/wordpress\/segunda\/ca\/wp-json\/wp\/v2\/posts\/299286\/revisions\/299290"}],"wp:featuredmedia":[{"embeddable":true,"href":"https:\/\/www.tucomarca.com\/wordpress\/segunda\/ca\/wp-json\/wp\/v2\/media\/299281"}],"wp:attachment":[{"href":"https:\/\/www.tucomarca.com\/wordpress\/segunda\/ca\/wp-json\/wp\/v2\/media?parent=299286"}],"wp:term":[{"taxonomy":"category","embeddable":true,"href":"https:\/\/www.tucomarca.com\/wordpress\/segunda\/ca\/wp-json\/wp\/v2\/categories?post=299286"},{"taxonomy":"post_tag","embeddable":true,"href":"https:\/\/www.tucomarca.com\/wordpress\/segunda\/ca\/wp-json\/wp\/v2\/tags?post=299286"}],"curies":[{"name":"wp","href":"https:\/\/api.w.org\/{rel}","templated":true}]}}