{"id":299313,"date":"2026-04-20T12:15:00","date_gmt":"2026-04-20T10:15:00","guid":{"rendered":"https:\/\/www.tucomarca.com\/wordpress\/segunda\/?p=299313"},"modified":"2026-04-20T20:08:41","modified_gmt":"2026-04-20T18:08:41","slug":"rescaten-a-una-mare-i-a-les-seues-dues-filles-despres-dextraviar-se-durant-una-ruta-senderista-en-la-murta-dalzira","status":"publish","type":"post","link":"https:\/\/www.tucomarca.com\/wordpress\/segunda\/ca\/rescaten-a-una-mare-i-a-les-seues-dues-filles-despres-dextraviar-se-durant-una-ruta-senderista-en-la-murta-dalzira\/","title":{"rendered":"Rescaten a una mare i a les seues dues filles despr\u00e9s d&#8217;extraviar-se durant una ruta senderista en La Murta d&#8217;Alzira"},"content":{"rendered":"\n<p>Efectius del Grup Especial de Rescat en Altura (GERA) del Consorci Provincial de Bombers de Val\u00e8ncia van auxiliar dissabte per la nit a tres persones \u2014una mare i les seues dos filles\u2014 que s\u2019havien extraviat mentre realitzaven una ruta pel paratge de la Murta, a Alzira.<\/p>\n\n\n\n<p>L\u2019av\u00eds es va rebre a les 21:21 hores, moment en qu\u00e8 es va activar l\u2019operatiu de cerca. Els rescatadors van aconseguir localitzar les tres senderistes, a qui van proporcionar roba d\u2019abric i sistemes d\u2019il\u00b7luminaci\u00f3 per a garantir la seua seguretat.<\/p>\n\n\n\n<p>Posteriorment, van ser acompanyades fins al seu vehicle, estacionat al p\u00e0rquing de la Murta, completant el servei amb \u00e8xit prop de la mitjanit.<\/p>\n\n\n\n<p>La r\u00e0pida intervenci\u00f3 del GERA va permetre resoldre la situaci\u00f3 sense incidents, assegurant el retorn segur de les tres afectades.<\/p>\n","protected":false},"excerpt":{"rendered":"<div class=\"mh-excerpt\">Efectius del Grup Especial de Rescat en Altura (GERA) del Consorci Provincial de Bombers de Val\u00e8ncia van auxiliar dissabte per la nit a tres persones \u2014una mare i les seues dos filles\u2014 que s\u2019havien extraviat <a class=\"mh-excerpt-more\" href=\"https:\/\/www.tucomarca.com\/wordpress\/segunda\/ca\/rescaten-a-una-mare-i-a-les-seues-dues-filles-despres-dextraviar-se-durant-una-ruta-senderista-en-la-murta-dalzira\/\" title=\"Rescaten a una mare i a les seues dues filles despr\u00e9s d&#8217;extraviar-se durant una ruta senderista en La Murta d&#8217;Alzira\">[+] <\/a><\/div>\n","protected":false},"author":12,"featured_media":299309,"comment_status":"closed","ping_status":"open","sticky":false,"template":"","format":"standard","meta":{"footnotes":""},"categories":[10889,10898,10894,10902,10896,10897],"tags":[11192,22915,13578,11356],"class_list":{"0":"post-299313","1":"post","2":"type-post","3":"status-publish","4":"format-standard","5":"has-post-thumbnail","7":"category-alzira-cat","8":"category-ventana-ca","9":"category-la-comarca-ca","10":"category-la-ribera-ca","11":"category-seccion-ca","12":"category-sucesos-la-comarca-ca","13":"tag-alzira-ca","14":"tag-consorcio-de-bomberos-de-valencia-2-ca","15":"tag-rescate-ca","16":"tag-ribera-alta-ca"},"_links":{"self":[{"href":"https:\/\/www.tucomarca.com\/wordpress\/segunda\/ca\/wp-json\/wp\/v2\/posts\/299313","targetHints":{"allow":["GET"]}}],"collection":[{"href":"https:\/\/www.tucomarca.com\/wordpress\/segunda\/ca\/wp-json\/wp\/v2\/posts"}],"about":[{"href":"https:\/\/www.tucomarca.com\/wordpress\/segunda\/ca\/wp-json\/wp\/v2\/types\/post"}],"author":[{"embeddable":true,"href":"https:\/\/www.tucomarca.com\/wordpress\/segunda\/ca\/wp-json\/wp\/v2\/users\/12"}],"replies":[{"embeddable":true,"href":"https:\/\/www.tucomarca.com\/wordpress\/segunda\/ca\/wp-json\/wp\/v2\/comments?post=299313"}],"version-history":[{"count":3,"href":"https:\/\/www.tucomarca.com\/wordpress\/segunda\/ca\/wp-json\/wp\/v2\/posts\/299313\/revisions"}],"predecessor-version":[{"id":299364,"href":"https:\/\/www.tucomarca.com\/wordpress\/segunda\/ca\/wp-json\/wp\/v2\/posts\/299313\/revisions\/299364"}],"wp:featuredmedia":[{"embeddable":true,"href":"https:\/\/www.tucomarca.com\/wordpress\/segunda\/ca\/wp-json\/wp\/v2\/media\/299309"}],"wp:attachment":[{"href":"https:\/\/www.tucomarca.com\/wordpress\/segunda\/ca\/wp-json\/wp\/v2\/media?parent=299313"}],"wp:term":[{"taxonomy":"category","embeddable":true,"href":"https:\/\/www.tucomarca.com\/wordpress\/segunda\/ca\/wp-json\/wp\/v2\/categories?post=299313"},{"taxonomy":"post_tag","embeddable":true,"href":"https:\/\/www.tucomarca.com\/wordpress\/segunda\/ca\/wp-json\/wp\/v2\/tags?post=299313"}],"curies":[{"name":"wp","href":"https:\/\/api.w.org\/{rel}","templated":true}]}}