{"id":299322,"date":"2026-04-20T12:00:00","date_gmt":"2026-04-20T10:00:00","guid":{"rendered":"https:\/\/www.tucomarca.com\/wordpress\/segunda\/?p=299322"},"modified":"2026-04-20T19:24:02","modified_gmt":"2026-04-20T17:24:02","slug":"la-generalitat-presenta-a-europa-el-projecte-dels-parcs-inundables-que-serviran-de-barrera-antiriuades-en-les-conques-del-turia-i-el-poyo","status":"publish","type":"post","link":"https:\/\/www.tucomarca.com\/wordpress\/segunda\/ca\/la-generalitat-presenta-a-europa-el-projecte-dels-parcs-inundables-que-serviran-de-barrera-antiriuades-en-les-conques-del-turia-i-el-poyo\/","title":{"rendered":"La Generalitat presenta a Europa el projecte dels parcs inundables que serviran de barrera antiriuades en les conques del T\u00faria i el Poyo"},"content":{"rendered":"\n<h3 class=\"wp-block-heading\">El comissionat de la Recuperaci\u00f3 assenyala que \u201cla Generalitat desenrotlla una estrat\u00e8gia territorial integral \u00fanica a Espanya per a enfortir-se davant de fen\u00f2mens extrems\u201d.<\/h3>\n\n\n\n<h3 class=\"wp-block-heading\">El Consell explora les vies de finan\u00e7ament d\u2019este tipus d\u2019iniciatives i busca aconseguir finan\u00e7ament comunitari.<\/h3>\n\n\n\n<p>La Generalitat ha presentat a Europa el projecte dels parcs inundables metropolitans que planeja construir en les riberes del T\u00faria i del Poio i que comprendr\u00e0 una extensi\u00f3 de 1.500 hect\u00e0rees de zona verda, la qual cosa conformar\u00e0 una nova defensa davant possibles riuades.&nbsp;<\/p>\n\n\n\n<p>El comissionat per a la Recuperaci\u00f3, Ra\u00fal M\u00e9rida, ha mantingut una reuni\u00f3 de treball en l\u00ednia amb membres del govern de Baviera (Alemanya) encarregats de l\u2019estrat\u00e8gia verda antiriuades i de l\u2019Autoritat de Gesti\u00f3 de l\u2019Aigua de Munic (Wasserwirstschaftsamt M\u00fcnchen).<\/p>\n\n\n\n<p>Durant la trobada, Ra\u00fal M\u00e9rida ha assenyalat que la iniciativa dels parcs inundables metropolitans que impulsa la Generalitat \u201cest\u00e0 alineada amb les que s\u2019estan duent a terme en altres pa\u00efsos europeus\u201d.<\/p>\n\n\n\n<p>En este sentit, ha destacat que la Generalitat est\u00e0 desenrotllant una estrat\u00e8gia territorial integral \u201c\u00fanica a Espanya\u201d per a enfortir el territori \u201cmitjan\u00e7ant el desenrotllament d\u2019iniciatives verdes orientades a actuar com a barreres naturals davant de fen\u00f2mens meteorol\u00f2gics extrems\u201d.<\/p>\n\n\n\n<p>Ra\u00fal M\u00e9rida ha explicat que els treballs de recuperaci\u00f3 despr\u00e9s d\u2019episodis d\u2019inundacions registrats en altres zones d\u2019Europa continuen desenrotllant-se fins i tot cinc anys despr\u00e9s del succ\u00e9s, ja que una visi\u00f3 integral orientada a la regeneraci\u00f3 del territori i al refor\u00e7 de la seua resili\u00e8ncia \u201crequerix l\u2019execuci\u00f3 de projectes amb horitzons temporals m\u00e9s amplis\u201d.<\/p>\n\n\n\n<p>Durant la reuni\u00f3 tamb\u00e9 s\u2019han analitzat les estrat\u00e8gies de finan\u00e7ament que ha implementat el govern de Baviera i s\u2019ha valorat la possibilitat d\u2019aconseguir finan\u00e7ament comunitari per al projecte dels parcs inundables metropolitans.<\/p>\n\n\n\n<p>Des del Consell s\u2019estima que el projecte dels parcs inundables, que preveu m\u00e9s de 72 quil\u00f2metres de recorreguts verds i fluvials, necessitar\u00e0 una inversi\u00f3 superior als 150 milions d\u2019euros, en el marc d\u2019un pla estrat\u00e8gic que disposar\u00e0, a m\u00e9s, de finan\u00e7ament publicoprivat, a trav\u00e9s de la compensaci\u00f3 d\u2019emissions de Co2, i que buscar\u00e0 el finan\u00e7ament de la Uni\u00f3 Europea.<\/p>\n\n\n\n<figure class=\"wp-block-image size-large\"><img loading=\"lazy\" decoding=\"async\" width=\"1024\" height=\"683\" src=\"https:\/\/www.tucomarca.com\/wordpress\/segunda\/wp-content\/uploads\/2026\/04\/DANAparquesinundables2-1024x683.jpeg\" alt=\"\" class=\"wp-image-299320\" srcset=\"https:\/\/www.tucomarca.com\/wordpress\/segunda\/wp-content\/uploads\/2026\/04\/DANAparquesinundables2-1024x683.jpeg 1024w, https:\/\/www.tucomarca.com\/wordpress\/segunda\/wp-content\/uploads\/2026\/04\/DANAparquesinundables2-300x200.jpeg 300w, https:\/\/www.tucomarca.com\/wordpress\/segunda\/wp-content\/uploads\/2026\/04\/DANAparquesinundables2-768x512.jpeg 768w, https:\/\/www.tucomarca.com\/wordpress\/segunda\/wp-content\/uploads\/2026\/04\/DANAparquesinundables2-1536x1024.jpeg 1536w, https:\/\/www.tucomarca.com\/wordpress\/segunda\/wp-content\/uploads\/2026\/04\/DANAparquesinundables2-2048x1365.jpeg 2048w\" sizes=\"auto, (max-width: 1024px) 100vw, 1024px\" \/><\/figure>\n\n\n\n<p><\/p>\n\n\n\n<p><strong>Lli\u00e7ons apreses<\/strong><\/p>\n\n\n\n<p>Aix\u00ed mateix, emmarcat en la l\u00ednia de donar a con\u00e9ixer les iniciatives de la Generalitat i buscar sinergies, la directora general de Recuperaci\u00f3 i Reconstrucci\u00f3, Sandra Castillo, i la directora general de l\u2019Aigua i Desenrotllament Rural, Lourdes P\u00e9rez, han assistit al congr\u00e9s internacional \u2018Recuperaci\u00f3 despr\u00e9s d\u2019inundacions i reconstrucci\u00f3 resilient a Europa\u2019 impulsat en el marc del programa europeu JCAR ATRACE que promou la investigaci\u00f3 per a millorar la gesti\u00f3 despr\u00e9s de cat\u00e0strofes naturals.&nbsp;<\/p>\n\n\n\n<p>Durant les jornades, Sandra Castillo i Lourdes P\u00e9rez, han real\u00e7at les actuacions que des del Consell s\u2019estan realitzant en el marc del pla de recuperaci\u00f3 Endavant per a aconseguir la reconstrucci\u00f3 de les zones afectades per les riuades.<\/p>\n\n\n\n<p>Aix\u00ed mateix, en el f\u00f2rum s\u2019han analitzat les pol\u00edtiques desenrotllades per les diverses regions d\u2019Europa afectades per inundacions, especialment Alemanya, B\u00e8lgica i els Pa\u00efsos Baixos (2021) i Hauts de France (2024), a m\u00e9s del cas de Val\u00e8ncia.<\/p>\n\n\n\n<p>El congr\u00e9s t\u00e9 com a objectiu compartir bones pr\u00e0ctiques i lli\u00e7ons apreses en la recuperaci\u00f3 despr\u00e9s de les inundacions i desenrotllar recomanacions per a una reconstrucci\u00f3 m\u00e9s r\u00e0pida.<\/p>\n","protected":false},"excerpt":{"rendered":"<div class=\"mh-excerpt\">El comissionat de la Recuperaci\u00f3 assenyala que \u201cla Generalitat desenrotlla una estrat\u00e8gia territorial integral \u00fanica a Espanya per a enfortir-se davant de fen\u00f2mens extrems\u201d. El Consell explora les vies de finan\u00e7ament d\u2019este tipus d\u2019iniciatives i <a class=\"mh-excerpt-more\" href=\"https:\/\/www.tucomarca.com\/wordpress\/segunda\/ca\/la-generalitat-presenta-a-europa-el-projecte-dels-parcs-inundables-que-serviran-de-barrera-antiriuades-en-les-conques-del-turia-i-el-poyo\/\" title=\"La Generalitat presenta a Europa el projecte dels parcs inundables que serviran de barrera antiriuades en les conques del T\u00faria i el Poyo\">[+] <\/a><\/div>\n","protected":false},"author":1,"featured_media":299319,"comment_status":"closed","ping_status":"open","sticky":false,"template":"","format":"standard","meta":{"footnotes":""},"categories":[10892,21466,10898,10948,10894,10904,10912,10903,10947,10906,10896,10897,10974,10975],"tags":[10913,10899,11071,11195,15409,10914],"class_list":{"0":"post-299322","1":"post","2":"type-post","3":"status-publish","4":"format-standard","5":"has-post-thumbnail","7":"category-camp-de-turia-ca","8":"category-dana-ca","9":"category-ventana-ca","10":"category-infraestructuras-ca","11":"category-la-comarca-ca","12":"category-sin-categorizar-ca","13":"category-la-hoya-ca","14":"category-medio-ambiente-la-comarca-ca","15":"category-politica","16":"category-riba-roja-ca","17":"category-seccion-ca","18":"category-sucesos-la-comarca-ca","19":"category-cheste-ca","20":"category-chiva-ca","21":"tag-bunol-ca","22":"tag-camp-de-turia-ca","23":"tag-cheste","24":"tag-chiva-ca","25":"tag-dana-2-ca","26":"tag-la-hoya-de-bunol-chiva-ca"},"_links":{"self":[{"href":"https:\/\/www.tucomarca.com\/wordpress\/segunda\/ca\/wp-json\/wp\/v2\/posts\/299322","targetHints":{"allow":["GET"]}}],"collection":[{"href":"https:\/\/www.tucomarca.com\/wordpress\/segunda\/ca\/wp-json\/wp\/v2\/posts"}],"about":[{"href":"https:\/\/www.tucomarca.com\/wordpress\/segunda\/ca\/wp-json\/wp\/v2\/types\/post"}],"author":[{"embeddable":true,"href":"https:\/\/www.tucomarca.com\/wordpress\/segunda\/ca\/wp-json\/wp\/v2\/users\/1"}],"replies":[{"embeddable":true,"href":"https:\/\/www.tucomarca.com\/wordpress\/segunda\/ca\/wp-json\/wp\/v2\/comments?post=299322"}],"version-history":[{"count":2,"href":"https:\/\/www.tucomarca.com\/wordpress\/segunda\/ca\/wp-json\/wp\/v2\/posts\/299322\/revisions"}],"predecessor-version":[{"id":299325,"href":"https:\/\/www.tucomarca.com\/wordpress\/segunda\/ca\/wp-json\/wp\/v2\/posts\/299322\/revisions\/299325"}],"wp:featuredmedia":[{"embeddable":true,"href":"https:\/\/www.tucomarca.com\/wordpress\/segunda\/ca\/wp-json\/wp\/v2\/media\/299319"}],"wp:attachment":[{"href":"https:\/\/www.tucomarca.com\/wordpress\/segunda\/ca\/wp-json\/wp\/v2\/media?parent=299322"}],"wp:term":[{"taxonomy":"category","embeddable":true,"href":"https:\/\/www.tucomarca.com\/wordpress\/segunda\/ca\/wp-json\/wp\/v2\/categories?post=299322"},{"taxonomy":"post_tag","embeddable":true,"href":"https:\/\/www.tucomarca.com\/wordpress\/segunda\/ca\/wp-json\/wp\/v2\/tags?post=299322"}],"curies":[{"name":"wp","href":"https:\/\/api.w.org\/{rel}","templated":true}]}}