{"id":299336,"date":"2026-04-20T12:30:00","date_gmt":"2026-04-20T10:30:00","guid":{"rendered":"https:\/\/www.tucomarca.com\/wordpress\/segunda\/?p=299336"},"modified":"2026-04-20T19:55:04","modified_gmt":"2026-04-20T17:55:04","slug":"detenen-a-un-home-de-41-anys-com-a-presumpte-autor-duna-onada-de-robatoris-a-betera-naquera-i-serra-aixi-com-per-matar-a-dos-gossos-en-un-incendi-provocat","status":"publish","type":"post","link":"https:\/\/www.tucomarca.com\/wordpress\/segunda\/ca\/detenen-a-un-home-de-41-anys-com-a-presumpte-autor-duna-onada-de-robatoris-a-betera-naquera-i-serra-aixi-com-per-matar-a-dos-gossos-en-un-incendi-provocat\/","title":{"rendered":"Detenen a un home de 41 anys com a presumpte autor d&#8217;una onada de robatoris a B\u00e9tera, N\u00e0quera i Serra aix\u00ed com per matar a dos gossos en un incendi provocat"},"content":{"rendered":"\n<h3 class=\"wp-block-heading\">El detingut no sols cometia robatori amb for\u00e7a en les coses, si no que va provocar incendis i, fins i tot, la mort de dos animals.<\/h3>\n\n\n\n<p>La Gu\u00e0rdia Civil, gr\u00e0cies a la col\u00b7laboraci\u00f3 ve\u00efnal, ha detingut a l&#8217;autor de 6 robatoris amb for\u00e7a en les coses en les localitats de B\u00e9tera, N\u00e0quera i Serra.<\/p>\n\n\n\n<p>L&#8217;origen de la investigaci\u00f3 va comen\u00e7ar despr\u00e9s dels nombrosos robatoris a inicis de mar\u00e7 del 2026 en casetes a\u00efllades de les localitats de B\u00e9tera, N\u00e0quera i Serra. De l&#8217;interior dels habitatges es van sostraure diversos efectes (joies, diners, comestibles, roba, etc). Gr\u00e0cies al testimoniatge de diversos ve\u00efns, va poder obtindre&#8217;s la descripci\u00f3 d&#8217;un home que rondava per la zona en actitud sospitosa.<\/p>\n\n\n\n<p>Arran d&#8217;aquest fet s&#8217;intensifiquen les labors de vigil\u00e0ncia en la zona, observant a un home que coincidia amb la descripci\u00f3 aportada pels ve\u00efns pr\u00f2xim als llocs en els quals es van cometre alguns dels fets, fugint sempre del lloc en adonar-se de la pres\u00e8ncia policial. En una d&#8217;aquestes fugides, el detingut va abandonar els objectes que portava: 4 pots de combustible, 2 paquets de pastilles incendi\u00e0ries i el DNI d&#8217;un ve\u00ed de N\u00e0quera que, despr\u00e9s de ser contactat, va confirmar que acabava de ser v\u00edctima d&#8217;un robatori. Despr\u00e9s d&#8217;aquest incident, es rep av\u00eds d&#8217;un altre robatori en la localitat de B\u00e9tera, podent observar en les c\u00e0meres de seguretat que es tractava del mateix subjecte.<\/p>\n\n\n\n<p>L&#8217;endem\u00e0, una ciutadana va denunciar que, en arribar a la seua segona resid\u00e8ncia, es va trobar a un home a l&#8217;interior, coincidint la descripci\u00f3 amb el sospit\u00f3s. Despr\u00e9s de fugir del lloc, la propiet\u00e0ria es va adonar que el detingut havia tret part del mobiliari i estris personals i els havia calat foc. A m\u00e9s, va cremar la caseta dels gossos amb dos pastors alemanys en el seu interior, que van resultar morts. En el moment de ser sorpr\u00e9s, havia ficat els dos cavalls en els estables i havia col\u00b7locat m\u00e9s estris amb la intenci\u00f3 de provocar un altre incendi.<\/p>\n\n\n<div class=\"wp-block-image\">\n<figure class=\"alignleft size-large is-resized\"><img loading=\"lazy\" decoding=\"async\" width=\"771\" height=\"1024\" src=\"https:\/\/www.tucomarca.com\/wordpress\/segunda\/wp-content\/uploads\/2026\/04\/GCPiromanoBetera2-771x1024.jpg\" alt=\"\" class=\"wp-image-299330\" style=\"width:300px;height:auto\" srcset=\"https:\/\/www.tucomarca.com\/wordpress\/segunda\/wp-content\/uploads\/2026\/04\/GCPiromanoBetera2-771x1024.jpg 771w, https:\/\/www.tucomarca.com\/wordpress\/segunda\/wp-content\/uploads\/2026\/04\/GCPiromanoBetera2-226x300.jpg 226w, https:\/\/www.tucomarca.com\/wordpress\/segunda\/wp-content\/uploads\/2026\/04\/GCPiromanoBetera2-768x1020.jpg 768w, https:\/\/www.tucomarca.com\/wordpress\/segunda\/wp-content\/uploads\/2026\/04\/GCPiromanoBetera2.jpg 886w\" sizes=\"auto, (max-width: 771px) 100vw, 771px\" \/><\/figure>\n<\/div>\n\n\n<p>Eixe mateix dia, es va rebre un av\u00eds que havia intentat llevar-li el tel\u00e8fon m\u00f2bil a un transe\u00fcnt, sacsant-lo i tirant-li al s\u00f2l. A les poques hores, es va rebre un nou av\u00eds d&#8217;un robatori en una masia pr\u00f2xima i es va poder observar, gr\u00e0cies a les c\u00e0meres de seguretat, que es tractava del mateix home. Havia provocat diversos focus d&#8217;incendi, un d&#8217;ells al costat d&#8217;un panell el\u00e8ctric i un altre sota una torre el\u00e8ctrica. Aquests incendis es van produir molt pr\u00f2xims al Parc Natural de la Serra Calderona, sent aquest un espai protegit.<\/p>\n\n\n\n<p>Despr\u00e9s d&#8217;establir un dispositiu de cerca, amb la col\u00b7laboraci\u00f3 de la Policia Local de B\u00e9tera, es va procedir finalment a la detenci\u00f3 d&#8217;un home de 41 anys i nacionalitat alemanya. Se li atribueixen els seg\u00fcents delictes: 1 robatori amb viol\u00e8ncia, 6 robatoris amb for\u00e7a en domicili, 2 de danys per incendi provocat, 1 maltracte animal amb resultat de mort i 2 d&#8217;incendi provocat.<\/p>\n\n\n\n<p>La investigaci\u00f3 ha sigut duta a terme per agents del Lloc Principal de B\u00e9tera. Les dilig\u00e8ncies van ser entregades en la Secci\u00f3 Civil i d&#8217;Instrucci\u00f3 del Tribunal de Ll\u00edria Plaza n\u00famero 8.<\/p>\n\n\n\n<p><\/p>\n","protected":false},"excerpt":{"rendered":"<div class=\"mh-excerpt\">El detingut no sols cometia robatori amb for\u00e7a en les coses, si no que va provocar incendis i, fins i tot, la mort de dos animals. La Gu\u00e0rdia Civil, gr\u00e0cies a la col\u00b7laboraci\u00f3 ve\u00efnal, ha <a class=\"mh-excerpt-more\" href=\"https:\/\/www.tucomarca.com\/wordpress\/segunda\/ca\/detenen-a-un-home-de-41-anys-com-a-presumpte-autor-duna-onada-de-robatoris-a-betera-naquera-i-serra-aixi-com-per-matar-a-dos-gossos-en-un-incendi-provocat\/\" title=\"Detenen a un home de 41 anys com a presumpte autor d&#8217;una onada de robatoris a B\u00e9tera, N\u00e0quera i Serra aix\u00ed com per matar a dos gossos en un incendi provocat\">[+] <\/a><\/div>\n","protected":false},"author":12,"featured_media":299329,"comment_status":"closed","ping_status":"open","sticky":false,"template":"","format":"image","meta":{"footnotes":""},"categories":[10937,10892,10898,10894,10903,10936,10896,10933,10897],"tags":[11202,10899,23927,11134],"class_list":{"0":"post-299336","1":"post","2":"type-post","3":"status-publish","4":"format-image","5":"has-post-thumbnail","7":"category-betera-ca","8":"category-camp-de-turia-ca","9":"category-ventana-ca","10":"category-la-comarca-ca","11":"category-medio-ambiente-la-comarca-ca","12":"category-naquera-ca","13":"category-seccion-ca","14":"category-serra-ca","15":"category-sucesos-la-comarca-ca","16":"tag-betera-ca","17":"tag-camp-de-turia-ca","18":"tag-guardia-civil-de-betera-ca","19":"tag-naquera-ca","20":"post_format-post-format-image"},"_links":{"self":[{"href":"https:\/\/www.tucomarca.com\/wordpress\/segunda\/ca\/wp-json\/wp\/v2\/posts\/299336","targetHints":{"allow":["GET"]}}],"collection":[{"href":"https:\/\/www.tucomarca.com\/wordpress\/segunda\/ca\/wp-json\/wp\/v2\/posts"}],"about":[{"href":"https:\/\/www.tucomarca.com\/wordpress\/segunda\/ca\/wp-json\/wp\/v2\/types\/post"}],"author":[{"embeddable":true,"href":"https:\/\/www.tucomarca.com\/wordpress\/segunda\/ca\/wp-json\/wp\/v2\/users\/12"}],"replies":[{"embeddable":true,"href":"https:\/\/www.tucomarca.com\/wordpress\/segunda\/ca\/wp-json\/wp\/v2\/comments?post=299336"}],"version-history":[{"count":3,"href":"https:\/\/www.tucomarca.com\/wordpress\/segunda\/ca\/wp-json\/wp\/v2\/posts\/299336\/revisions"}],"predecessor-version":[{"id":299360,"href":"https:\/\/www.tucomarca.com\/wordpress\/segunda\/ca\/wp-json\/wp\/v2\/posts\/299336\/revisions\/299360"}],"wp:featuredmedia":[{"embeddable":true,"href":"https:\/\/www.tucomarca.com\/wordpress\/segunda\/ca\/wp-json\/wp\/v2\/media\/299329"}],"wp:attachment":[{"href":"https:\/\/www.tucomarca.com\/wordpress\/segunda\/ca\/wp-json\/wp\/v2\/media?parent=299336"}],"wp:term":[{"taxonomy":"category","embeddable":true,"href":"https:\/\/www.tucomarca.com\/wordpress\/segunda\/ca\/wp-json\/wp\/v2\/categories?post=299336"},{"taxonomy":"post_tag","embeddable":true,"href":"https:\/\/www.tucomarca.com\/wordpress\/segunda\/ca\/wp-json\/wp\/v2\/tags?post=299336"}],"curies":[{"name":"wp","href":"https:\/\/api.w.org\/{rel}","templated":true}]}}