{"id":299354,"date":"2026-04-20T13:00:00","date_gmt":"2026-04-20T11:00:00","guid":{"rendered":"https:\/\/www.tucomarca.com\/wordpress\/segunda\/?p=299354"},"modified":"2026-04-20T20:07:29","modified_gmt":"2026-04-20T18:07:29","slug":"la-generalitat-posa-en-servei-la-nova-passarella-de-ramon-y-cajal-a-xiva-que-substitueix-a-la-municipal-arrasada-per-les-riuades","status":"publish","type":"post","link":"https:\/\/www.tucomarca.com\/wordpress\/segunda\/ca\/la-generalitat-posa-en-servei-la-nova-passarella-de-ramon-y-cajal-a-xiva-que-substitueix-a-la-municipal-arrasada-per-les-riuades\/","title":{"rendered":"La Generalitat posa en servei la nova passarel\u00b7la de Ram\u00f3n y Cajal a Xiva que substitueix a la municipal arrasada per les riuades"},"content":{"rendered":"\n<h3 class=\"wp-block-heading\">La nova infraestructura met\u00e0l\u00b7lica s&#8217;ha elevat un metre per a suportar m\u00e9s ben possibles pluges torrencials.<\/h3>\n\n\n\n<h3 class=\"wp-block-heading\">L&#8217;actuaci\u00f3 s&#8217;emmarca en el pla auton\u00f2mic de reconstrucci\u00f3 Pla Endavant per a recolzar als municipis m\u00e9s afectats que no podien assumir les obres de reconstrucci\u00f3 dins del termini i en la forma corresponent.<\/h3>\n\n\n\n<p>La Generalitat avan\u00e7a en la recuperaci\u00f3 de les infraestructures de Xiva afectades per la dana d&#8217;octubre de 2024 i posa aquest dilluns en servei la passarel\u00b7la que connecta el carrer Ram\u00f3n y Cajal amb el carrer Cruz de Pedra, una via clau per a la mobilitat quotidiana del municipi.<\/p>\n\n\n\n<p>Tal com ha explicat la directora general de Recuperaci\u00f3 i Reconstrucci\u00f3, Sandra Castillo, \u201cl&#8217;actuaci\u00f3, forma part de les intervencions d&#8217;emerg\u00e8ncia assumides per la Vicepresid\u00e8ncia Tercera i Conselleria de Medi Ambient, Infraestructures, Territori i de la Recuperaci\u00f3 per a restituir la connectivitat i garantir la seguretat despr\u00e9s dels greus danys ocasionats pel temporal\u201d.<\/p>\n\n\n\n<p>Entre aquestes intervencions destaca la reparaci\u00f3 i reposici\u00f3 de diverses passarel\u00b7les per als vianants sobre el barranc de Xiva, fonamentals per a la comunicaci\u00f3 entre diferents punts del nucli urb\u00e0. Durant el mat\u00ed del dilluns s&#8217;ha procedit a realitzar les \u00faltimes rematades de l&#8217;\u00faltima passarel\u00b7la pendent per a realitzar posteriorment la seua obertura.<\/p>\n\n\n\n<p>La nova estructura, amb un pes aproximat de 32 tones, va ser instal\u00b7lada mitjan\u00e7ant una \u00fanica maniobra amb una grua de 130 tones\u201d. A m\u00e9s, \u201cs&#8217;ha elevat la rasant al voltant d&#8217;un metre, la qual cosa permetr\u00e0 que la passarel\u00b7la puga suportar el pas d&#8217;avingudes similars a les registrades durant la dana sense que l&#8217;estructura es veja afectada\u201d, ha destacat Castillo. La nova \u00e9s una passarel\u00b7la met\u00e0l\u00b7lica d&#8217;arc superior, que creua el barranc mitjan\u00e7ant una \u00fanica obertura de 32 metres de llum i compta amb quatre metres d&#8217;ampl\u00e0ria.<\/p>\n\n\n\n<figure class=\"wp-block-gallery has-nested-images columns-default is-cropped wp-block-gallery-1 is-layout-flex wp-block-gallery-is-layout-flex\">\n<figure class=\"wp-block-image size-large\"><img loading=\"lazy\" decoding=\"async\" width=\"945\" height=\"638\" data-id=\"299350\" src=\"https:\/\/www.tucomarca.com\/wordpress\/segunda\/wp-content\/uploads\/2026\/04\/PasarelaChiva2.jpg\" alt=\"\" class=\"wp-image-299350\" srcset=\"https:\/\/www.tucomarca.com\/wordpress\/segunda\/wp-content\/uploads\/2026\/04\/PasarelaChiva2.jpg 945w, https:\/\/www.tucomarca.com\/wordpress\/segunda\/wp-content\/uploads\/2026\/04\/PasarelaChiva2-300x203.jpg 300w, https:\/\/www.tucomarca.com\/wordpress\/segunda\/wp-content\/uploads\/2026\/04\/PasarelaChiva2-768x519.jpg 768w\" sizes=\"auto, (max-width: 945px) 100vw, 945px\" \/><\/figure>\n\n\n\n<figure class=\"wp-block-image size-large\"><img loading=\"lazy\" decoding=\"async\" width=\"945\" height=\"638\" data-id=\"299348\" src=\"https:\/\/www.tucomarca.com\/wordpress\/segunda\/wp-content\/uploads\/2026\/04\/PasarelaChiva1.jpg\" alt=\"\" class=\"wp-image-299348\" srcset=\"https:\/\/www.tucomarca.com\/wordpress\/segunda\/wp-content\/uploads\/2026\/04\/PasarelaChiva1.jpg 945w, https:\/\/www.tucomarca.com\/wordpress\/segunda\/wp-content\/uploads\/2026\/04\/PasarelaChiva1-300x203.jpg 300w, https:\/\/www.tucomarca.com\/wordpress\/segunda\/wp-content\/uploads\/2026\/04\/PasarelaChiva1-768x519.jpg 768w\" sizes=\"auto, (max-width: 945px) 100vw, 945px\" \/><\/figure>\n<\/figure>\n\n\n\n<p><\/p>\n\n\n\n<p>La passarel\u00b7la que connecta el carrer Ram\u00f3n y Cajal amb el carrer Cruz de Pedra queda oberta, despr\u00e9s de la formigonada del tauler, la finalitzaci\u00f3 de les connexions amb la urbanitzaci\u00f3 de l&#8217;entorn, aix\u00ed com la preceptiva prova de c\u00e0rrega.<\/p>\n\n\n\n<p>Aquesta infraestructura municipal forma part de les obres que l&#8217;Ajuntament de Xiva va sol\u00b7licitar a la Generalitat assumir per a reconstruir dins del termini i en la forma corresponent davant la impossibilitat que el consistori poguera executar-les.<\/p>\n\n\n\n<p><strong>Pla Endavant<\/strong><\/p>\n\n\n\n<p>Aquestes actuacions s&#8217;emmarquen en el pla auton\u00f2mic de reconstrucci\u00f3 Pla Endavant, que contempla l&#8217;activaci\u00f3 de 60 iniciatives per a accelerar la recuperaci\u00f3 dels municipis afectats per la dana i davant la incapacitat dels municipis d&#8217;assumir les obres i executar-les dins del termini i en la forma corresponent.<\/p>\n\n\n\n<p>La passarel\u00b7la de Ram\u00f3n y Cajal \u00e9s una de les infraestructures que queda pendent de reconstruir en el municipi del llistat d&#8217;obres municipals que l&#8217;Ajuntament de Xiva va sol\u00b7licitar a la Generalitat executar despr\u00e9s de remetre tota la documentaci\u00f3 acreditativa. Amb anterioritat la Vicepresid\u00e8ncia Tercera ha posat en servei la nova passarel\u00b7la del carrer Pintor Mora Yuste i el pont del carrer Enrique Ponce, el situat sobre el barranc del Gallec cam\u00ed a Sierra Perenchiza.<\/p>\n\n\n\n<p>En el cas concret de Xiva, la inversi\u00f3 destinada a la reparaci\u00f3 i reposici\u00f3 de passarel\u00b7les per als vianants i altres ponts urbans supera els 3,3 milions d&#8217;euros, reflectint l&#8217;esfor\u00e7 econ\u00f2mic i t\u00e8cnic desplegat per a restablir la mobilitat i la seguretat en el municipi.<\/p>\n\n\n\n<p>Tamb\u00e9 s&#8217;ha reparat la part superior del pont del carrer Antonio Machado. Amb aquestes intervencions, la Vicepresid\u00e8ncia Tercera i el Comissionat per a la Recuperaci\u00f3 reafirmen el seu comprom\u00eds amb una recuperaci\u00f3 \u00e0gil, coordinada i efica\u00e7 de les infraestructures locals, prioritzant la seguretat de les persones i la restituci\u00f3 plena de la connectivitat urbana.<\/p>\n","protected":false},"excerpt":{"rendered":"<div class=\"mh-excerpt\">La nova infraestructura met\u00e0l\u00b7lica s&#8217;ha elevat un metre per a suportar m\u00e9s ben possibles pluges torrencials. L&#8217;actuaci\u00f3 s&#8217;emmarca en el pla auton\u00f2mic de reconstrucci\u00f3 Pla Endavant per a recolzar als municipis m\u00e9s afectats que no <a class=\"mh-excerpt-more\" href=\"https:\/\/www.tucomarca.com\/wordpress\/segunda\/ca\/la-generalitat-posa-en-servei-la-nova-passarella-de-ramon-y-cajal-a-xiva-que-substitueix-a-la-municipal-arrasada-per-les-riuades\/\" title=\"La Generalitat posa en servei la nova passarel\u00b7la de Ram\u00f3n y Cajal a Xiva que substitueix a la municipal arrasada per les riuades\">[+] <\/a><\/div>\n","protected":false},"author":12,"featured_media":299347,"comment_status":"closed","ping_status":"open","sticky":false,"template":"","format":"gallery","meta":{"footnotes":""},"categories":[21466,10898,10948,10894,10904,10912,10903,10947,10896,10897,10975],"tags":[11195,15409,11498,10914,24172,22749],"class_list":{"0":"post-299354","1":"post","2":"type-post","3":"status-publish","4":"format-gallery","5":"has-post-thumbnail","7":"category-dana-ca","8":"category-ventana-ca","9":"category-infraestructuras-ca","10":"category-la-comarca-ca","11":"category-sin-categorizar-ca","12":"category-la-hoya-ca","13":"category-medio-ambiente-la-comarca-ca","14":"category-politica","15":"category-seccion-ca","16":"category-sucesos-la-comarca-ca","17":"category-chiva-ca","18":"tag-chiva-ca","19":"tag-dana-2-ca","20":"tag-generalitat-valenciana-ca","21":"tag-la-hoya-de-bunol-chiva-ca","22":"tag-nueva-pasarela-ramon-y-cajal","23":"tag-pla-endavant-ca","24":"post_format-post-format-gallery"},"_links":{"self":[{"href":"https:\/\/www.tucomarca.com\/wordpress\/segunda\/ca\/wp-json\/wp\/v2\/posts\/299354","targetHints":{"allow":["GET"]}}],"collection":[{"href":"https:\/\/www.tucomarca.com\/wordpress\/segunda\/ca\/wp-json\/wp\/v2\/posts"}],"about":[{"href":"https:\/\/www.tucomarca.com\/wordpress\/segunda\/ca\/wp-json\/wp\/v2\/types\/post"}],"author":[{"embeddable":true,"href":"https:\/\/www.tucomarca.com\/wordpress\/segunda\/ca\/wp-json\/wp\/v2\/users\/12"}],"replies":[{"embeddable":true,"href":"https:\/\/www.tucomarca.com\/wordpress\/segunda\/ca\/wp-json\/wp\/v2\/comments?post=299354"}],"version-history":[{"count":4,"href":"https:\/\/www.tucomarca.com\/wordpress\/segunda\/ca\/wp-json\/wp\/v2\/posts\/299354\/revisions"}],"predecessor-version":[{"id":299369,"href":"https:\/\/www.tucomarca.com\/wordpress\/segunda\/ca\/wp-json\/wp\/v2\/posts\/299354\/revisions\/299369"}],"wp:featuredmedia":[{"embeddable":true,"href":"https:\/\/www.tucomarca.com\/wordpress\/segunda\/ca\/wp-json\/wp\/v2\/media\/299347"}],"wp:attachment":[{"href":"https:\/\/www.tucomarca.com\/wordpress\/segunda\/ca\/wp-json\/wp\/v2\/media?parent=299354"}],"wp:term":[{"taxonomy":"category","embeddable":true,"href":"https:\/\/www.tucomarca.com\/wordpress\/segunda\/ca\/wp-json\/wp\/v2\/categories?post=299354"},{"taxonomy":"post_tag","embeddable":true,"href":"https:\/\/www.tucomarca.com\/wordpress\/segunda\/ca\/wp-json\/wp\/v2\/tags?post=299354"}],"curies":[{"name":"wp","href":"https:\/\/api.w.org\/{rel}","templated":true}]}}