{"id":299381,"date":"2026-04-20T10:40:00","date_gmt":"2026-04-20T08:40:00","guid":{"rendered":"https:\/\/www.tucomarca.com\/wordpress\/segunda\/?p=299381"},"modified":"2026-04-20T20:57:18","modified_gmt":"2026-04-20T18:57:18","slug":"el-nove-feminari-de-la-diputacio-reclama-una-llei-abolicionista-i-proteccio-social-per-a-les-dones-explotades-sexualment","status":"publish","type":"post","link":"https:\/\/www.tucomarca.com\/wordpress\/segunda\/ca\/el-nove-feminari-de-la-diputacio-reclama-una-llei-abolicionista-i-proteccio-social-per-a-les-dones-explotades-sexualment\/","title":{"rendered":"El nov\u00e9 Feminari de la Diputaci\u00f3 reclama una llei abolicionista i protecci\u00f3 social per a les dones explotades sexualment"},"content":{"rendered":"\n<h3 class=\"wp-block-heading\">La IX edici\u00f3 del f\u00f2rum de debat en clau feminista reunir\u00e0 el 7 i 8 de maig en La Petxina a reconegudes abolicionistes com la polit\u00f2loga Julia Salander, l&#8217;escriptora Rosa Cobo i Sindy Takanashi, v\u00edctima d&#8217;explotaci\u00f3 sexual.<\/h3>\n\n\n\n<h3 class=\"wp-block-heading\">La vicepresidenta Enguix creu que la prostituci\u00f3 \u201creprodu\u00efx la dominaci\u00f3 patriarcal i normalitza la viol\u00e8ncia sexual\u201d, i aposta per \u201cpenalitzar el negoci, garantint la recuperaci\u00f3 integral de les dones prostitu\u00efdes\u201d.<\/h3>\n\n\n\n<h3 class=\"wp-block-heading\">El president, Vicent Momp\u00f3, assegura que \u201cno \u00e9s un debat f\u00e0cil, per\u00f2 per aix\u00f2 \u00e9s m\u00e9s necessari, perqu\u00e8 no pot veure&#8217;s com a normal all\u00f2 que representa amb crueltat la vulnerabilitat de les dones\u201d.<\/h3>\n\n\n\n<p>La Diputaci\u00f3 de Val\u00e8ncia ha presentat este dilluns el seu nov\u00e9 Feminari, el f\u00f2rum de debat en clau feminista que, esta vegada, reclamar\u00e0 l&#8217;abolici\u00f3 de la prostituci\u00f3 com a resposta a l&#8217;explotaci\u00f3 sexual de les dones. Acompanyada pel president de la corporaci\u00f3 provincial, Vicent Momp\u00f3, la vicepresidenta Nat\u00e0lia Enguix, responsable d&#8217;Igualtat, ha assenyalat que la prostituci\u00f3 \u201creprodu\u00efx la dominaci\u00f3 patriarcal i normalitza la viol\u00e8ncia sexual\u201d. En resposta a una q\u00fcesti\u00f3 clau en l&#8217;agenda feminista i dels drets humans, el Feminari reflexionar\u00e0 sobre esta desigualtat estructural que \u201cno \u00e9s un treball, sin\u00f3 un negoci lucratiu per als proxenetes\u201d, ha afegit Enguix.<\/p>\n\n\n\n<p>El president Momp\u00f3, per part seua, ha considerat que \u201cquan una realitat travessa de forma tan directa la dignitat de les persones, la pol\u00edtica no pot limitar-se a observar, ha de posicionar-se\u201d. Coincidix el m\u00e0xim responsable provincial amb Nat\u00e0lia Enguix que la prostituci\u00f3 \u201c\u00e9s en molts casos l&#8217;expressi\u00f3 m\u00e9s dura de la desigualtat estructural\u201d, i per aix\u00f2 al\u00e7a la veu per a dir \u201cno a l&#8217;explotaci\u00f3 sexual, perqu\u00e8 no pot veure&#8217;s com a normal all\u00f2 que representa amb crueltat la vulnerabilitat de les dones\u201d. \u201cNo \u00e9s un debat f\u00e0cil, per\u00f2 per aix\u00f2 precisament \u00e9s m\u00e9s necessari\u201d, ha manifestat Vicent Momp\u00f3.<\/p>\n\n\n\n<p>El Feminari que se celebrar\u00e0 els dies 7 i 8 de maig en el complex cultural la Petxina \u201caborda eixe repte de tractar la prostituci\u00f3 des d&#8217;una mirada cr\u00edtica, amb l&#8217;horitz\u00f3 de la just\u00edcia social i la igualtat efectiva\u201d, apunta Momp\u00f3, en la l\u00ednia de les dades exposades per la vicepresidenta Nat\u00e0lia Enguix, qui ha fet refer\u00e8ncia al macroestudi del Ministeri d&#8217;Igualtat sobre tracta i prostituci\u00f3 publicat en 2024, on el 80% de les dones que es prostitu\u00efxen a Espanya presentaven indicadors d&#8217;explotaci\u00f3 sexual. \u201cNo \u00e9s una elecci\u00f3 individual, ni un treball. \u00c9s una ind\u00fastria que normalitza l&#8217;explotaci\u00f3 i de la qual es beneficien els proxenetes i puters que actuen impunement\u201d, lamenta Enguix.<\/p>\n\n\n\n<p>La diputada d&#8217;Igualtat ha anunciat el programa del congr\u00e9s \u2018Prostituci\u00f3. L&#8217;abolicionisme com a resposta\u2019, que s&#8217;obrir\u00e0 en la vesprada del dijous 7 de maig amb la pon\u00e8ncia inaugural de l&#8217;escriptora Rosa Cobo (16.30 h). La directora de la Xarxa Acad\u00e8mica Internacional d&#8217;Estudis sobre Prostituci\u00f3 i Pornografia aportar\u00e0 una visi\u00f3 integral del contingut del Feminari, que a continuaci\u00f3 projectar\u00e0 el documental de Mabel Lozano \u2018Abril, hui no \u00e9s hivern\u2019, el terrible relat de la violaci\u00f3 d&#8217;una xiqueta amb par\u00e0lisi cerebral, oferida per aquells que havien de cuidar-la i protegir-la (17.30 h)<\/p>\n\n\n\n<p>Vicent Momp\u00f3 i Nat\u00e0lia Enguix han aprofitat la presentaci\u00f3 per a obrir oficialment les inscripcions al nov\u00e9 Feminari, a trav\u00e9s del web <a href=\"https:\/\/feminariovalencia.es\/web.html%23inici\">https:\/\/feminariovalencia.es\/web.html#inici<\/a>.<\/p>\n\n\n\n<figure class=\"wp-block-gallery has-nested-images columns-default is-cropped wp-block-gallery-1 is-layout-flex wp-block-gallery-is-layout-flex\">\n<figure class=\"wp-block-image size-large\"><img loading=\"lazy\" decoding=\"async\" width=\"945\" height=\"638\" data-id=\"299373\" src=\"https:\/\/www.tucomarca.com\/wordpress\/segunda\/wp-content\/uploads\/2026\/04\/DipPresFeminariIX1.jpg\" alt=\"\" class=\"wp-image-299373\" srcset=\"https:\/\/www.tucomarca.com\/wordpress\/segunda\/wp-content\/uploads\/2026\/04\/DipPresFeminariIX1.jpg 945w, https:\/\/www.tucomarca.com\/wordpress\/segunda\/wp-content\/uploads\/2026\/04\/DipPresFeminariIX1-300x203.jpg 300w, https:\/\/www.tucomarca.com\/wordpress\/segunda\/wp-content\/uploads\/2026\/04\/DipPresFeminariIX1-768x519.jpg 768w\" sizes=\"auto, (max-width: 945px) 100vw, 945px\" \/><\/figure>\n\n\n\n<figure class=\"wp-block-image size-large\"><img loading=\"lazy\" decoding=\"async\" width=\"945\" height=\"638\" data-id=\"299375\" src=\"https:\/\/www.tucomarca.com\/wordpress\/segunda\/wp-content\/uploads\/2026\/04\/DipPresFeminariIX2.jpg\" alt=\"\" class=\"wp-image-299375\" srcset=\"https:\/\/www.tucomarca.com\/wordpress\/segunda\/wp-content\/uploads\/2026\/04\/DipPresFeminariIX2.jpg 945w, https:\/\/www.tucomarca.com\/wordpress\/segunda\/wp-content\/uploads\/2026\/04\/DipPresFeminariIX2-300x203.jpg 300w, https:\/\/www.tucomarca.com\/wordpress\/segunda\/wp-content\/uploads\/2026\/04\/DipPresFeminariIX2-768x519.jpg 768w\" sizes=\"auto, (max-width: 945px) 100vw, 945px\" \/><\/figure>\n<\/figure>\n\n\n\n<p><\/p>\n\n\n\n<p><strong>Taules de debat<\/strong><\/p>\n\n\n\n<p>El debat pr\u00f2piament dit s&#8217;iniciar\u00e0 en la vesprada del dijous amb la professora de Filosofia Moral de la UNED Ana de Miguel, la professora de Sociologia i directora del grup d&#8217;investigaci\u00f3 Viosex, Esther Torrado, i Carolina L\u00f3pez, supervivent d&#8217;explotaci\u00f3 sexual i experta en viol\u00e8ncies sexuals. La periodista i escriptora Nuria Coronado moderar\u00e0 la taula (18.30 h).<\/p>\n\n\n\n<p>La matinal del divendres s&#8217;obrir\u00e0 a les 10.00 h amb un nou debat a tres bandes, explorant eixes noves vies d&#8217;explotaci\u00f3 sexual a trav\u00e9s de les xarxes socials i les seues plataformes. Intervindran la mestra i presidenta de la Federaci\u00f3 de Dones Joves, Laura Barrios; la polit\u00f2loga Julia Salander; i la investigadora i docent Lydia Delicado. La moderadora, en esta ocasi\u00f3, ser\u00e0 l&#8217;activista i divulgadora feminista Sindy Takanashi, que va viure en primera persona el drama de l&#8217;explotaci\u00f3 sexual amb nom\u00e9s 17 anys.<\/p>\n\n\n\n<p>L&#8217;\u00faltima de les taules de debat, abans de les conclusions finals a c\u00e0rrec de la vicepresidenta Enguix, abordar\u00e0 la necess\u00e0ria regulaci\u00f3 normativa de l&#8217;abolicionisme amb l&#8217;advocada Charo Carracedo i les periodistes Graciela Atencio i Kajsa Ekis Ekman. La psic\u00f2loga i agent d&#8217;Igualtat d&#8217;Oportunitats Laura Berja exercir\u00e0 de moderadora (12.00 h).<\/p>\n\n\n\n<p><strong>Protecci\u00f3 social<\/strong><\/p>\n\n\n\n<p>El president Momp\u00f3 ha deixat clar el model que defensa la Diputaci\u00f3: \u201cen primer lloc, la persecuci\u00f3 ferma de les xarxes de tr\u00e0fic i explotaci\u00f3; en segon lloc, la protecci\u00f3 integral de les dones en situaci\u00f3 de prostituci\u00f3 amb recursos reals i alternatives de vida; i en tercer lloc la convicci\u00f3 que una societat que aspira a ser plenament igualit\u00e0ria no pot assumir la prostituci\u00f3 com a element normalitzat de la seua estructura social\u201d.<\/p>\n\n\n\n<p>En opini\u00f3 de Nat\u00e0lia Enguix, \u201cno pot haver-hi abolicionisme sense drets\u201d. La vicepresidenta de la Diputaci\u00f3 defensa que el feminisme \u201c\u00e9s abolicionista\u201d, i proposa models com el n\u00f2rdic, on trobem pa\u00efsos com Su\u00e8cia, Fran\u00e7a o Irlanda que penalitzen la demanda i el proxenetisme, despenalitzen a les dones i garantixen pol\u00edtiques p\u00fabliques de recuperaci\u00f3 integral de les dones prostitu\u00efdes.<\/p>\n\n\n\n<p>En el cas nacional, la responsable d&#8217;Igualtat insistix en reivindicar davant el Govern central \u201cuna aut\u00e8ntica llei abolicionista de la prostituci\u00f3 que no se centre \u00fanicament en la reforma del Codi Penal\u201d. Enguix t\u00e9 clar que \u201cno pot haver-hi abolici\u00f3 sense drets, ja que la penalitzaci\u00f3 de la demanda sense un sistema s\u00f2lid de protecci\u00f3 social pot augmentar la vulnerabilitat de les dones\u201d, ha concl\u00f2s Enguix, qui convida a totes i tots a seguir el Feminari del 7 i 8 de maig en la Petxina, o b\u00e9 a trav\u00e9s del canal Youtube de la Diputaci\u00f3.<\/p>\n","protected":false},"excerpt":{"rendered":"<div class=\"mh-excerpt\">La IX edici\u00f3 del f\u00f2rum de debat en clau feminista reunir\u00e0 el 7 i 8 de maig en La Petxina a reconegudes abolicionistes com la polit\u00f2loga Julia Salander, l&#8217;escriptora Rosa Cobo i Sindy Takanashi, v\u00edctima <a class=\"mh-excerpt-more\" href=\"https:\/\/www.tucomarca.com\/wordpress\/segunda\/ca\/el-nove-feminari-de-la-diputacio-reclama-una-llei-abolicionista-i-proteccio-social-per-a-les-dones-explotades-sexualment\/\" title=\"El nov\u00e9 Feminari de la Diputaci\u00f3 reclama una llei abolicionista i protecci\u00f3 social per a les dones explotades sexualment\">[+] <\/a><\/div>\n","protected":false},"author":12,"featured_media":299378,"comment_status":"closed","ping_status":"open","sticky":false,"template":"","format":"gallery","meta":{"footnotes":""},"categories":[10898,10948,10894,10904,10947,10896],"tags":[11246,24175,24176],"class_list":{"0":"post-299381","1":"post","2":"type-post","3":"status-publish","4":"format-gallery","5":"has-post-thumbnail","7":"category-ventana-ca","8":"category-infraestructuras-ca","9":"category-la-comarca-ca","10":"category-sin-categorizar-ca","11":"category-politica","12":"category-seccion-ca","13":"tag-diputacio-de-valencia-ca","14":"tag-ix-edicion-del-foro-de-debate-en-clave-feminista","15":"tag-ix-feminario","16":"post_format-post-format-gallery"},"_links":{"self":[{"href":"https:\/\/www.tucomarca.com\/wordpress\/segunda\/ca\/wp-json\/wp\/v2\/posts\/299381","targetHints":{"allow":["GET"]}}],"collection":[{"href":"https:\/\/www.tucomarca.com\/wordpress\/segunda\/ca\/wp-json\/wp\/v2\/posts"}],"about":[{"href":"https:\/\/www.tucomarca.com\/wordpress\/segunda\/ca\/wp-json\/wp\/v2\/types\/post"}],"author":[{"embeddable":true,"href":"https:\/\/www.tucomarca.com\/wordpress\/segunda\/ca\/wp-json\/wp\/v2\/users\/12"}],"replies":[{"embeddable":true,"href":"https:\/\/www.tucomarca.com\/wordpress\/segunda\/ca\/wp-json\/wp\/v2\/comments?post=299381"}],"version-history":[{"count":3,"href":"https:\/\/www.tucomarca.com\/wordpress\/segunda\/ca\/wp-json\/wp\/v2\/posts\/299381\/revisions"}],"predecessor-version":[{"id":299396,"href":"https:\/\/www.tucomarca.com\/wordpress\/segunda\/ca\/wp-json\/wp\/v2\/posts\/299381\/revisions\/299396"}],"wp:featuredmedia":[{"embeddable":true,"href":"https:\/\/www.tucomarca.com\/wordpress\/segunda\/ca\/wp-json\/wp\/v2\/media\/299378"}],"wp:attachment":[{"href":"https:\/\/www.tucomarca.com\/wordpress\/segunda\/ca\/wp-json\/wp\/v2\/media?parent=299381"}],"wp:term":[{"taxonomy":"category","embeddable":true,"href":"https:\/\/www.tucomarca.com\/wordpress\/segunda\/ca\/wp-json\/wp\/v2\/categories?post=299381"},{"taxonomy":"post_tag","embeddable":true,"href":"https:\/\/www.tucomarca.com\/wordpress\/segunda\/ca\/wp-json\/wp\/v2\/tags?post=299381"}],"curies":[{"name":"wp","href":"https:\/\/api.w.org\/{rel}","templated":true}]}}