{"id":299392,"date":"2026-04-20T10:35:00","date_gmt":"2026-04-20T08:35:00","guid":{"rendered":"https:\/\/www.tucomarca.com\/wordpress\/segunda\/?p=299392"},"modified":"2026-04-20T21:06:39","modified_gmt":"2026-04-20T19:06:39","slug":"el-programa-sarc-als-pobles-de-la-diputacio-destina-3-526-000-euros-per-a-la-programacio-cultural-de-la-provincia","status":"publish","type":"post","link":"https:\/\/www.tucomarca.com\/wordpress\/segunda\/ca\/el-programa-sarc-als-pobles-de-la-diputacio-destina-3-526-000-euros-per-a-la-programacio-cultural-de-la-provincia\/","title":{"rendered":"El programa &#8216;SARC als pobles&#8217; de la Diputaci\u00f3 destina 3.526.000 euros per a la programaci\u00f3 cultural de la prov\u00edncia"},"content":{"rendered":"\n<h3 class=\"wp-block-heading\">La novetat d\u2019enguany \u00e9s que els ajuntaments rebran de manera immediata un 80% de la subvenci\u00f3 concedida.<\/h3>\n\n\n\n<h3 class=\"wp-block-heading\">L\u2019objectiu del SARC \u00e9s ajudar a crear i sufragar les programacions culturals dels municipis, especialment les dels m\u00e9s xicotets, i que la ciutadania puga disposar d\u2019una oferta cultural diversificada i de qualitat.<\/h3>\n\n\n\n<p>Els ajuntaments de la prov\u00edncia de Val\u00e8ncia ja poden demanar les ajudes del programa &#8216;SARC als pobles 2026&#8217; per a sufragar la seua programaci\u00f3 cultural anual a trav\u00e9s de la convocat\u00f2ria publicada al BOP el 14 d\u2019abril. El programa est\u00e0 dotat amb un pressupost de 3.526.000 euros per a arribar a tots els municipis i entitats locals menors que demanen les ajudes. De fet, en 2025 va cobrir el pagament de les programacions culturals&nbsp; pr\u00e0cticament de la totalitat de municipis i entitats locals menors de la prov\u00edncia.<\/p>\n\n\n\n<p>Com a novetat, en la convocat\u00f2ria de &#8216;SARC als pobles 2026&#8217; els ajuntaments rebran quasi de manera immediata un 80% de la subvenci\u00f3 per a fer front als gastos de les activitats incloses dins de la programaci\u00f3 de cada municipi. El 20% restant ho rebran quan presenten la justificaci\u00f3 abans l&#8217;1 de desembre de 2026, en termini voluntari, o, com a m\u00e0xim, el 25 de gener de 2027 com a termini final.<\/p>\n\n\n\n<p>A banda de les arts esc\u00e8niques, pl\u00e0stiques, audiovisuals, m\u00fasica, tallers o tradicions que poden formar part de les programacions, tamb\u00e9 es contemplen les ajudes als municipis de menys de 5.000 habitants que podran incloure activitats l\u00fadic-festives en la seua programaci\u00f3.<\/p>\n\n\n\n<p>Estes ajudes tenen com a finalitat afavorir i donar suport a la planificaci\u00f3 i execuci\u00f3 de les programacions culturals municipals, amb l\u2019objectiu principal que la ciutadania tinga una oferta cultural diversificada i de qualitat.&nbsp;<\/p>\n\n\n\n<p>La fase de presentaci\u00f3 de sol\u00b7licituds estar\u00e0 oberta fins al 6 de maig de 2026 (incl\u00f2s), i les instruccions i models de sol\u00b7licitud estan disponibles a la p\u00e0gina web del SARC. Aix\u00ed mateix, els t\u00e8cnics del servici estan a la disposici\u00f3 dels municipis per a oferir informaci\u00f3 detallada sobre les activitats i el proc\u00e9s de tramitaci\u00f3.<\/p>\n\n\n\n<p>El diputat de Cultura, Paco Teruel, assenyala que la cultura &#8220;no pot dependre de la grand\u00e0ria del municipi ni del codi postal. I aix\u00f2 \u00e9s exactament el que perseguix el SARC: garantir que qualsevol valenci\u00e0 tinga acc\u00e9s a una programaci\u00f3 cultural digna, diversa i de qualitat&#8221;.<\/p>\n\n\n\n<p>Aix\u00ed mateix, el responsable de Cultura de la corporaci\u00f3 provincial destaca que &#8220;a m\u00e9s, reforcem el suport als municipis m\u00e9s xicotets, permetent-los incloure tamb\u00e9 activitats l\u00fadic-festives, perqu\u00e8 entenem la cultura en un sentit ampli, com un element de cohesi\u00f3 social, d&#8217;identitat i tamb\u00e9 de dinamitzaci\u00f3 econ\u00f2mica&#8221;.<\/p>\n\n\n\n<figure class=\"wp-block-image size-full\"><img loading=\"lazy\" decoding=\"async\" width=\"945\" height=\"638\" src=\"https:\/\/www.tucomarca.com\/wordpress\/segunda\/wp-content\/uploads\/2026\/04\/SARCTallerdeCirc.jpg\" alt=\"\" class=\"wp-image-299386\" srcset=\"https:\/\/www.tucomarca.com\/wordpress\/segunda\/wp-content\/uploads\/2026\/04\/SARCTallerdeCirc.jpg 945w, https:\/\/www.tucomarca.com\/wordpress\/segunda\/wp-content\/uploads\/2026\/04\/SARCTallerdeCirc-300x203.jpg 300w, https:\/\/www.tucomarca.com\/wordpress\/segunda\/wp-content\/uploads\/2026\/04\/SARCTallerdeCirc-768x519.jpg 768w\" sizes=\"auto, (max-width: 945px) 100vw, 945px\" \/><\/figure>\n\n\n\n<p><\/p>\n\n\n\n<p><strong>Ferramentes<\/strong><\/p>\n\n\n\n<p>El SARC posa a disposici\u00f3 dels agents culturals el Cat\u00e0leg d\u2019Activitats Culturals, que compta amb 2.191 activitats proporcionades pels professionals del sector i arreplega tota la informaci\u00f3 de les propostes i espectacles d\u2019empreses, professionals aut\u00f2noms i associacions culturals de la prov\u00edncia de Val\u00e8ncia, perqu\u00e8 els ajuntaments coneguen tota l&#8217;oferta i puguen elaborar les seues programacions culturals municipals. Es pot trobar a l\u2019enlla\u00e7: https:\/\/sarc.dival.es\/entitats-locals\/cataleg-sarc\/&nbsp;<\/p>\n","protected":false},"excerpt":{"rendered":"<div class=\"mh-excerpt\">La novetat d\u2019enguany \u00e9s que els ajuntaments rebran de manera immediata un 80% de la subvenci\u00f3 concedida. L\u2019objectiu del SARC \u00e9s ajudar a crear i sufragar les programacions culturals dels municipis, especialment les dels m\u00e9s <a class=\"mh-excerpt-more\" href=\"https:\/\/www.tucomarca.com\/wordpress\/segunda\/ca\/el-programa-sarc-als-pobles-de-la-diputacio-destina-3-526-000-euros-per-a-la-programacio-cultural-de-la-provincia\/\" title=\"El programa &#8216;SARC als pobles&#8217; de la Diputaci\u00f3 destina 3.526.000 euros per a la programaci\u00f3 cultural de la prov\u00edncia\">[+] <\/a><\/div>\n","protected":false},"author":12,"featured_media":299389,"comment_status":"closed","ping_status":"open","sticky":false,"template":"","format":"standard","meta":{"footnotes":""},"categories":[10898,10894,10904,11007,10896],"tags":[11246,21359],"class_list":{"0":"post-299392","1":"post","2":"type-post","3":"status-publish","4":"format-standard","5":"has-post-thumbnail","7":"category-ventana-ca","8":"category-la-comarca-ca","9":"category-sin-categorizar-ca","10":"category-ocio-y-cultura-ca","11":"category-seccion-ca","12":"tag-diputacio-de-valencia-ca","13":"tag-sarc-ca"},"_links":{"self":[{"href":"https:\/\/www.tucomarca.com\/wordpress\/segunda\/ca\/wp-json\/wp\/v2\/posts\/299392","targetHints":{"allow":["GET"]}}],"collection":[{"href":"https:\/\/www.tucomarca.com\/wordpress\/segunda\/ca\/wp-json\/wp\/v2\/posts"}],"about":[{"href":"https:\/\/www.tucomarca.com\/wordpress\/segunda\/ca\/wp-json\/wp\/v2\/types\/post"}],"author":[{"embeddable":true,"href":"https:\/\/www.tucomarca.com\/wordpress\/segunda\/ca\/wp-json\/wp\/v2\/users\/12"}],"replies":[{"embeddable":true,"href":"https:\/\/www.tucomarca.com\/wordpress\/segunda\/ca\/wp-json\/wp\/v2\/comments?post=299392"}],"version-history":[{"count":2,"href":"https:\/\/www.tucomarca.com\/wordpress\/segunda\/ca\/wp-json\/wp\/v2\/posts\/299392\/revisions"}],"predecessor-version":[{"id":299398,"href":"https:\/\/www.tucomarca.com\/wordpress\/segunda\/ca\/wp-json\/wp\/v2\/posts\/299392\/revisions\/299398"}],"wp:featuredmedia":[{"embeddable":true,"href":"https:\/\/www.tucomarca.com\/wordpress\/segunda\/ca\/wp-json\/wp\/v2\/media\/299389"}],"wp:attachment":[{"href":"https:\/\/www.tucomarca.com\/wordpress\/segunda\/ca\/wp-json\/wp\/v2\/media?parent=299392"}],"wp:term":[{"taxonomy":"category","embeddable":true,"href":"https:\/\/www.tucomarca.com\/wordpress\/segunda\/ca\/wp-json\/wp\/v2\/categories?post=299392"},{"taxonomy":"post_tag","embeddable":true,"href":"https:\/\/www.tucomarca.com\/wordpress\/segunda\/ca\/wp-json\/wp\/v2\/tags?post=299392"}],"curies":[{"name":"wp","href":"https:\/\/api.w.org\/{rel}","templated":true}]}}