{"id":299434,"date":"2026-04-21T11:15:00","date_gmt":"2026-04-21T09:15:00","guid":{"rendered":"https:\/\/www.tucomarca.com\/wordpress\/segunda\/?p=299434"},"modified":"2026-04-21T18:35:04","modified_gmt":"2026-04-21T16:35:04","slug":"fotogaleria-set-aigues-estrena-la-illuminacio-de-litinerari-ciclopeatonal-cap-a-lestacio-de-rodalia","status":"publish","type":"post","link":"https:\/\/www.tucomarca.com\/wordpress\/segunda\/ca\/fotogaleria-set-aigues-estrena-la-illuminacio-de-litinerari-ciclopeatonal-cap-a-lestacio-de-rodalia\/","title":{"rendered":"Fotogaleria: Set Aig\u00fces estrena la il\u00b7luminaci\u00f3 de l\u2019itinerari ciclopeatonal cap a l\u2019estaci\u00f3 de rodalia"},"content":{"rendered":"\n<p>Set Aig\u00fces compta des d\u2019aquest passat 17 d\u2019abril amb il\u00b7luminaci\u00f3 en el seu nou itinerari ciclopeatonal que connecta el nucli urb\u00e0 amb l\u2019estaci\u00f3 de rodalia de RENFE, passant per la urbanitzaci\u00f3 de la Plana.<\/p>\n\n\n\n<p>L\u2019actuaci\u00f3, que ha suposat una inversi\u00f3 de 68.183 euros, permet que aquest recorregut puga utilitzar-se tamb\u00e9 en horari nocturn, millorant aix\u00ed l\u2019accessibilitat i la seguretat per a ve\u00efns i ve\u00efnes.<\/p>\n\n\n\n<p>Amb este projecte, el municipi guanya un nou espai per a l\u2019oci i la mobilitat sostenible, oferint un passeig condicionat per al gaudi de tota la ciutadania i facilitant la connexi\u00f3 entre diferents punts del terme municipal.<\/p>\n\n\n\n<p>La posada en marxa de l\u2019enllumenat refor\u00e7a el valor d\u2019esta infraestructura, pensada tant per a vianants com per a ciclistes, i contribu\u00efx a fomentar h\u00e0bits saludables i un entorn m\u00e9s accessible. Informa, <strong>P. Ferrer<\/strong>.<\/p>\n\n\n\n<figure class=\"wp-block-gallery has-nested-images columns-2 is-cropped wp-block-gallery-1 is-layout-flex wp-block-gallery-is-layout-flex\">\n<figure class=\"wp-block-image size-large\"><img loading=\"lazy\" decoding=\"async\" width=\"945\" height=\"638\" data-id=\"299417\" src=\"https:\/\/www.tucomarca.com\/wordpress\/segunda\/wp-content\/uploads\/2026\/04\/SieteAguasCiclopeatonal2.jpg\" alt=\"\" class=\"wp-image-299417\" srcset=\"https:\/\/www.tucomarca.com\/wordpress\/segunda\/wp-content\/uploads\/2026\/04\/SieteAguasCiclopeatonal2.jpg 945w, https:\/\/www.tucomarca.com\/wordpress\/segunda\/wp-content\/uploads\/2026\/04\/SieteAguasCiclopeatonal2-300x203.jpg 300w, https:\/\/www.tucomarca.com\/wordpress\/segunda\/wp-content\/uploads\/2026\/04\/SieteAguasCiclopeatonal2-768x519.jpg 768w\" sizes=\"auto, (max-width: 945px) 100vw, 945px\" \/><\/figure>\n\n\n\n<figure class=\"wp-block-image size-large\"><img loading=\"lazy\" decoding=\"async\" width=\"945\" height=\"638\" data-id=\"299419\" src=\"https:\/\/www.tucomarca.com\/wordpress\/segunda\/wp-content\/uploads\/2026\/04\/SieteAguasCiclopeatonal3.jpg\" alt=\"\" class=\"wp-image-299419\" srcset=\"https:\/\/www.tucomarca.com\/wordpress\/segunda\/wp-content\/uploads\/2026\/04\/SieteAguasCiclopeatonal3.jpg 945w, https:\/\/www.tucomarca.com\/wordpress\/segunda\/wp-content\/uploads\/2026\/04\/SieteAguasCiclopeatonal3-300x203.jpg 300w, https:\/\/www.tucomarca.com\/wordpress\/segunda\/wp-content\/uploads\/2026\/04\/SieteAguasCiclopeatonal3-768x519.jpg 768w\" sizes=\"auto, (max-width: 945px) 100vw, 945px\" \/><\/figure>\n\n\n\n<figure class=\"wp-block-image size-large\"><img loading=\"lazy\" decoding=\"async\" width=\"945\" height=\"638\" data-id=\"299421\" src=\"https:\/\/www.tucomarca.com\/wordpress\/segunda\/wp-content\/uploads\/2026\/04\/SieteAguasCiclopeatonal4.jpg\" alt=\"\" class=\"wp-image-299421\" srcset=\"https:\/\/www.tucomarca.com\/wordpress\/segunda\/wp-content\/uploads\/2026\/04\/SieteAguasCiclopeatonal4.jpg 945w, https:\/\/www.tucomarca.com\/wordpress\/segunda\/wp-content\/uploads\/2026\/04\/SieteAguasCiclopeatonal4-300x203.jpg 300w, https:\/\/www.tucomarca.com\/wordpress\/segunda\/wp-content\/uploads\/2026\/04\/SieteAguasCiclopeatonal4-768x519.jpg 768w\" sizes=\"auto, (max-width: 945px) 100vw, 945px\" \/><\/figure>\n\n\n\n<figure class=\"wp-block-image size-large\"><img loading=\"lazy\" decoding=\"async\" width=\"945\" height=\"638\" data-id=\"299423\" src=\"https:\/\/www.tucomarca.com\/wordpress\/segunda\/wp-content\/uploads\/2026\/04\/SieteAguasCiclopeatonal5.jpg\" alt=\"\" class=\"wp-image-299423\" srcset=\"https:\/\/www.tucomarca.com\/wordpress\/segunda\/wp-content\/uploads\/2026\/04\/SieteAguasCiclopeatonal5.jpg 945w, https:\/\/www.tucomarca.com\/wordpress\/segunda\/wp-content\/uploads\/2026\/04\/SieteAguasCiclopeatonal5-300x203.jpg 300w, https:\/\/www.tucomarca.com\/wordpress\/segunda\/wp-content\/uploads\/2026\/04\/SieteAguasCiclopeatonal5-768x519.jpg 768w\" sizes=\"auto, (max-width: 945px) 100vw, 945px\" \/><\/figure>\n\n\n\n<figure class=\"wp-block-image size-large\"><img loading=\"lazy\" decoding=\"async\" width=\"945\" height=\"638\" data-id=\"299425\" src=\"https:\/\/www.tucomarca.com\/wordpress\/segunda\/wp-content\/uploads\/2026\/04\/SieteAguasCiclopeatonal6.jpg\" alt=\"\" class=\"wp-image-299425\" srcset=\"https:\/\/www.tucomarca.com\/wordpress\/segunda\/wp-content\/uploads\/2026\/04\/SieteAguasCiclopeatonal6.jpg 945w, https:\/\/www.tucomarca.com\/wordpress\/segunda\/wp-content\/uploads\/2026\/04\/SieteAguasCiclopeatonal6-300x203.jpg 300w, https:\/\/www.tucomarca.com\/wordpress\/segunda\/wp-content\/uploads\/2026\/04\/SieteAguasCiclopeatonal6-768x519.jpg 768w\" sizes=\"auto, (max-width: 945px) 100vw, 945px\" \/><\/figure>\n\n\n\n<figure class=\"wp-block-image size-large\"><img loading=\"lazy\" decoding=\"async\" width=\"945\" height=\"638\" data-id=\"299427\" src=\"https:\/\/www.tucomarca.com\/wordpress\/segunda\/wp-content\/uploads\/2026\/04\/SieteAguasCiclopeatonal7.jpg\" alt=\"\" class=\"wp-image-299427\" srcset=\"https:\/\/www.tucomarca.com\/wordpress\/segunda\/wp-content\/uploads\/2026\/04\/SieteAguasCiclopeatonal7.jpg 945w, https:\/\/www.tucomarca.com\/wordpress\/segunda\/wp-content\/uploads\/2026\/04\/SieteAguasCiclopeatonal7-300x203.jpg 300w, https:\/\/www.tucomarca.com\/wordpress\/segunda\/wp-content\/uploads\/2026\/04\/SieteAguasCiclopeatonal7-768x519.jpg 768w\" sizes=\"auto, (max-width: 945px) 100vw, 945px\" \/><\/figure>\n<\/figure>\n\n\n\n<p><\/p>\n","protected":false},"excerpt":{"rendered":"<div class=\"mh-excerpt\">Set Aig\u00fces compta des d\u2019aquest passat 17 d\u2019abril amb il\u00b7luminaci\u00f3 en el seu nou itinerari ciclopeatonal que connecta el nucli urb\u00e0 amb l\u2019estaci\u00f3 de rodalia de RENFE, passant per la urbanitzaci\u00f3 de la Plana. L\u2019actuaci\u00f3, <a class=\"mh-excerpt-more\" href=\"https:\/\/www.tucomarca.com\/wordpress\/segunda\/ca\/fotogaleria-set-aigues-estrena-la-illuminacio-de-litinerari-ciclopeatonal-cap-a-lestacio-de-rodalia\/\" title=\"Fotogaleria: Set Aig\u00fces estrena la il\u00b7luminaci\u00f3 de l\u2019itinerari ciclopeatonal cap a l\u2019estaci\u00f3 de rodalia\">[+] <\/a><\/div>\n","protected":false},"author":12,"featured_media":299430,"comment_status":"closed","ping_status":"open","sticky":false,"template":"","format":"gallery","meta":{"footnotes":""},"categories":[10948,10894,10912,10903,10947,10896,10979],"tags":[24179,10914,11157],"class_list":{"0":"post-299434","1":"post","2":"type-post","3":"status-publish","4":"format-gallery","5":"has-post-thumbnail","7":"category-infraestructuras-ca","8":"category-la-comarca-ca","9":"category-la-hoya-ca","10":"category-medio-ambiente-la-comarca-ca","11":"category-politica","12":"category-seccion-ca","13":"category-siete-aguas-ca","14":"tag-itinerario-ciclopeatonal","15":"tag-la-hoya-de-bunol-chiva-ca","16":"tag-siete-aguas-ca","17":"post_format-post-format-gallery"},"_links":{"self":[{"href":"https:\/\/www.tucomarca.com\/wordpress\/segunda\/ca\/wp-json\/wp\/v2\/posts\/299434","targetHints":{"allow":["GET"]}}],"collection":[{"href":"https:\/\/www.tucomarca.com\/wordpress\/segunda\/ca\/wp-json\/wp\/v2\/posts"}],"about":[{"href":"https:\/\/www.tucomarca.com\/wordpress\/segunda\/ca\/wp-json\/wp\/v2\/types\/post"}],"author":[{"embeddable":true,"href":"https:\/\/www.tucomarca.com\/wordpress\/segunda\/ca\/wp-json\/wp\/v2\/users\/12"}],"replies":[{"embeddable":true,"href":"https:\/\/www.tucomarca.com\/wordpress\/segunda\/ca\/wp-json\/wp\/v2\/comments?post=299434"}],"version-history":[{"count":3,"href":"https:\/\/www.tucomarca.com\/wordpress\/segunda\/ca\/wp-json\/wp\/v2\/posts\/299434\/revisions"}],"predecessor-version":[{"id":299521,"href":"https:\/\/www.tucomarca.com\/wordpress\/segunda\/ca\/wp-json\/wp\/v2\/posts\/299434\/revisions\/299521"}],"wp:featuredmedia":[{"embeddable":true,"href":"https:\/\/www.tucomarca.com\/wordpress\/segunda\/ca\/wp-json\/wp\/v2\/media\/299430"}],"wp:attachment":[{"href":"https:\/\/www.tucomarca.com\/wordpress\/segunda\/ca\/wp-json\/wp\/v2\/media?parent=299434"}],"wp:term":[{"taxonomy":"category","embeddable":true,"href":"https:\/\/www.tucomarca.com\/wordpress\/segunda\/ca\/wp-json\/wp\/v2\/categories?post=299434"},{"taxonomy":"post_tag","embeddable":true,"href":"https:\/\/www.tucomarca.com\/wordpress\/segunda\/ca\/wp-json\/wp\/v2\/tags?post=299434"}],"curies":[{"name":"wp","href":"https:\/\/api.w.org\/{rel}","templated":true}]}}