{"id":299441,"date":"2026-04-22T10:15:00","date_gmt":"2026-04-22T08:15:00","guid":{"rendered":"https:\/\/www.tucomarca.com\/wordpress\/segunda\/?p=299441"},"modified":"2026-04-23T00:52:24","modified_gmt":"2026-04-22T22:52:24","slug":"bunyol-acull-un-taller-de-mindfulness-i-regulacio-emocional-organitzat-per-lassociacio-families-valentes","status":"publish","type":"post","link":"https:\/\/www.tucomarca.com\/wordpress\/segunda\/ca\/bunyol-acull-un-taller-de-mindfulness-i-regulacio-emocional-organitzat-per-lassociacio-families-valentes\/","title":{"rendered":"Bunyol acull un taller de mindfulness i regulaci\u00f3 emocional organitzat per l&#8217;Associaci\u00f3 Fam\u00edlies Valentes"},"content":{"rendered":"\n<p>L&#8217;Associaci\u00f3 Fam\u00edlies Valentes de Bunyol ha organitzat un taller centrat en el mindfulness i la regulaci\u00f3 emocional, una iniciativa dirigida a millorar el benestar psicol\u00f2gic i oferir eines pr\u00e0ctiques per a la gesti\u00f3 de les emocions.<\/p>\n\n\n\n<p>L&#8217;activitat se celebrar\u00e0 el pr\u00f2xim 28 d&#8217;abril a les #19:00 hores a la Sala Raga de Bunyol i tindr\u00e0 una duraci\u00f3 aproximada de dues hores. El taller ser\u00e0 impartit per la psic\u00f2loga \u00c1ngela Lavar\u00edas, especialista en mindfulness, qui guiar\u00e0 als assistents en t\u00e8cniques orientades a reduir l&#8217;estr\u00e9s i fomentar l&#8217;equilibri emocional.<\/p>\n\n\n\n<p>La participaci\u00f3 t\u00e9 un cost de 10 euros per a persones no s\u00f2cies, mentre que ser\u00e0 gratu\u00efta per als qui formen part de l&#8217;associaci\u00f3. A causa de l&#8217;aforament limitat, \u00e9s necessari inscriure&#8217;s pr\u00e8viament a trav\u00e9s de WhatsApp en el n\u00famero 621 494 585.<\/p>\n\n\n\n<p>Aquesta iniciativa compta amb la col\u00b7laboraci\u00f3 de l&#8217;Ajuntament de Bunyol i s&#8217;emmarca dins de les accions promogudes per l&#8217;associaci\u00f3 per a fer costat a les fam\u00edlies i promoure h\u00e0bits saludables des de l&#8217;\u00e0mbit emocional. Informa, <strong>P. Ferrer<\/strong>.<\/p>\n","protected":false},"excerpt":{"rendered":"<div class=\"mh-excerpt\">L&#8217;Associaci\u00f3 Fam\u00edlies Valentes de Bunyol ha organitzat un taller centrat en el mindfulness i la regulaci\u00f3 emocional, una iniciativa dirigida a millorar el benestar psicol\u00f2gic i oferir eines pr\u00e0ctiques per a la gesti\u00f3 de les <a class=\"mh-excerpt-more\" href=\"https:\/\/www.tucomarca.com\/wordpress\/segunda\/ca\/bunyol-acull-un-taller-de-mindfulness-i-regulacio-emocional-organitzat-per-lassociacio-families-valentes\/\" title=\"Bunyol acull un taller de mindfulness i regulaci\u00f3 emocional organitzat per l&#8217;Associaci\u00f3 Fam\u00edlies Valentes\">[+] <\/a><\/div>\n","protected":false},"author":12,"featured_media":299440,"comment_status":"closed","ping_status":"open","sticky":false,"template":"","format":"standard","meta":{"footnotes":""},"categories":[11019,10911,10894,10912,11007,10896],"tags":[21879,10913,10914,24180],"class_list":{"0":"post-299441","1":"post","2":"type-post","3":"status-publish","4":"format-standard","5":"has-post-thumbnail","7":"category-agenda-ca","8":"category-bunol-ca","9":"category-la-comarca-ca","10":"category-la-hoya-ca","11":"category-ocio-y-cultura-ca","12":"category-seccion-ca","13":"tag-asociacion-familias-valientes-ca","14":"tag-bunol-ca","15":"tag-la-hoya-de-bunol-chiva-ca","16":"tag-mindfulness"},"_links":{"self":[{"href":"https:\/\/www.tucomarca.com\/wordpress\/segunda\/ca\/wp-json\/wp\/v2\/posts\/299441","targetHints":{"allow":["GET"]}}],"collection":[{"href":"https:\/\/www.tucomarca.com\/wordpress\/segunda\/ca\/wp-json\/wp\/v2\/posts"}],"about":[{"href":"https:\/\/www.tucomarca.com\/wordpress\/segunda\/ca\/wp-json\/wp\/v2\/types\/post"}],"author":[{"embeddable":true,"href":"https:\/\/www.tucomarca.com\/wordpress\/segunda\/ca\/wp-json\/wp\/v2\/users\/12"}],"replies":[{"embeddable":true,"href":"https:\/\/www.tucomarca.com\/wordpress\/segunda\/ca\/wp-json\/wp\/v2\/comments?post=299441"}],"version-history":[{"count":2,"href":"https:\/\/www.tucomarca.com\/wordpress\/segunda\/ca\/wp-json\/wp\/v2\/posts\/299441\/revisions"}],"predecessor-version":[{"id":299654,"href":"https:\/\/www.tucomarca.com\/wordpress\/segunda\/ca\/wp-json\/wp\/v2\/posts\/299441\/revisions\/299654"}],"wp:featuredmedia":[{"embeddable":true,"href":"https:\/\/www.tucomarca.com\/wordpress\/segunda\/ca\/wp-json\/wp\/v2\/media\/299440"}],"wp:attachment":[{"href":"https:\/\/www.tucomarca.com\/wordpress\/segunda\/ca\/wp-json\/wp\/v2\/media?parent=299441"}],"wp:term":[{"taxonomy":"category","embeddable":true,"href":"https:\/\/www.tucomarca.com\/wordpress\/segunda\/ca\/wp-json\/wp\/v2\/categories?post=299441"},{"taxonomy":"post_tag","embeddable":true,"href":"https:\/\/www.tucomarca.com\/wordpress\/segunda\/ca\/wp-json\/wp\/v2\/tags?post=299441"}],"curies":[{"name":"wp","href":"https:\/\/api.w.org\/{rel}","templated":true}]}}