{"id":299456,"date":"2026-04-21T11:00:00","date_gmt":"2026-04-21T09:00:00","guid":{"rendered":"https:\/\/www.tucomarca.com\/wordpress\/segunda\/?p=299456"},"modified":"2026-04-21T18:20:33","modified_gmt":"2026-04-21T16:20:33","slug":"la-generalitat-financa-un-sistema-intelligent-per-a-gestionar-lacces-a-installacions-municipals-a-enguera-de-manera-remota-i-automatitzada","status":"publish","type":"post","link":"https:\/\/www.tucomarca.com\/wordpress\/segunda\/ca\/la-generalitat-financa-un-sistema-intelligent-per-a-gestionar-lacces-a-installacions-municipals-a-enguera-de-manera-remota-i-automatitzada\/","title":{"rendered":"La Generalitat finan\u00e7a un sistema intel\u00b7ligent per a gestionar l\u2019acc\u00e9s a instal\u00b7lacions municipals a Enguera de manera remota i automatitzada"},"content":{"rendered":"\n<h3 class=\"wp-block-heading\">La consellera Mari\u00e1n Cano es reunix amb l\u2019alcaldessa del municipi per a con\u00e9ixer este projecte de digitalitzaci\u00f3, que ha rebut el suport del seu departament.<\/h3>\n\n\n\n<h3 class=\"wp-block-heading\">El sistema permet la reserva en l\u00ednia d\u2019espais de la Casa de la Cultura i l\u2019obertura automatitzada de portes mitjan\u00e7ant codi QR.<\/h3>\n\n\n\n<p>La Conselleria d\u2019Ind\u00fastria, Turisme, Innovaci\u00f3 i Comer\u00e7 ha finan\u00e7at el desenrotllament d\u2019un sistema intel\u00b7ligent i per al control d\u2019accessos en instal\u00b7lacions municipals d\u2019Enguera, que ja s\u2019ha implementat amb \u00e8xit en la Casa de la Cultura, un edifici hist\u00f2ric que alberga, entre altres servicis, la biblioteca, sales de reunions i actes, aix\u00ed com el museu etnol\u00f2gic de la localitat.<\/p>\n\n\n\n<p>La consellera d\u2019Ind\u00fastria, Turisme, Innovaci\u00f3 i Comer\u00e7, Mari\u00e1n Cano, s\u2019ha reunit amb la corporaci\u00f3 municipal, encap\u00e7alada per l\u2019alcaldessa d\u2019Enguera, Mar\u00eda Matilde Mar\u00edn, per a con\u00e9ixer esta iniciativa, desenrotllada amb el suport del programa \u2018Territoris Innovadors\u2019. Este programa, impulsat per la Direcci\u00f3 General d\u2019Innovaci\u00f3, t\u00e9 com a objectiu fomentar l\u2019I+D+i aplicada a l\u2019\u00e0mbit municipal.<\/p>\n\n\n\n<p>El projecte, que ha rebut 21.500 euros d\u2019ajudes p\u00fabliques, ha perm\u00e9s desplegar un sistema de control digitalitzat d\u2019accessos que facilita la reserva remota d\u2019espais i l\u2019obertura automatitzada de portes, segons ha explicat la consellera. Gr\u00e0cies a este sistema s\u2019ha eliminat l\u2019\u00fas de claus f\u00edsiques i s\u2019ha simplificat la gesti\u00f3 de torns, horaris i autoritzacions, que fins ara feia el personal municipal.<\/p>\n\n\n\n<p>Per a Mari\u00e1n Cano, este desenrotllament tecnol\u00f2gic \u00e9s \u201cun clar exemple\u201d del potencial de la digitalitzaci\u00f3 per a millorar els servicis p\u00fablics. \u201cEls ve\u00efns i ve\u00efnes d\u2019Enguera i el seu teixit associatiu disposen ara d\u2019un m\u00e8tode molt m\u00e9s c\u00f2mode per a reservar i accedir a les instal\u00b7lacions municipals, al mateix temps que el consistori guanya tamb\u00e9 en efici\u00e8ncia operativa\u201d, ha ressaltat.<\/p>\n\n\n\n<p>El sistema implantat a Enguera no solament permet la reserva en l\u00ednia d\u2019espais per franges hor\u00e0ries, sin\u00f3 que automatitza l\u2019obertura de portes mitjan\u00e7ant la lectura d\u2019un codi QR que es genera despr\u00e9s del registre de la sol\u00b7licitud per part de l\u2019usuari.<\/p>\n\n\n\n<p><strong>Impuls a la innovaci\u00f3 municipal<\/strong><\/p>\n\n\n\n<p>La iniciativa respon al comprom\u00eds del Consell d\u2019impulsar la innovaci\u00f3 amb un enfocament territorial, a trav\u00e9s d\u2019un programa espec\u00edfic d\u2019ajudes dirigides a entitats locals, que enguany compta amb un pressupost de quatre milions d\u2019euros. \u201cVolem portar la innovaci\u00f3 a tots els consistoris de la Comunitat Valenciana, independentment de la seua grand\u00e0ria\u201d, ha afegit la consellera.<\/p>\n\n\n\n<p>Per part seua, l\u2019alcaldessa d\u2019Enguera ha subratllat l\u2019\u00e8xit d\u2019este projecte pilot, que ha optimitzat la gesti\u00f3 dels espais de la Casa de Cultura, incrementant la seua disponibilitat per a activitats comunit\u00e0ries i refor\u00e7ant, a m\u00e9s, el seu paper central en la vida cultural del municipi.<\/p>\n\n\n\n<p>\u201cL\u2019automatitzaci\u00f3 de torns i horaris garantix que la sala d\u2019actes, la biblioteca o la sala de reunions estiguen lliures quan correspon, evitant possibles solapaments, i permet que el personal puga dedicar menys temps a tasques administratives\u201d, ha destacat Mar\u00edn.<\/p>\n\n\n\n<p>El projecte se circumscriu, ara com ara, a este edifici hist\u00f2ric, si b\u00e9 el consistori preveu la possibilitat d\u2019estendre\u2019l a altres instal\u00b7lacions municipals, com el museu arqueol\u00f2gic o els centres esportius, i fins i tot incorporar noves funcionalitats com el comptatge d\u2019aforament, la gesti\u00f3 remota d\u2019espais o els sistemes de pagament integrats.<\/p>\n","protected":false},"excerpt":{"rendered":"<div class=\"mh-excerpt\">La consellera Mari\u00e1n Cano es reunix amb l\u2019alcaldessa del municipi per a con\u00e9ixer este projecte de digitalitzaci\u00f3, que ha rebut el suport del seu departament. El sistema permet la reserva en l\u00ednia d\u2019espais de la <a class=\"mh-excerpt-more\" href=\"https:\/\/www.tucomarca.com\/wordpress\/segunda\/ca\/la-generalitat-financa-un-sistema-intelligent-per-a-gestionar-lacces-a-installacions-municipals-a-enguera-de-manera-remota-i-automatitzada\/\" title=\"La Generalitat finan\u00e7a un sistema intel\u00b7ligent per a gestionar l\u2019acc\u00e9s a instal\u00b7lacions municipals a Enguera de manera remota i automatitzada\">[+] <\/a><\/div>\n","protected":false},"author":12,"featured_media":299455,"comment_status":"closed","ping_status":"open","sticky":false,"template":"","format":"standard","meta":{"footnotes":""},"categories":[10969,10898,10948,10963,10894,10904,10947,10896],"tags":[11751,11498,11094,12962],"class_list":{"0":"post-299456","1":"post","2":"type-post","3":"status-publish","4":"format-standard","5":"has-post-thumbnail","7":"category-enguera-ca","8":"category-ventana-ca","9":"category-infraestructuras-ca","10":"category-la-canal-de-navarres-ca","11":"category-la-comarca-ca","12":"category-sin-categorizar-ca","13":"category-politica","14":"category-seccion-ca","15":"tag-enguera-ca","16":"tag-generalitat-valenciana-ca","17":"tag-la-canal-de-navarres","18":"tag-turismo-ca"},"_links":{"self":[{"href":"https:\/\/www.tucomarca.com\/wordpress\/segunda\/ca\/wp-json\/wp\/v2\/posts\/299456","targetHints":{"allow":["GET"]}}],"collection":[{"href":"https:\/\/www.tucomarca.com\/wordpress\/segunda\/ca\/wp-json\/wp\/v2\/posts"}],"about":[{"href":"https:\/\/www.tucomarca.com\/wordpress\/segunda\/ca\/wp-json\/wp\/v2\/types\/post"}],"author":[{"embeddable":true,"href":"https:\/\/www.tucomarca.com\/wordpress\/segunda\/ca\/wp-json\/wp\/v2\/users\/12"}],"replies":[{"embeddable":true,"href":"https:\/\/www.tucomarca.com\/wordpress\/segunda\/ca\/wp-json\/wp\/v2\/comments?post=299456"}],"version-history":[{"count":4,"href":"https:\/\/www.tucomarca.com\/wordpress\/segunda\/ca\/wp-json\/wp\/v2\/posts\/299456\/revisions"}],"predecessor-version":[{"id":299510,"href":"https:\/\/www.tucomarca.com\/wordpress\/segunda\/ca\/wp-json\/wp\/v2\/posts\/299456\/revisions\/299510"}],"wp:featuredmedia":[{"embeddable":true,"href":"https:\/\/www.tucomarca.com\/wordpress\/segunda\/ca\/wp-json\/wp\/v2\/media\/299455"}],"wp:attachment":[{"href":"https:\/\/www.tucomarca.com\/wordpress\/segunda\/ca\/wp-json\/wp\/v2\/media?parent=299456"}],"wp:term":[{"taxonomy":"category","embeddable":true,"href":"https:\/\/www.tucomarca.com\/wordpress\/segunda\/ca\/wp-json\/wp\/v2\/categories?post=299456"},{"taxonomy":"post_tag","embeddable":true,"href":"https:\/\/www.tucomarca.com\/wordpress\/segunda\/ca\/wp-json\/wp\/v2\/tags?post=299456"}],"curies":[{"name":"wp","href":"https:\/\/api.w.org\/{rel}","templated":true}]}}