{"id":299474,"date":"2026-04-21T10:00:00","date_gmt":"2026-04-21T08:00:00","guid":{"rendered":"https:\/\/www.tucomarca.com\/wordpress\/segunda\/?p=299474"},"modified":"2026-04-21T18:29:24","modified_gmt":"2026-04-21T16:29:24","slug":"mes-de-250-antics-alumnes-del-collegi-sagrada-familia-atalaya-de-bunyol-celebren-una-emotiva-trobada-en-el-centre","status":"publish","type":"post","link":"https:\/\/www.tucomarca.com\/wordpress\/segunda\/ca\/mes-de-250-antics-alumnes-del-collegi-sagrada-familia-atalaya-de-bunyol-celebren-una-emotiva-trobada-en-el-centre\/","title":{"rendered":"M\u00e9s de 250 antics alumnes del Col\u00b7legi Sagrada Fam\u00edlia-Atalaya de Bunyol celebren una emotiva trobada en el centre"},"content":{"rendered":"\n<h3 class=\"wp-block-heading\">En aquesta trobada va destacar l&#8217;assist\u00e8ncia de Marisa Galarza, la docent m\u00e9s veterana del centre, la traject\u00f2ria del qual va deixar una petjada inesborrable en diverses generacions d&#8217;alumnes.<\/h3>\n\n\n\n<p>El Col\u00b7legi Sagrada Fam\u00edlia-Atalaya va celebrar\u00a0divendres passat 17 d&#8217;abril\u00a0una emotiva trobada d&#8217;antics alumnes que va reunir a prop de 250\u00a0ex-alumnes\u00a0en les seues instal\u00b7lacions. La jornada, marcada per la proximitat i la nost\u00e0lgia, es va convertir en un espai de retrobament on els assistents van poder reviure experi\u00e8ncies compartides, recordar an\u00e8cdotes de la seua etapa escolar i posar-se al dia despr\u00e9s d&#8217;anys sense coincidir.<\/p>\n\n\n\n<p>L&#8217;esdeveniment va comptar tamb\u00e9 amb la pres\u00e8ncia d&#8217;antics professors, entre els quals va destacar l&#8217;assist\u00e8ncia de Marisa Galarza, la docent m\u00e9s veterana del centre, la traject\u00f2ria del qual va deixar una petjada inesborrable en diverses generacions d&#8217;alumnes.<\/p>\n\n\n\n<p>Durant la trobada, els participants van realitzar un recorregut per les instal\u00b7lacions del col\u00b7legi, visitant aules i espais emblem\u00e0tics que formen part de la mem\u00f2ria col\u00b7lectiva de la comunitat educativa. La jornada va concloure amb un agradable piscolabis al pati del centre, on van continuar les converses i l&#8217;intercanvi de records en un ambient dist\u00e9s i familiar.<\/p>\n\n\n\n<p>Aquesta trobada ha tingut com un dels seus principals objectius establir les bases per a la creaci\u00f3 d&#8217;una Associaci\u00f3 d&#8217;Antics Alumnes. La iniciativa cerca fomentar el vincle entre els qui han format part del col\u00b7legi, promovent activitats, trobades peri\u00f2diques i noves formes de col\u00b7laboraci\u00f3 que permeten als exalumnes continuar sentint el centre com la seua casa.<\/p>\n\n\n\n<p>Des de la direcci\u00f3 del Col\u00b7legi Sagrada Fam\u00edlia-Atalaya es valora molt positivament l&#8217;acolliment d&#8217;aquesta iniciativa, destacant l&#8217;entusiasme i la implicaci\u00f3 dels assistents. Aix\u00ed mateix, es manifesta la intenci\u00f3 de donar continu\u00eftat a aquesta mena de trobades en el futur, consolidant una xarxa activa i participativa d&#8217;antics alumnes.<\/p>\n\n\n\n<p>Sens dubte, la jornada ha sigut un reflex del fort sentiment de pertinen\u00e7a que caracteritza a la comunitat educativa del centre, aix\u00ed com de l&#8217;impacte durador que l&#8217;experi\u00e8ncia escolar deixa en els qui han format part d&#8217;ella.<\/p>\n\n\n\n<p>Us deixem algunes fotos d&#8217;aquesta trobada, aix\u00ed com l&#8217;enlla\u00e7 del resum de l&#8217;esdeveniment:<\/p>\n\n\n\n<p><a href=\"https:\/\/www.instagram.com\/reel\/DXXJXObCLQ_\/?igsh=MW54MjJqcmYxaGdoOA==\">https:\/\/www.instagram.com\/reel\/DXXJXObCLQ_\/?igsh=MW54MjJqcmYxaGdoOA==<\/a><\/p>\n\n\n\n<figure class=\"wp-block-gallery has-nested-images columns-1 is-cropped wp-block-gallery-1 is-layout-flex wp-block-gallery-is-layout-flex\">\n<figure class=\"wp-block-image size-large\"><img loading=\"lazy\" decoding=\"async\" width=\"945\" height=\"638\" data-id=\"299467\" src=\"https:\/\/www.tucomarca.com\/wordpress\/segunda\/wp-content\/uploads\/2026\/04\/AtalayaEncuentro3.jpg\" alt=\"\" class=\"wp-image-299467\" srcset=\"https:\/\/www.tucomarca.com\/wordpress\/segunda\/wp-content\/uploads\/2026\/04\/AtalayaEncuentro3.jpg 945w, https:\/\/www.tucomarca.com\/wordpress\/segunda\/wp-content\/uploads\/2026\/04\/AtalayaEncuentro3-300x203.jpg 300w, https:\/\/www.tucomarca.com\/wordpress\/segunda\/wp-content\/uploads\/2026\/04\/AtalayaEncuentro3-768x519.jpg 768w\" sizes=\"auto, (max-width: 945px) 100vw, 945px\" \/><\/figure>\n\n\n\n<figure class=\"wp-block-image size-large\"><img loading=\"lazy\" decoding=\"async\" width=\"945\" height=\"638\" data-id=\"299469\" src=\"https:\/\/www.tucomarca.com\/wordpress\/segunda\/wp-content\/uploads\/2026\/04\/AtalayaEncuentro4.jpg\" alt=\"\" class=\"wp-image-299469\" srcset=\"https:\/\/www.tucomarca.com\/wordpress\/segunda\/wp-content\/uploads\/2026\/04\/AtalayaEncuentro4.jpg 945w, https:\/\/www.tucomarca.com\/wordpress\/segunda\/wp-content\/uploads\/2026\/04\/AtalayaEncuentro4-300x203.jpg 300w, https:\/\/www.tucomarca.com\/wordpress\/segunda\/wp-content\/uploads\/2026\/04\/AtalayaEncuentro4-768x519.jpg 768w\" sizes=\"auto, (max-width: 945px) 100vw, 945px\" \/><\/figure>\n\n\n\n<figure class=\"wp-block-image size-large\"><img loading=\"lazy\" decoding=\"async\" width=\"945\" height=\"638\" data-id=\"299471\" src=\"https:\/\/www.tucomarca.com\/wordpress\/segunda\/wp-content\/uploads\/2026\/04\/AtalayaEncuentro5.jpg\" alt=\"\" class=\"wp-image-299471\" srcset=\"https:\/\/www.tucomarca.com\/wordpress\/segunda\/wp-content\/uploads\/2026\/04\/AtalayaEncuentro5.jpg 945w, https:\/\/www.tucomarca.com\/wordpress\/segunda\/wp-content\/uploads\/2026\/04\/AtalayaEncuentro5-300x203.jpg 300w, https:\/\/www.tucomarca.com\/wordpress\/segunda\/wp-content\/uploads\/2026\/04\/AtalayaEncuentro5-768x519.jpg 768w\" sizes=\"auto, (max-width: 945px) 100vw, 945px\" \/><\/figure>\n\n\n\n<figure class=\"wp-block-image size-large\"><img loading=\"lazy\" decoding=\"async\" width=\"768\" height=\"1024\" data-id=\"299465\" src=\"https:\/\/www.tucomarca.com\/wordpress\/segunda\/wp-content\/uploads\/2026\/04\/AtalayaEncuentro1-768x1024.jpg\" alt=\"\" class=\"wp-image-299465\" srcset=\"https:\/\/www.tucomarca.com\/wordpress\/segunda\/wp-content\/uploads\/2026\/04\/AtalayaEncuentro1-768x1024.jpg 768w, https:\/\/www.tucomarca.com\/wordpress\/segunda\/wp-content\/uploads\/2026\/04\/AtalayaEncuentro1-225x300.jpg 225w, https:\/\/www.tucomarca.com\/wordpress\/segunda\/wp-content\/uploads\/2026\/04\/AtalayaEncuentro1.jpg 886w\" sizes=\"auto, (max-width: 768px) 100vw, 768px\" \/><\/figure>\n<\/figure>\n","protected":false},"excerpt":{"rendered":"<div class=\"mh-excerpt\">En aquesta trobada va destacar l&#8217;assist\u00e8ncia de Marisa Galarza, la docent m\u00e9s veterana del centre, la traject\u00f2ria del qual va deixar una petjada inesborrable en diverses generacions d&#8217;alumnes. El Col\u00b7legi Sagrada Fam\u00edlia-Atalaya va celebrar\u00a0divendres passat <a class=\"mh-excerpt-more\" href=\"https:\/\/www.tucomarca.com\/wordpress\/segunda\/ca\/mes-de-250-antics-alumnes-del-collegi-sagrada-familia-atalaya-de-bunyol-celebren-una-emotiva-trobada-en-el-centre\/\" title=\"M\u00e9s de 250 antics alumnes del Col\u00b7legi Sagrada Fam\u00edlia-Atalaya de Bunyol celebren una emotiva trobada en el centre\">[+] <\/a><\/div>\n","protected":false},"author":12,"featured_media":299464,"comment_status":"closed","ping_status":"open","sticky":false,"template":"","format":"gallery","meta":{"footnotes":""},"categories":[10911,10894,10912,11004,11007,10896],"tags":[10913,10914],"class_list":{"0":"post-299474","1":"post","2":"type-post","3":"status-publish","4":"format-gallery","5":"has-post-thumbnail","7":"category-bunol-ca","8":"category-la-comarca-ca","9":"category-la-hoya-ca","10":"category-la-semana-en-imagenes-ca","11":"category-ocio-y-cultura-ca","12":"category-seccion-ca","13":"tag-bunol-ca","14":"tag-la-hoya-de-bunol-chiva-ca","15":"post_format-post-format-gallery"},"_links":{"self":[{"href":"https:\/\/www.tucomarca.com\/wordpress\/segunda\/ca\/wp-json\/wp\/v2\/posts\/299474","targetHints":{"allow":["GET"]}}],"collection":[{"href":"https:\/\/www.tucomarca.com\/wordpress\/segunda\/ca\/wp-json\/wp\/v2\/posts"}],"about":[{"href":"https:\/\/www.tucomarca.com\/wordpress\/segunda\/ca\/wp-json\/wp\/v2\/types\/post"}],"author":[{"embeddable":true,"href":"https:\/\/www.tucomarca.com\/wordpress\/segunda\/ca\/wp-json\/wp\/v2\/users\/12"}],"replies":[{"embeddable":true,"href":"https:\/\/www.tucomarca.com\/wordpress\/segunda\/ca\/wp-json\/wp\/v2\/comments?post=299474"}],"version-history":[{"count":3,"href":"https:\/\/www.tucomarca.com\/wordpress\/segunda\/ca\/wp-json\/wp\/v2\/posts\/299474\/revisions"}],"predecessor-version":[{"id":299518,"href":"https:\/\/www.tucomarca.com\/wordpress\/segunda\/ca\/wp-json\/wp\/v2\/posts\/299474\/revisions\/299518"}],"wp:featuredmedia":[{"embeddable":true,"href":"https:\/\/www.tucomarca.com\/wordpress\/segunda\/ca\/wp-json\/wp\/v2\/media\/299464"}],"wp:attachment":[{"href":"https:\/\/www.tucomarca.com\/wordpress\/segunda\/ca\/wp-json\/wp\/v2\/media?parent=299474"}],"wp:term":[{"taxonomy":"category","embeddable":true,"href":"https:\/\/www.tucomarca.com\/wordpress\/segunda\/ca\/wp-json\/wp\/v2\/categories?post=299474"},{"taxonomy":"post_tag","embeddable":true,"href":"https:\/\/www.tucomarca.com\/wordpress\/segunda\/ca\/wp-json\/wp\/v2\/tags?post=299474"}],"curies":[{"name":"wp","href":"https:\/\/api.w.org\/{rel}","templated":true}]}}