{"id":299485,"date":"2026-04-21T10:45:00","date_gmt":"2026-04-21T08:45:00","guid":{"rendered":"https:\/\/www.tucomarca.com\/wordpress\/segunda\/?p=299485"},"modified":"2026-04-21T18:24:40","modified_gmt":"2026-04-21T16:24:40","slug":"turisme-entrega-drons-i-biotrituradoras-per-a-millorar-la-seguretat-i-sostenibilitat-en-municipis-de-la-foia-de-bunyol-xiva-afectats-per-la-dana","status":"publish","type":"post","link":"https:\/\/www.tucomarca.com\/wordpress\/segunda\/ca\/turisme-entrega-drons-i-biotrituradoras-per-a-millorar-la-seguretat-i-sostenibilitat-en-municipis-de-la-foia-de-bunyol-xiva-afectats-per-la-dana\/","title":{"rendered":"Turisme entrega drons i biotrituradoras per a millorar la seguretat i sostenibilitat en municipis de la Foia de Bunyol-Xiva afectats per la DANA"},"content":{"rendered":"\n<h3 class=\"wp-block-heading\">La Conselleria de Turisme destina un mili\u00f3 d&#8217;euros a la mancomunitat d&#8217;aquesta zona per a actuacions de reconstrucci\u00f3 i resili\u00e8ncia clim\u00e0tica.<\/h3>\n\n\n\n<h3 class=\"wp-block-heading\">Les actuacions s&#8217;emmarquen en la l\u00ednia d&#8217;ajudes dotada amb 7,15 milions d&#8217;euros, finan\u00e7ada per fons europeus i dirigida a mancomunitats afectades per les riuades.<\/h3>\n\n\n\n<p>Turisme Comunitat Valenciana ha destinat un total d&#8217;un mili\u00f3 d&#8217;euros a la Mancomunitat Foia de Bunyol-Xiva a trav\u00e9s de fons europeus NextGenerationEU, per al desenvolupament d&#8217;actuacions de reconstrucci\u00f3 i resili\u00e8ncia clim\u00e0tica en els municipis de la zona que van ser afectats per la dana.<\/p>\n\n\n\n<p>Una quantia que ha perm\u00e9s impulsar actuacions que beneficien als municipis d&#8217;Alboraig, Bunyol, Xest, Xiva, Dosaig\u00fces, Godelleta, Macastre, Millars, Setaig\u00fces i I\u00e0tova, integrats en la mancomunitat, i que s&#8217;orienten tant a la reconstrucci\u00f3 d&#8217;infraestructures i espais afectats com a l&#8217;adaptaci\u00f3 del dest\u00ed enfront de futurs episodis clim\u00e0tics extrems.<\/p>\n\n\n\n<p>En aquest marc, el director general de Turisme, Israel Mart\u00ednez, ha assistit aquest dimarts a I\u00e0tova a l&#8217;acte de lliurament de drons i biotrituradoras sostenibles, equipaments dirigits a refor\u00e7ar la prevenci\u00f3 de riscos naturals, millorar la gesti\u00f3 ambiental i contribuir a impulsar accions alineades amb l&#8217;Estrat\u00e8gia de Sostenibilitat Tur\u00edstica de la Comunitat Valenciana, que desenvolupa de manera pionera la Conselleria de Turisme que dirigeix Mari\u00e1n Cano.<\/p>\n\n\n\n<p>Un acte que ha comptat tamb\u00e9 amb la participaci\u00f3 del president de la Mancomunitat Foia de Bunyol-Xiva, Juan Antonio D\u00edaz, aix\u00ed com d&#8217;alcaldes dels municipis de la zona.<\/p>\n\n\n\n<p>El director general de Turisme ha recordat que l&#8217;objectiu d&#8217;aquestes ajudes de la Generalitat \u00e9s \u201crecuperar l&#8217;activitat tur\u00edstica dels municipis que es van veure damnificats pel temporal\u201d, i \u201ccontribuir a dinamitzar el turisme d&#8217;interior a la prov\u00edncia\u201d.<\/p>\n\n\n\n<p>De la mateixa manera, ha agra\u00eft \u201cel treball i la total implicaci\u00f3 que estan tenint les mancomunitats en aquesta recuperaci\u00f3\u201d, ja que la majoria de les actuacions es troben executades quasi \u00edntegrament.<\/p>\n\n\n\n<p>Aix\u00ed mateix, Israel Mart\u00ednez ha subratllat \u201cl&#8217;agilitat amb la qual s&#8217;ha gestionat el pagament i posada a la disposici\u00f3 d&#8217;aquestes ajudes\u201d, que al seu judici \u201c\u00e9s un clar exemple de cogobernanza entre mancomunitats, municipis i Generalitat\u201d.<\/p>\n\n\n\n<p><strong>11 drons i 12 biotrituradoras sostenibles<\/strong><\/p>\n\n\n\n<p>En concret, aquestes ajudes de Turisme han perm\u00e9s adquirir 11 drons per a la prevenci\u00f3 i gesti\u00f3 de desastres naturals en la Foia de Bunyol-Xiva, que permetran millorar la detecci\u00f3 preco\u00e7 d&#8217;incendis, el seguiment d&#8217;inundacions i les labors de cerca i rescat, a m\u00e9s de refor\u00e7ar la seguretat en entorns tur\u00edstics i esdeveniments multitudinaris.<\/p>\n\n\n\n<p>Aix\u00ed mateix, s&#8217;ha impulsat la biotrituraci\u00f3n sostenible mitjan\u00e7ant l&#8217;adquisici\u00f3 de 12 biotrituradoras destinades a la gesti\u00f3 de biomassa i residus vegetals per a reduir el risc d&#8217;incendis. De les quals aquest dimarts s&#8217;han entregat un total de 7 que s&#8217;han repartit en els municipis d&#8217;I\u00e0tova, Macastre, Alboraig, Dosaig\u00fces i Millars.<\/p>\n\n\n\n<figure class=\"wp-block-image size-full\"><img loading=\"lazy\" decoding=\"async\" width=\"945\" height=\"638\" src=\"https:\/\/www.tucomarca.com\/wordpress\/segunda\/wp-content\/uploads\/2026\/04\/GVADronesLaHoya2.jpg\" alt=\"\" class=\"wp-image-299481\" srcset=\"https:\/\/www.tucomarca.com\/wordpress\/segunda\/wp-content\/uploads\/2026\/04\/GVADronesLaHoya2.jpg 945w, https:\/\/www.tucomarca.com\/wordpress\/segunda\/wp-content\/uploads\/2026\/04\/GVADronesLaHoya2-300x203.jpg 300w, https:\/\/www.tucomarca.com\/wordpress\/segunda\/wp-content\/uploads\/2026\/04\/GVADronesLaHoya2-768x519.jpg 768w\" sizes=\"auto, (max-width: 945px) 100vw, 945px\" \/><\/figure>\n\n\n\n<p><\/p>\n\n\n\n<p>Aquesta actuaci\u00f3 contribueix a la neteja de zones afectades per la dana, a la prevenci\u00f3 d&#8217;incendis i a la millora de l&#8217;entorn tur\u00edstic, fomentant a m\u00e9s l&#8217;economia circular mitjan\u00e7ant l&#8217;aprofitament de les restes triturades com a biocombustible o material de protecci\u00f3 del s\u00f2l.<\/p>\n\n\n\n<p>Al costat d&#8217;aquestes accions, el pla inclou altres actuacions com la instal\u00b7laci\u00f3 de biciestaciones solars per a fomentar la mobilitat sostenible, la implantaci\u00f3 de punts de rec\u00e0rrega el\u00e8ctrica mancomunats, la col\u00b7locaci\u00f3 de contenidors ign\u00edfugs en \u00e0rees tur\u00edstiques i naturals, aix\u00ed com un servei d&#8217;assist\u00e8ncia t\u00e8cnica per a garantir la correcta gesti\u00f3, seguiment i justificaci\u00f3 dels fons europeus.<\/p>\n\n\n\n<p>Aquestes intervencions s&#8217;emmarquen en la l\u00ednia d&#8217;ajudes de Turisme Comunitat Valenciana, dotada amb 7,15 milions d&#8217;euros, que permeten impulsar 96 actuacions en les nou mancomunitats afectades per la dana, amb l&#8217;objectiu de recuperar l&#8217;activitat tur\u00edstica, refor\u00e7ar la resili\u00e8ncia del territori i avan\u00e7ar cap a un model tur\u00edstic m\u00e9s sostenible, segur i adaptat al canvi clim\u00e0tic.<\/p>\n","protected":false},"excerpt":{"rendered":"<div class=\"mh-excerpt\">La Conselleria de Turisme destina un mili\u00f3 d&#8217;euros a la mancomunitat d&#8217;aquesta zona per a actuacions de reconstrucci\u00f3 i resili\u00e8ncia clim\u00e0tica. Les actuacions s&#8217;emmarquen en la l\u00ednia d&#8217;ajudes dotada amb 7,15 milions d&#8217;euros, finan\u00e7ada per <a class=\"mh-excerpt-more\" href=\"https:\/\/www.tucomarca.com\/wordpress\/segunda\/ca\/turisme-entrega-drons-i-biotrituradoras-per-a-millorar-la-seguretat-i-sostenibilitat-en-municipis-de-la-foia-de-bunyol-xiva-afectats-per-la-dana\/\" title=\"Turisme entrega drons i biotrituradoras per a millorar la seguretat i sostenibilitat en municipis de la Foia de Bunyol-Xiva afectats per la DANA\">[+] <\/a><\/div>\n","protected":false},"author":12,"featured_media":299480,"comment_status":"closed","ping_status":"open","sticky":false,"template":"","format":"standard","meta":{"footnotes":""},"categories":[10973,21466,10898,10948,10963,10894,10904,10912,10903,10970,10947,10896,10897],"tags":[15409,24184,11094,10914,11514,11186],"class_list":{"0":"post-299485","1":"post","2":"type-post","3":"status-publish","4":"format-standard","5":"has-post-thumbnail","7":"category-alborache-ca","8":"category-dana-ca","9":"category-ventana-ca","10":"category-infraestructuras-ca","11":"category-la-canal-de-navarres-ca","12":"category-la-comarca-ca","13":"category-sin-categorizar-ca","14":"category-la-hoya-ca","15":"category-medio-ambiente-la-comarca-ca","16":"category-millares-ca","17":"category-politica","18":"category-seccion-ca","19":"category-sucesos-la-comarca-ca","20":"tag-dana-2-ca","21":"tag-gva-turisme","22":"tag-la-canal-de-navarres","23":"tag-la-hoya-de-bunol-chiva-ca","24":"tag-mancomunidad-de-la-hoya-de-bunol-chiva-ca","25":"tag-millares-ca"},"_links":{"self":[{"href":"https:\/\/www.tucomarca.com\/wordpress\/segunda\/ca\/wp-json\/wp\/v2\/posts\/299485","targetHints":{"allow":["GET"]}}],"collection":[{"href":"https:\/\/www.tucomarca.com\/wordpress\/segunda\/ca\/wp-json\/wp\/v2\/posts"}],"about":[{"href":"https:\/\/www.tucomarca.com\/wordpress\/segunda\/ca\/wp-json\/wp\/v2\/types\/post"}],"author":[{"embeddable":true,"href":"https:\/\/www.tucomarca.com\/wordpress\/segunda\/ca\/wp-json\/wp\/v2\/users\/12"}],"replies":[{"embeddable":true,"href":"https:\/\/www.tucomarca.com\/wordpress\/segunda\/ca\/wp-json\/wp\/v2\/comments?post=299485"}],"version-history":[{"count":2,"href":"https:\/\/www.tucomarca.com\/wordpress\/segunda\/ca\/wp-json\/wp\/v2\/posts\/299485\/revisions"}],"predecessor-version":[{"id":299514,"href":"https:\/\/www.tucomarca.com\/wordpress\/segunda\/ca\/wp-json\/wp\/v2\/posts\/299485\/revisions\/299514"}],"wp:featuredmedia":[{"embeddable":true,"href":"https:\/\/www.tucomarca.com\/wordpress\/segunda\/ca\/wp-json\/wp\/v2\/media\/299480"}],"wp:attachment":[{"href":"https:\/\/www.tucomarca.com\/wordpress\/segunda\/ca\/wp-json\/wp\/v2\/media?parent=299485"}],"wp:term":[{"taxonomy":"category","embeddable":true,"href":"https:\/\/www.tucomarca.com\/wordpress\/segunda\/ca\/wp-json\/wp\/v2\/categories?post=299485"},{"taxonomy":"post_tag","embeddable":true,"href":"https:\/\/www.tucomarca.com\/wordpress\/segunda\/ca\/wp-json\/wp\/v2\/tags?post=299485"}],"curies":[{"name":"wp","href":"https:\/\/api.w.org\/{rel}","templated":true}]}}