{"id":299538,"date":"2026-04-21T11:10:00","date_gmt":"2026-04-21T09:10:00","guid":{"rendered":"https:\/\/www.tucomarca.com\/wordpress\/segunda\/?p=299538"},"modified":"2026-04-21T19:23:17","modified_gmt":"2026-04-21T17:23:17","slug":"el-comite-dempresa-delaborats-carnis-medina-realitza-el-seu-primer-dia-de-vaga-a-les-portes-de-lempresa-a-bunyol","status":"publish","type":"post","link":"https:\/\/www.tucomarca.com\/wordpress\/segunda\/ca\/el-comite-dempresa-delaborats-carnis-medina-realitza-el-seu-primer-dia-de-vaga-a-les-portes-de-lempresa-a-bunyol\/","title":{"rendered":"El Comit\u00e9 d&#8217;Empresa d&#8217;Elaborats Carnis Medina realitza el seu primer dia de vaga a les portes de l&#8217;empresa a Bunyol"},"content":{"rendered":"\n<p>El Comit\u00e9 d&#8217;Empresa d&#8217;Elaborats Carnis Medina ha comunicat que despr\u00e9s de la paralitzaci\u00f3 d&#8217;ahir de les negociacions del conveni d&#8217;empresa entre la direcci\u00f3 de l&#8217;empresa i el Comit\u00e9 de Vaga, aquest dimarts s&#8217;ha exercit el primer dia de convocat\u00f2ria de vaga, ajustat a la llei i respectant els drets de totes les persones treballadores.&nbsp;<\/p>\n\n\n\n<p>&#8220;Des de primera hora s&#8217;han realitzat piquets informatius i concentracions a les portes de l&#8217;empresa, amb una alt\u00edssima participaci\u00f3, s&#8217;ha paralitzat la majoria de les seccions de l&#8217;empresa, amb els treballadors conscienciats en la defensa dels seus drets i de la lluita per un conveni col\u00b7lectiu digne i just&#8221;, tal com han informat des del Comit\u00e9 d&#8217;Empresa.<\/p>\n\n\n\n<p><\/p>\n\n\n\n<figure class=\"wp-block-gallery has-nested-images columns-2 is-cropped wp-block-gallery-1 is-layout-flex wp-block-gallery-is-layout-flex\">\n<figure class=\"wp-block-image size-large\"><img loading=\"lazy\" decoding=\"async\" width=\"1024\" height=\"768\" data-id=\"299498\" src=\"https:\/\/www.tucomarca.com\/wordpress\/segunda\/wp-content\/uploads\/2026\/04\/HuelgaCarnicasBunol02-1024x768.jpeg\" alt=\"\" class=\"wp-image-299498\" srcset=\"https:\/\/www.tucomarca.com\/wordpress\/segunda\/wp-content\/uploads\/2026\/04\/HuelgaCarnicasBunol02-1024x768.jpeg 1024w, https:\/\/www.tucomarca.com\/wordpress\/segunda\/wp-content\/uploads\/2026\/04\/HuelgaCarnicasBunol02-300x225.jpeg 300w, https:\/\/www.tucomarca.com\/wordpress\/segunda\/wp-content\/uploads\/2026\/04\/HuelgaCarnicasBunol02-768x576.jpeg 768w, https:\/\/www.tucomarca.com\/wordpress\/segunda\/wp-content\/uploads\/2026\/04\/HuelgaCarnicasBunol02-1536x1152.jpeg 1536w, https:\/\/www.tucomarca.com\/wordpress\/segunda\/wp-content\/uploads\/2026\/04\/HuelgaCarnicasBunol02-678x509.jpeg 678w, https:\/\/www.tucomarca.com\/wordpress\/segunda\/wp-content\/uploads\/2026\/04\/HuelgaCarnicasBunol02-326x245.jpeg 326w, https:\/\/www.tucomarca.com\/wordpress\/segunda\/wp-content\/uploads\/2026\/04\/HuelgaCarnicasBunol02-80x60.jpeg 80w, https:\/\/www.tucomarca.com\/wordpress\/segunda\/wp-content\/uploads\/2026\/04\/HuelgaCarnicasBunol02.jpeg 2048w\" sizes=\"auto, (max-width: 1024px) 100vw, 1024px\" \/><\/figure>\n\n\n\n<figure class=\"wp-block-image size-large\"><img loading=\"lazy\" decoding=\"async\" width=\"1024\" height=\"768\" data-id=\"299502\" src=\"https:\/\/www.tucomarca.com\/wordpress\/segunda\/wp-content\/uploads\/2026\/04\/HuelgaCarnicasBunol04-1024x768.jpeg\" alt=\"\" class=\"wp-image-299502\" srcset=\"https:\/\/www.tucomarca.com\/wordpress\/segunda\/wp-content\/uploads\/2026\/04\/HuelgaCarnicasBunol04-1024x768.jpeg 1024w, https:\/\/www.tucomarca.com\/wordpress\/segunda\/wp-content\/uploads\/2026\/04\/HuelgaCarnicasBunol04-300x225.jpeg 300w, https:\/\/www.tucomarca.com\/wordpress\/segunda\/wp-content\/uploads\/2026\/04\/HuelgaCarnicasBunol04-768x576.jpeg 768w, https:\/\/www.tucomarca.com\/wordpress\/segunda\/wp-content\/uploads\/2026\/04\/HuelgaCarnicasBunol04-1536x1152.jpeg 1536w, https:\/\/www.tucomarca.com\/wordpress\/segunda\/wp-content\/uploads\/2026\/04\/HuelgaCarnicasBunol04-678x509.jpeg 678w, https:\/\/www.tucomarca.com\/wordpress\/segunda\/wp-content\/uploads\/2026\/04\/HuelgaCarnicasBunol04-326x245.jpeg 326w, https:\/\/www.tucomarca.com\/wordpress\/segunda\/wp-content\/uploads\/2026\/04\/HuelgaCarnicasBunol04-80x60.jpeg 80w, https:\/\/www.tucomarca.com\/wordpress\/segunda\/wp-content\/uploads\/2026\/04\/HuelgaCarnicasBunol04.jpeg 2000w\" sizes=\"auto, (max-width: 1024px) 100vw, 1024px\" \/><\/figure>\n\n\n\n<figure class=\"wp-block-image size-large\"><img loading=\"lazy\" decoding=\"async\" width=\"1024\" height=\"768\" data-id=\"299504\" src=\"https:\/\/www.tucomarca.com\/wordpress\/segunda\/wp-content\/uploads\/2026\/04\/HuelgaCarnicasBunol05-1024x768.jpeg\" alt=\"\" class=\"wp-image-299504\" srcset=\"https:\/\/www.tucomarca.com\/wordpress\/segunda\/wp-content\/uploads\/2026\/04\/HuelgaCarnicasBunol05-1024x768.jpeg 1024w, https:\/\/www.tucomarca.com\/wordpress\/segunda\/wp-content\/uploads\/2026\/04\/HuelgaCarnicasBunol05-300x225.jpeg 300w, https:\/\/www.tucomarca.com\/wordpress\/segunda\/wp-content\/uploads\/2026\/04\/HuelgaCarnicasBunol05-768x576.jpeg 768w, https:\/\/www.tucomarca.com\/wordpress\/segunda\/wp-content\/uploads\/2026\/04\/HuelgaCarnicasBunol05-1536x1152.jpeg 1536w, https:\/\/www.tucomarca.com\/wordpress\/segunda\/wp-content\/uploads\/2026\/04\/HuelgaCarnicasBunol05-678x509.jpeg 678w, https:\/\/www.tucomarca.com\/wordpress\/segunda\/wp-content\/uploads\/2026\/04\/HuelgaCarnicasBunol05-326x245.jpeg 326w, https:\/\/www.tucomarca.com\/wordpress\/segunda\/wp-content\/uploads\/2026\/04\/HuelgaCarnicasBunol05-80x60.jpeg 80w, https:\/\/www.tucomarca.com\/wordpress\/segunda\/wp-content\/uploads\/2026\/04\/HuelgaCarnicasBunol05.jpeg 2000w\" sizes=\"auto, (max-width: 1024px) 100vw, 1024px\" \/><\/figure>\n\n\n\n<figure class=\"wp-block-image size-large\"><img loading=\"lazy\" decoding=\"async\" width=\"1024\" height=\"768\" data-id=\"299508\" src=\"https:\/\/www.tucomarca.com\/wordpress\/segunda\/wp-content\/uploads\/2026\/04\/HuelgaCarnicasBunol07-1024x768.jpeg\" alt=\"\" class=\"wp-image-299508\" srcset=\"https:\/\/www.tucomarca.com\/wordpress\/segunda\/wp-content\/uploads\/2026\/04\/HuelgaCarnicasBunol07-1024x768.jpeg 1024w, https:\/\/www.tucomarca.com\/wordpress\/segunda\/wp-content\/uploads\/2026\/04\/HuelgaCarnicasBunol07-300x225.jpeg 300w, https:\/\/www.tucomarca.com\/wordpress\/segunda\/wp-content\/uploads\/2026\/04\/HuelgaCarnicasBunol07-768x576.jpeg 768w, https:\/\/www.tucomarca.com\/wordpress\/segunda\/wp-content\/uploads\/2026\/04\/HuelgaCarnicasBunol07-1536x1152.jpeg 1536w, https:\/\/www.tucomarca.com\/wordpress\/segunda\/wp-content\/uploads\/2026\/04\/HuelgaCarnicasBunol07-678x509.jpeg 678w, https:\/\/www.tucomarca.com\/wordpress\/segunda\/wp-content\/uploads\/2026\/04\/HuelgaCarnicasBunol07-326x245.jpeg 326w, https:\/\/www.tucomarca.com\/wordpress\/segunda\/wp-content\/uploads\/2026\/04\/HuelgaCarnicasBunol07-80x60.jpeg 80w, https:\/\/www.tucomarca.com\/wordpress\/segunda\/wp-content\/uploads\/2026\/04\/HuelgaCarnicasBunol07.jpeg 1600w\" sizes=\"auto, (max-width: 1024px) 100vw, 1024px\" \/><\/figure>\n<\/figure>\n","protected":false},"excerpt":{"rendered":"<div class=\"mh-excerpt\">El Comit\u00e9 d&#8217;Empresa d&#8217;Elaborats Carnis Medina ha comunicat que despr\u00e9s de la paralitzaci\u00f3 d&#8217;ahir de les negociacions del conveni d&#8217;empresa entre la direcci\u00f3 de l&#8217;empresa i el Comit\u00e9 de Vaga, aquest dimarts s&#8217;ha exercit el <a class=\"mh-excerpt-more\" href=\"https:\/\/www.tucomarca.com\/wordpress\/segunda\/ca\/el-comite-dempresa-delaborats-carnis-medina-realitza-el-seu-primer-dia-de-vaga-a-les-portes-de-lempresa-a-bunyol\/\" title=\"El Comit\u00e9 d&#8217;Empresa d&#8217;Elaborats Carnis Medina realitza el seu primer dia de vaga a les portes de l&#8217;empresa a Bunyol\">[+] <\/a><\/div>\n","protected":false},"author":12,"featured_media":299497,"comment_status":"closed","ping_status":"open","sticky":false,"template":"","format":"gallery","meta":{"footnotes":""},"categories":[10911,10894,10912,10896],"tags":[10913,24190,24191,10914],"class_list":{"0":"post-299538","1":"post","2":"type-post","3":"status-publish","4":"format-gallery","5":"has-post-thumbnail","7":"category-bunol-ca","8":"category-la-comarca-ca","9":"category-la-hoya-ca","10":"category-seccion-ca","11":"tag-bunol-ca","12":"tag-elaborados-carnicos-medina","13":"tag-huelga","14":"tag-la-hoya-de-bunol-chiva-ca","15":"post_format-post-format-gallery"},"_links":{"self":[{"href":"https:\/\/www.tucomarca.com\/wordpress\/segunda\/ca\/wp-json\/wp\/v2\/posts\/299538","targetHints":{"allow":["GET"]}}],"collection":[{"href":"https:\/\/www.tucomarca.com\/wordpress\/segunda\/ca\/wp-json\/wp\/v2\/posts"}],"about":[{"href":"https:\/\/www.tucomarca.com\/wordpress\/segunda\/ca\/wp-json\/wp\/v2\/types\/post"}],"author":[{"embeddable":true,"href":"https:\/\/www.tucomarca.com\/wordpress\/segunda\/ca\/wp-json\/wp\/v2\/users\/12"}],"replies":[{"embeddable":true,"href":"https:\/\/www.tucomarca.com\/wordpress\/segunda\/ca\/wp-json\/wp\/v2\/comments?post=299538"}],"version-history":[{"count":2,"href":"https:\/\/www.tucomarca.com\/wordpress\/segunda\/ca\/wp-json\/wp\/v2\/posts\/299538\/revisions"}],"predecessor-version":[{"id":299540,"href":"https:\/\/www.tucomarca.com\/wordpress\/segunda\/ca\/wp-json\/wp\/v2\/posts\/299538\/revisions\/299540"}],"wp:featuredmedia":[{"embeddable":true,"href":"https:\/\/www.tucomarca.com\/wordpress\/segunda\/ca\/wp-json\/wp\/v2\/media\/299497"}],"wp:attachment":[{"href":"https:\/\/www.tucomarca.com\/wordpress\/segunda\/ca\/wp-json\/wp\/v2\/media?parent=299538"}],"wp:term":[{"taxonomy":"category","embeddable":true,"href":"https:\/\/www.tucomarca.com\/wordpress\/segunda\/ca\/wp-json\/wp\/v2\/categories?post=299538"},{"taxonomy":"post_tag","embeddable":true,"href":"https:\/\/www.tucomarca.com\/wordpress\/segunda\/ca\/wp-json\/wp\/v2\/tags?post=299538"}],"curies":[{"name":"wp","href":"https:\/\/api.w.org\/{rel}","templated":true}]}}