{"id":299552,"date":"2026-04-21T12:30:00","date_gmt":"2026-04-21T10:30:00","guid":{"rendered":"https:\/\/www.tucomarca.com\/wordpress\/segunda\/?p=299552"},"modified":"2026-04-21T21:39:48","modified_gmt":"2026-04-21T19:39:48","slug":"la-diputacio-accelera-la-millora-del-cicle-de-laigua-i-la-gestio-de-residus-amb-noves-subvencions","status":"publish","type":"post","link":"https:\/\/www.tucomarca.com\/wordpress\/segunda\/ca\/la-diputacio-accelera-la-millora-del-cicle-de-laigua-i-la-gestio-de-residus-amb-noves-subvencions\/","title":{"rendered":"La Diputaci\u00f3 accelera la millora del cicle de l&#8217;aigua i la gesti\u00f3 de residus amb noves subvencions"},"content":{"rendered":"\n<h3 class=\"wp-block-heading\">El servici d&#8217;Aigua i Residus de la corporaci\u00f3 provincial ha destinat m\u00e9s d&#8217;11 milions en la present legislatura a la millora d&#8217;estos servicis municipals.<\/h3>\n\n\n\n<h3 class=\"wp-block-heading\">Vicent Momp\u00f3: &#8220;hem demostrat ser una instituci\u00f3 que no mira cap a un altre costat quan el que est\u00e0 en joc \u00e9s el m\u00e9s b\u00e0sic i que ent\u00e9n que la igualtat entre municipis comen\u00e7a per garantir servicis p\u00fablics dignes&#8221;.<\/h3>\n\n\n\n<p>La Diputaci\u00f3 de Val\u00e8ncia ha publicat en el Butllet\u00ed Oficial de la Prov\u00edncia (BOP) dos noves l\u00ednies de subvenci\u00f3 dirigides als municipis de la prov\u00edncia, entitats locals menors i mancomunitats amb l&#8217;objectiu de refor\u00e7ar les pol\u00edtiques municipals en mat\u00e8ria de cicle integral de l&#8217;aigua i gesti\u00f3 de residus, dos \u00e0mbits estrat\u00e8gics per a la sostenibilitat ambiental i la millora dels servicis p\u00fablics locals. Les convocat\u00f2ries, les quals es van publicar el passat 16 d&#8217;abril, busquen pal\u00b7liar la deterioraci\u00f3 d&#8217;infraestructures b\u00e0siques de prove\u00efment, sanejament i depuraci\u00f3 d&#8217;aigua, aix\u00ed com refor\u00e7ar la planificaci\u00f3 i el control dels servicis municipals de residus.<\/p>\n\n\n\n<p>&#8220;La nostra primera decisi\u00f3 de govern va transformar la nostra voluntat pol\u00edtica en una nova estructura administrativa, creant una \u00e0rea espec\u00edfica dedicada a blindar estos servicis b\u00e0sics&#8221;, ha assenyalat el president de la Diputaci\u00f3, Vicent Momp\u00f3. Acompanyat pel diputat responsable del servici d&#8217;Aigua, Residus i Empreses P\u00fabliques de la corporaci\u00f3 provincial, Paco Comes, el m\u00e0xim responsable provincial ha destacat que &#8220;hui dia, ja hem mobilitzat m\u00e9s d&#8217;11 milions d&#8217;euros mitjan\u00e7ant el servici d&#8217;Aig\u00fces i Residus; per\u00f2 m\u00e9s enll\u00e0 de les xifres, em quede amb la gesti\u00f3, hem demostrat ser una instituci\u00f3 que no mira cap a un altre costat quan el que est\u00e0 en joc \u00e9s el m\u00e9s b\u00e0sic i que ent\u00e9n que la igualtat entre municipis comen\u00e7a per garantir servicis p\u00fablics dignes&#8221;.&nbsp;<\/p>\n\n\n\n<p>Aix\u00ed, en paraules del president Momp\u00f3, l&#8217;objectiu de la corporaci\u00f3 provincial \u00e9s &#8220;complir amb els 266 pobles i les tres entitats locals menors de la prov\u00edncia i ho fem sent ambiciosos, per\u00f2, sobretot, sent eficients&#8221;. Aix\u00ed mateix, ha recordat que totes les l\u00ednies d&#8217;ajudes del servici d&#8217;Aigua i Residus ja estan en marxa en el primer quadrimestre de l&#8217;any. &#8220;Aix\u00f2 significa oferir als ajuntaments la capacitat de planificar amb seguretat, allunyant-los de la urg\u00e8ncia administrativa i permetent-los executar els seus projectes amb totals garanties&#8221;, ha assegurat.<\/p>\n\n\n\n<p>En esta mateixa l\u00ednia s&#8217;ha referit el diputat responsable del servici, Paco Comes, qui ha assegurat que la Diputaci\u00f3 de Val\u00e8ncia &#8220;continua treballant per a donar suport als ajuntaments i entitats locals en l&#8217;exercici de les seues compet\u00e8ncies ambientals, i contribuint a la millora de la qualitat de vida de la ciutadania a trav\u00e9s de servicis p\u00fablics m\u00e9s eficients, sostenibles i adaptats a la normativa vigent&#8221;.<\/p>\n\n\n\n<figure class=\"wp-block-image size-full\"><img loading=\"lazy\" decoding=\"async\" width=\"945\" height=\"638\" src=\"https:\/\/www.tucomarca.com\/wordpress\/segunda\/wp-content\/uploads\/2026\/04\/DipuAguas2.jpg\" alt=\"\" class=\"wp-image-299549\" srcset=\"https:\/\/www.tucomarca.com\/wordpress\/segunda\/wp-content\/uploads\/2026\/04\/DipuAguas2.jpg 945w, https:\/\/www.tucomarca.com\/wordpress\/segunda\/wp-content\/uploads\/2026\/04\/DipuAguas2-300x203.jpg 300w, https:\/\/www.tucomarca.com\/wordpress\/segunda\/wp-content\/uploads\/2026\/04\/DipuAguas2-768x519.jpg 768w\" sizes=\"auto, (max-width: 945px) 100vw, 945px\" \/><\/figure>\n\n\n\n<p><\/p>\n\n\n\n<p>Aix\u00ed mateix, Comes ha recordat tamb\u00e9 que la Diputaci\u00f3 incentiva les actuacions de millora h\u00eddrica en els municipis a trav\u00e9s del Pla Obert d&#8217;Inversions de l&#8217;\u00e0rea de Cooperaci\u00f3 Municipal, mitjan\u00e7ant el qual s&#8217;han aprovat 26 milions d&#8217;euros des de l&#8217;inici de legislatura, aix\u00ed com la reparaci\u00f3 dels desperfectes causats per la dana en 72 depuradores de la prov\u00edncia, treballs executats per l&#8217;empresa Egevasa, dependent de la corporaci\u00f3 provincial, al que se sumaran nous treballs en mat\u00e8ria de depuraci\u00f3 a trav\u00e9s de l&#8217;acord de cooperaci\u00f3 firmat entre la Diputaci\u00f3 i l&#8217;EPSAR.<\/p>\n\n\n\n<p><strong>Ajudes per a millorar els servicis municipals d&#8217;aigua i residus&nbsp;<\/strong><\/p>\n\n\n\n<p>La primera convocat\u00f2ria est\u00e0 destinada a finan\u00e7ar actuacions del cicle integral de l&#8217;aigua durant l&#8217;exercici 2026, amb una dotaci\u00f3 total d&#8217;1.500.000 euros. Estes ajudes, que es concediran en r\u00e8gim de concurr\u00e8ncia competitiva, tenen com a finalitat pal\u00b7liar la deterioraci\u00f3 d&#8217;infraestructures b\u00e0siques de prove\u00efment, sanejament i depuraci\u00f3.<\/p>\n\n\n\n<p>Podran beneficiar-se d&#8217;esta l\u00ednia de subvenci\u00f3 els municipis de la prov\u00edncia de Val\u00e8ncia, les entitats locals menors i les mancomunitats, sempre que reunisquen els requisits establits en l&#8217;Ordenan\u00e7a General de Subvencions de la Diputaci\u00f3. La quantia m\u00e0xima subvencionable ascendix a 30.000 euros per entitat sol\u00b7licitant, IVA incl\u00f2s. El termini de presentaci\u00f3 de sol\u00b7licituds ser\u00e0 de 20 dies h\u00e0bils, comptats a partir de l&#8217;endem\u00e0 de la publicaci\u00f3 de la convocat\u00f2ria en el BOP.<\/p>\n\n\n\n<p>La segona convocat\u00f2ria publicada s&#8217;orienta a refor\u00e7ar la planificaci\u00f3 i el control dels servicis municipals de residus, mitjan\u00e7ant el suport econ\u00f2mic a la redacci\u00f3, revisi\u00f3 i actualitzaci\u00f3 dels Plans Locals de Gesti\u00f3 de Residus, aix\u00ed com a l&#8217;assist\u00e8ncia t\u00e8cnica per al seguiment del servici de recollida de residus. Esta l\u00ednia compta amb una dotaci\u00f3 global de 500.000 euros per a l&#8217;exercici 2026.<\/p>\n\n\n\n<p>En concret, la convocat\u00f2ria contempla dos modalitats d&#8217;actuaci\u00f3. La modalitat A est\u00e0 dirigida a l&#8217;elaboraci\u00f3 i revisi\u00f3 dels plans locals de gesti\u00f3 de residus, amb imports m\u00e0xims que oscil\u00b7len entre 2.000 i 6.000 euros, en funci\u00f3 del tipus d&#8217;actuaci\u00f3 i de la naturalesa de l&#8217;entitat sol\u00b7licitant. Per part seua, la modalitat B finan\u00e7a l&#8217;assist\u00e8ncia t\u00e8cnica per al seguiment del servici de recollida de residus, amb ajudes que poden aconseguir fins a 15.000 euros, atenent la grand\u00e0ria poblacional del municipi o al car\u00e0cter supramunicipal de les mancomunitats.<\/p>\n\n\n\n<p>Igual que en la convocat\u00f2ria del cicle integral de l&#8217;aigua, el termini per a la presentaci\u00f3 de sol\u00b7licituds ser\u00e0 de 20 dies h\u00e0bils des de l&#8217;endem\u00e0 de la publicaci\u00f3 en el BOP. El pagament del 85% de la subvenci\u00f3 es realitzar\u00e0 una vegada s&#8217;haja publicat l&#8217;acord de concessi\u00f3. El 15% restant t s&#8217;abonar\u00e0 pr\u00e8via justificaci\u00f3 dels gastos realitzats.<\/p>\n\n\n\n<p><strong>Major seguretat jur\u00eddica i financera<\/strong><\/p>\n\n\n\n<p>Amb estes subvencions, juntament amb les publicades en el BOP l&#8217;1 d&#8217;abril per a la implantaci\u00f3 de Plans Locals de Gesti\u00f3 de Residus (1.617.340 euros) i per a consorcis i l&#8217;EMTRE (750.000 euros), el servici d&#8217;Aig\u00fces, Residus i Empreses P\u00fabliques complix l&#8217;objectiu de tindre operatives totes les seues l\u00ednies de subvenci\u00f3 en el primer quadrimestre de 2026, permetent a les entitats locals planificar amb major seguretat jur\u00eddica i financera les seues actuacions i inversions.<\/p>\n\n\n\n<p>En conjunt, el servici ha destinat 11.187.340 euros en la present legislatura a la millora dels servicis municipals d&#8217;aigua i residus, refor\u00e7ant la planificaci\u00f3, l&#8217;assist\u00e8ncia t\u00e8cnica i la sostenibilitat d&#8217;uns servicis p\u00fablics essencials per al territori.<\/p>\n","protected":false},"excerpt":{"rendered":"<div class=\"mh-excerpt\">El servici d&#8217;Aigua i Residus de la corporaci\u00f3 provincial ha destinat m\u00e9s d&#8217;11 milions en la present legislatura a la millora d&#8217;estos servicis municipals. Vicent Momp\u00f3: &#8220;hem demostrat ser una instituci\u00f3 que no mira cap <a class=\"mh-excerpt-more\" href=\"https:\/\/www.tucomarca.com\/wordpress\/segunda\/ca\/la-diputacio-accelera-la-millora-del-cicle-de-laigua-i-la-gestio-de-residus-amb-noves-subvencions\/\" title=\"La Diputaci\u00f3 accelera la millora del cicle de l&#8217;aigua i la gesti\u00f3 de residus amb noves subvencions\">[+] <\/a><\/div>\n","protected":false},"author":12,"featured_media":299548,"comment_status":"closed","ping_status":"open","sticky":false,"template":"","format":"standard","meta":{"footnotes":""},"categories":[10892,10898,10948,10894,10904,10903,10947,10896],"tags":[11246,13866],"class_list":{"0":"post-299552","1":"post","2":"type-post","3":"status-publish","4":"format-standard","5":"has-post-thumbnail","7":"category-camp-de-turia-ca","8":"category-ventana-ca","9":"category-infraestructuras-ca","10":"category-la-comarca-ca","11":"category-sin-categorizar-ca","12":"category-medio-ambiente-la-comarca-ca","13":"category-politica","14":"category-seccion-ca","15":"tag-diputacio-de-valencia-ca","16":"tag-gestion-de-residuos-ca"},"_links":{"self":[{"href":"https:\/\/www.tucomarca.com\/wordpress\/segunda\/ca\/wp-json\/wp\/v2\/posts\/299552","targetHints":{"allow":["GET"]}}],"collection":[{"href":"https:\/\/www.tucomarca.com\/wordpress\/segunda\/ca\/wp-json\/wp\/v2\/posts"}],"about":[{"href":"https:\/\/www.tucomarca.com\/wordpress\/segunda\/ca\/wp-json\/wp\/v2\/types\/post"}],"author":[{"embeddable":true,"href":"https:\/\/www.tucomarca.com\/wordpress\/segunda\/ca\/wp-json\/wp\/v2\/users\/12"}],"replies":[{"embeddable":true,"href":"https:\/\/www.tucomarca.com\/wordpress\/segunda\/ca\/wp-json\/wp\/v2\/comments?post=299552"}],"version-history":[{"count":3,"href":"https:\/\/www.tucomarca.com\/wordpress\/segunda\/ca\/wp-json\/wp\/v2\/posts\/299552\/revisions"}],"predecessor-version":[{"id":299573,"href":"https:\/\/www.tucomarca.com\/wordpress\/segunda\/ca\/wp-json\/wp\/v2\/posts\/299552\/revisions\/299573"}],"wp:featuredmedia":[{"embeddable":true,"href":"https:\/\/www.tucomarca.com\/wordpress\/segunda\/ca\/wp-json\/wp\/v2\/media\/299548"}],"wp:attachment":[{"href":"https:\/\/www.tucomarca.com\/wordpress\/segunda\/ca\/wp-json\/wp\/v2\/media?parent=299552"}],"wp:term":[{"taxonomy":"category","embeddable":true,"href":"https:\/\/www.tucomarca.com\/wordpress\/segunda\/ca\/wp-json\/wp\/v2\/categories?post=299552"},{"taxonomy":"post_tag","embeddable":true,"href":"https:\/\/www.tucomarca.com\/wordpress\/segunda\/ca\/wp-json\/wp\/v2\/tags?post=299552"}],"curies":[{"name":"wp","href":"https:\/\/api.w.org\/{rel}","templated":true}]}}