{"id":299562,"date":"2026-04-21T12:15:00","date_gmt":"2026-04-21T10:15:00","guid":{"rendered":"https:\/\/www.tucomarca.com\/wordpress\/segunda\/?p=299562"},"modified":"2026-04-21T21:42:59","modified_gmt":"2026-04-21T19:42:59","slug":"la-nova-llei-forestal-de-la-generalitat-permetra-compensar-els-propietaris-que-facen-labors-de-conservacio-i-manteniment-en-els-seus-terrenys","status":"publish","type":"post","link":"https:\/\/www.tucomarca.com\/wordpress\/segunda\/ca\/la-nova-llei-forestal-de-la-generalitat-permetra-compensar-els-propietaris-que-facen-labors-de-conservacio-i-manteniment-en-els-seus-terrenys\/","title":{"rendered":"La nova llei forestal de la Generalitat permetr\u00e0 compensar els propietaris que facen labors de conservaci\u00f3 i manteniment en els seus terrenys"},"content":{"rendered":"\n<h3 class=\"wp-block-heading\">Vicente Mart\u00ednez Mus ha destacat que esta mesura busca \u201cimplicar\u201d de manera activa la propietat privada en la conservaci\u00f3 del territori.<\/h3>\n\n\n\n<h3 class=\"wp-block-heading\">El vicepresident ha assistit a la presentaci\u00f3 de CERTIVAL, l\u2019Entitat Sol\u00b7licitant de la Certificaci\u00f3 Forestal Regional PEFC.<\/h3>\n\n\n\n<p>La nova llei forestal de la Comunitat Valenciana activar\u00e0 mecanismes per a compensar les parcel\u00b7les privades que duguen a terme labors de manteniment forestal, en el marc d\u2019un model de pagament per servicis ambientals que reconeix el valor de la gesti\u00f3 sostenible de les muntanyes.<\/p>\n\n\n\n<p>Aix\u00ed ho ha anunciat el vicepresident tercer i conseller de Medi Ambient, Infraestructures i Territori i de la Recuperaci\u00f3, Vicente Mart\u00ednez Mus, durant la presentaci\u00f3 de CERTIVAL, l\u2019Entitat Sol\u00b7licitant de la Certificaci\u00f3 Forestal Regional PEFC de la Comunitat Valenciana. En l\u2019acte tamb\u00e9 ha participat la secret\u00e0ria auton\u00f2mica de Medi Ambient, Sabina Goretti Galino, i el director general de Medi Natural i Animal, Luis Gomis.<\/p>\n\n\n\n<p>Mart\u00ednez Mus ha explicat que la futura normativa, que es troba en fase de tramitaci\u00f3, busca avan\u00e7ar \u201ccap a un sistema en el qual els qui gestionen de manera sostenible els seus terrenys puguen rebre una compensaci\u00f3 pels beneficis que generen al conjunt de la societat\u201d, com la captura de carboni, la regulaci\u00f3 h\u00eddrica, la conservaci\u00f3 de la biodiversitat o la prevenci\u00f3 d\u2019incendis.<\/p>\n\n\n\n<p>En este sentit, ha incidit en qu\u00e8 estos servicis ambientals \u201cactualment no es reconeixen en el mercat\u201d, per la qual cosa la llei pret\u00e9n corregir esta situaci\u00f3 i implicar de manera activa la propietat privada en la conservaci\u00f3 del territori. \u201cL\u2019objectiu \u00e9s que qui treballa l\u2019entorn forestal i ajuda en la prevenci\u00f3 d\u2019incendis tinga una remuneraci\u00f3\u201d, ha assenyalat.<\/p>\n\n\n\n<p>En la seua intervenci\u00f3, el vicepresident ha remarcat que este nou enfocament resulta clau en un territori com la Comunitat Valenciana, a on m\u00e9s del 50 % de la superf\u00edcie \u00e9s forestal i, en gran part, de titularitat privada. \u201cSense una gesti\u00f3 activa d\u2019estes propietats no podrem aconseguir els objectius globals en mat\u00e8ria de lluita contra el canvi clim\u00e0tic, prevenci\u00f3 d\u2019incendis o desenrotllament rural sostenible\u201d, ha assenyalat.<\/p>\n\n\n\n<figure class=\"wp-block-image size-full\"><img loading=\"lazy\" decoding=\"async\" width=\"945\" height=\"638\" src=\"https:\/\/www.tucomarca.com\/wordpress\/segunda\/wp-content\/uploads\/2026\/04\/GVA_LEYFORESTAL1.jpg\" alt=\"\" class=\"wp-image-299559\" srcset=\"https:\/\/www.tucomarca.com\/wordpress\/segunda\/wp-content\/uploads\/2026\/04\/GVA_LEYFORESTAL1.jpg 945w, https:\/\/www.tucomarca.com\/wordpress\/segunda\/wp-content\/uploads\/2026\/04\/GVA_LEYFORESTAL1-300x203.jpg 300w, https:\/\/www.tucomarca.com\/wordpress\/segunda\/wp-content\/uploads\/2026\/04\/GVA_LEYFORESTAL1-768x519.jpg 768w\" sizes=\"auto, (max-width: 945px) 100vw, 945px\" \/><\/figure>\n\n\n\n<p><strong>Certificaci\u00f3 forestal<\/strong><\/p>\n\n\n\n<p>Mart\u00ednez Mus ha vinculat este nou escenari amb l\u2019impuls a la certificaci\u00f3 forestal, en la qual destaca el paper de ferramentes com CERTIVAL, que facilitar\u00e0 l\u2019acc\u00e9s de propietaris, gestors i empreses al proc\u00e9s de certificaci\u00f3. Segons ha indicat, este instrument \u201cpermetr\u00e0 acreditar que la gesti\u00f3 \u00e9s realment sostenible i ser\u00e0 clau per a poder recon\u00e9ixer i remunerar els servicis ambientals\u201d.<\/p>\n\n\n\n<p>La certificaci\u00f3 forestal, ha insistit, \u201cno \u00e9s una etiqueta buida\u201d, sin\u00f3 una ferramenta que garantix una gesti\u00f3 transparent, responsable i alineada amb criteris ambientals, socials i econ\u00f2mics reconeguts internacionalment. A m\u00e9s, Mart\u00ednez Mus ha afegit que \u201ccontribu\u00efx a millorar la competitivitat dels productes forestals i a refor\u00e7ar la confian\u00e7a de la ciutadania\u201d.<\/p>\n\n\n\n<p>Aix\u00ed mateix, ha destacat que la Generalitat assumir\u00e0 els costos derivats del procediment de certificaci\u00f3 i posar\u00e0 a disposici\u00f3 els recursos t\u00e8cnics amb l\u2019objectiu d\u2019\u201celiminar barreres i democratitzar l\u2019acc\u00e9s a la gesti\u00f3 forestal sostenible acreditada\u201d.<\/p>\n\n\n\n<p>El vicepresident tercer ha assenyalat que CERTIVAL \u201ces configura com un model de col\u00b7laboraci\u00f3 publicoprivada que situa la Comunitat Valenciana a l\u2019avantguarda de la gesti\u00f3 forestal activa i sostenible\u201d. Impulsada juntament amb entitats del sector com ASEMFO, CERTIFOR i AMUFOR CV, esta iniciativa \u201cconjumina esfor\u00e7os d\u2019administracions, empreses, propietaris i municipis\u201d.<\/p>\n\n\n\n<p>Finalment, Mart\u00ednez Mus ha subratllat que la gesti\u00f3 forestal sostenible \u201cno \u00e9s una opci\u00f3, sin\u00f3 una necessitat\u201d, tant per a conservar el patrimoni natural com per a protegir la poblaci\u00f3 davant de riscos com incendis o episodis extrems de pluges, i ha apel\u00b7lat a la col\u00b7laboraci\u00f3 entre administracions, propietaris, empreses i municipis per a avan\u00e7ar en este model.<\/p>\n","protected":false},"excerpt":{"rendered":"<div class=\"mh-excerpt\">Vicente Mart\u00ednez Mus ha destacat que esta mesura busca \u201cimplicar\u201d de manera activa la propietat privada en la conservaci\u00f3 del territori. El vicepresident ha assistit a la presentaci\u00f3 de CERTIVAL, l\u2019Entitat Sol\u00b7licitant de la Certificaci\u00f3 <a class=\"mh-excerpt-more\" href=\"https:\/\/www.tucomarca.com\/wordpress\/segunda\/ca\/la-nova-llei-forestal-de-la-generalitat-permetra-compensar-els-propietaris-que-facen-labors-de-conservacio-i-manteniment-en-els-seus-terrenys\/\" title=\"La nova llei forestal de la Generalitat permetr\u00e0 compensar els propietaris que facen labors de conservaci\u00f3 i manteniment en els seus terrenys\">[+] <\/a><\/div>\n","protected":false},"author":12,"featured_media":299558,"comment_status":"closed","ping_status":"open","sticky":false,"template":"","format":"standard","meta":{"footnotes":""},"categories":[10898,10948,10894,10904,10903,10947,10896],"tags":[24195,24196,11498],"class_list":{"0":"post-299562","1":"post","2":"type-post","3":"status-publish","4":"format-standard","5":"has-post-thumbnail","7":"category-ventana-ca","8":"category-infraestructuras-ca","9":"category-la-comarca-ca","10":"category-sin-categorizar-ca","11":"category-medio-ambiente-la-comarca-ca","12":"category-politica","13":"category-seccion-ca","14":"tag-certificacion-forestal-regional-pefc","15":"tag-certival","16":"tag-generalitat-valenciana-ca"},"_links":{"self":[{"href":"https:\/\/www.tucomarca.com\/wordpress\/segunda\/ca\/wp-json\/wp\/v2\/posts\/299562","targetHints":{"allow":["GET"]}}],"collection":[{"href":"https:\/\/www.tucomarca.com\/wordpress\/segunda\/ca\/wp-json\/wp\/v2\/posts"}],"about":[{"href":"https:\/\/www.tucomarca.com\/wordpress\/segunda\/ca\/wp-json\/wp\/v2\/types\/post"}],"author":[{"embeddable":true,"href":"https:\/\/www.tucomarca.com\/wordpress\/segunda\/ca\/wp-json\/wp\/v2\/users\/12"}],"replies":[{"embeddable":true,"href":"https:\/\/www.tucomarca.com\/wordpress\/segunda\/ca\/wp-json\/wp\/v2\/comments?post=299562"}],"version-history":[{"count":3,"href":"https:\/\/www.tucomarca.com\/wordpress\/segunda\/ca\/wp-json\/wp\/v2\/posts\/299562\/revisions"}],"predecessor-version":[{"id":299574,"href":"https:\/\/www.tucomarca.com\/wordpress\/segunda\/ca\/wp-json\/wp\/v2\/posts\/299562\/revisions\/299574"}],"wp:featuredmedia":[{"embeddable":true,"href":"https:\/\/www.tucomarca.com\/wordpress\/segunda\/ca\/wp-json\/wp\/v2\/media\/299558"}],"wp:attachment":[{"href":"https:\/\/www.tucomarca.com\/wordpress\/segunda\/ca\/wp-json\/wp\/v2\/media?parent=299562"}],"wp:term":[{"taxonomy":"category","embeddable":true,"href":"https:\/\/www.tucomarca.com\/wordpress\/segunda\/ca\/wp-json\/wp\/v2\/categories?post=299562"},{"taxonomy":"post_tag","embeddable":true,"href":"https:\/\/www.tucomarca.com\/wordpress\/segunda\/ca\/wp-json\/wp\/v2\/tags?post=299562"}],"curies":[{"name":"wp","href":"https:\/\/api.w.org\/{rel}","templated":true}]}}