{"id":299588,"date":"2026-04-22T10:10:00","date_gmt":"2026-04-22T08:10:00","guid":{"rendered":"https:\/\/www.tucomarca.com\/wordpress\/segunda\/?p=299588"},"modified":"2026-04-23T00:48:35","modified_gmt":"2026-04-22T22:48:35","slug":"la-banda-juvenil-del-cim-la-armonica-presenta-cinemagia-sinfonias-de-la-pantalla-al-palacio-de-la-musica","status":"publish","type":"post","link":"https:\/\/www.tucomarca.com\/wordpress\/segunda\/ca\/la-banda-juvenil-del-cim-la-armonica-presenta-cinemagia-sinfonias-de-la-pantalla-al-palacio-de-la-musica\/","title":{"rendered":"La Banda Juvenil del CIM La Arm\u00f3nica presenta &#8216;Cinemagia: Sinfon\u00edas de la Pantalla&#8217; al Palacio de la M\u00fasica"},"content":{"rendered":"\n<p>La Banda Juvenil del CIM La Arm\u00f3nica oferir\u00e0 el pr\u00f2xim 25 d\u2019abril a les 19:00 hores el concert \u201cCinemagia: Sinfon\u00edas de la Pantalla\u201d, una proposta musical que convida el p\u00fablic a reviure l\u2019emoci\u00f3 del cinema a trav\u00e9s de la m\u00fasica en directe.<\/p>\n\n\n\n<p>El Palau de la M\u00fasica es convertir\u00e0 aix\u00ed en una aut\u00e8ntica sala cinematogr\u00e0fica sense pantalles, on les bandes sonores m\u00e9s ic\u00f2niques cobraran vida de la m\u00e0 dels m\u00fasics m\u00e9s joves de l\u2019agrupaci\u00f3, acompanyats per cantants i un grup de rock que aportaran veu i energia a este espectacle.<\/p>\n\n\n\n<p>El repertori inclour\u00e0 composicions de pel\u00b7l\u00edcules que han marcat diverses generacions, com <em>La Bella y la Bestia<\/em>, <em>Jurassic World<\/em>, <em>C\u00f3mo entrenar a tu drag\u00f3n<\/em>, <em>Forrest Gump<\/em>, <em>Coco<\/em> o <em>Guardianes de la Galaxia<\/em>, junt amb altres peces emblem\u00e0tiques que abracen des del cinema d\u2019animaci\u00f3 fins a l\u2019\u00e8pica contempor\u00e0nia. Tot aix\u00f2 estar\u00e0 dirigit per Rub\u00e9n Casas Santos.<\/p>\n\n\n\n<p>El concert est\u00e0 concebut com una experi\u00e8ncia per a tots els p\u00fablics, des dels m\u00e9s menuts, que podran descobrir noves hist\u00f2ries a trav\u00e9s de la m\u00fasica, fins als adults que tindran l\u2019oportunitat de reviure records lligats a la gran pantalla.<\/p>\n\n\n\n<p>Les entrades podran adquirir-se de manera anticipada el divendres 24 d\u2019abril, en horari de 18:30 a 20:00 hores. L\u2019organitzaci\u00f3 ha assenyalat que este concert es troba fora de la temporada d\u2019abonament.<\/p>\n\n\n\n<p>Amb esta iniciativa, la Banda Juvenil del CIM La Arm\u00f3nica proposa una vetlada que combina m\u00fasica, emoci\u00f3 i espectacle, en un viatge sonor que promet no deixar indiferent el p\u00fablic assistent. Informa,<strong> P. Ferrer<\/strong>.<\/p>\n","protected":false},"excerpt":{"rendered":"<div class=\"mh-excerpt\">La Banda Juvenil del CIM La Arm\u00f3nica oferir\u00e0 el pr\u00f2xim 25 d\u2019abril a les 19:00 hores el concert \u201cCinemagia: Sinfon\u00edas de la Pantalla\u201d, una proposta musical que convida el p\u00fablic a reviure l\u2019emoci\u00f3 del cinema <a class=\"mh-excerpt-more\" href=\"https:\/\/www.tucomarca.com\/wordpress\/segunda\/ca\/la-banda-juvenil-del-cim-la-armonica-presenta-cinemagia-sinfonias-de-la-pantalla-al-palacio-de-la-musica\/\" title=\"La Banda Juvenil del CIM La Arm\u00f3nica presenta &#8216;Cinemagia: Sinfon\u00edas de la Pantalla&#8217; al Palacio de la M\u00fasica\">[+] <\/a><\/div>\n","protected":false},"author":12,"featured_media":299584,"comment_status":"closed","ping_status":"open","sticky":false,"template":"","format":"standard","meta":{"footnotes":""},"categories":[11019,10911,11005,10894,10912,11007,10896],"tags":[22141,10913,11209,10914],"class_list":{"0":"post-299588","1":"post","2":"type-post","3":"status-publish","4":"format-standard","5":"has-post-thumbnail","7":"category-agenda-ca","8":"category-bunol-ca","9":"category-canal-musica","10":"category-la-comarca-ca","11":"category-la-hoya-ca","12":"category-ocio-y-cultura-ca","13":"category-seccion-ca","14":"tag-banda-juvenil-cim-la-armonica-ca","15":"tag-bunol-ca","16":"tag-cim-la-armonica-de-bunol-ca","17":"tag-la-hoya-de-bunol-chiva-ca"},"_links":{"self":[{"href":"https:\/\/www.tucomarca.com\/wordpress\/segunda\/ca\/wp-json\/wp\/v2\/posts\/299588","targetHints":{"allow":["GET"]}}],"collection":[{"href":"https:\/\/www.tucomarca.com\/wordpress\/segunda\/ca\/wp-json\/wp\/v2\/posts"}],"about":[{"href":"https:\/\/www.tucomarca.com\/wordpress\/segunda\/ca\/wp-json\/wp\/v2\/types\/post"}],"author":[{"embeddable":true,"href":"https:\/\/www.tucomarca.com\/wordpress\/segunda\/ca\/wp-json\/wp\/v2\/users\/12"}],"replies":[{"embeddable":true,"href":"https:\/\/www.tucomarca.com\/wordpress\/segunda\/ca\/wp-json\/wp\/v2\/comments?post=299588"}],"version-history":[{"count":2,"href":"https:\/\/www.tucomarca.com\/wordpress\/segunda\/ca\/wp-json\/wp\/v2\/posts\/299588\/revisions"}],"predecessor-version":[{"id":299652,"href":"https:\/\/www.tucomarca.com\/wordpress\/segunda\/ca\/wp-json\/wp\/v2\/posts\/299588\/revisions\/299652"}],"wp:featuredmedia":[{"embeddable":true,"href":"https:\/\/www.tucomarca.com\/wordpress\/segunda\/ca\/wp-json\/wp\/v2\/media\/299584"}],"wp:attachment":[{"href":"https:\/\/www.tucomarca.com\/wordpress\/segunda\/ca\/wp-json\/wp\/v2\/media?parent=299588"}],"wp:term":[{"taxonomy":"category","embeddable":true,"href":"https:\/\/www.tucomarca.com\/wordpress\/segunda\/ca\/wp-json\/wp\/v2\/categories?post=299588"},{"taxonomy":"post_tag","embeddable":true,"href":"https:\/\/www.tucomarca.com\/wordpress\/segunda\/ca\/wp-json\/wp\/v2\/tags?post=299588"}],"curies":[{"name":"wp","href":"https:\/\/api.w.org\/{rel}","templated":true}]}}