{"id":299592,"date":"2026-04-22T10:00:00","date_gmt":"2026-04-22T08:00:00","guid":{"rendered":"https:\/\/www.tucomarca.com\/wordpress\/segunda\/?p=299592"},"modified":"2026-04-22T17:14:39","modified_gmt":"2026-04-22T15:14:39","slug":"ultimen-els-preparatius-per-a-la-xxi-fira-turis-que-obrira-les-seues-portes-l1-de-maig","status":"publish","type":"post","link":"https:\/\/www.tucomarca.com\/wordpress\/segunda\/ca\/ultimen-els-preparatius-per-a-la-xxi-fira-turis-que-obrira-les-seues-portes-l1-de-maig\/","title":{"rendered":"Ultimen els preparatius per a la XXI Fira Tur\u00eds, que obrir\u00e0 les seues portes l\u20191 de maig"},"content":{"rendered":"\n<p>Tur\u00eds celebrar\u00e0 de l\u20191 al 3 de maig una nova edici\u00f3 de la Fira Tur\u00eds, que enguany arriba a la seua vint-i-unena edici\u00f3 i tindr\u00e0 lloc a la pla\u00e7a Vicent Ribes. L\u2019esdeveniment, ja consolidat en el calendari local, reunir\u00e0 durant tot el cap de setmana una \u00e0mplia oferta comercial, degustacions de productes aut\u00f2ctons i diverses activitats d\u2019animaci\u00f3.<\/p>\n\n\n\n<p>La fira arrancar\u00e0 el divendres 1 de maig amb horari d\u201911:00 a 14:00 hores i de 18:30 a 21:00 hores. A les 19:00 hores tindr\u00e0 lloc la inauguraci\u00f3 oficial a l\u2019entrada principal del recinte, a c\u00e0rrec de la Reina de les Festes, Diana Vicent Palmero, i la seua Cort d\u2019Honor. Durant l\u2019acte es lliuraran els premis del Concurs del Comer\u00e7 en Valenci\u00e0 i, a continuaci\u00f3, es realitzar\u00e0 una visita als diferents expositors. A m\u00e9s, al llarg de tota la jornada se celebraran competicions de futbet 4&#215;4 a la pla\u00e7a de la Constituci\u00f3.<\/p>\n\n\n\n<p>El dissabte 2 de maig, el recinte firal obrir\u00e0 de 10:30 a 14:00 hores i de 18:00 a 21:00 hores. La programaci\u00f3 inclour\u00e0 activitats dirigides al p\u00fablic infantil, amb animaci\u00f3 i tallers a partir de les 11:00 hores, seguits a les 12:00 hores per la representaci\u00f3 de \u201cMatilda\u201d, organitzada per la Regidoria de Cultura. A la vesprada, a les 19:00 hores, tindr\u00e0 lloc \u201cPopentera\u201d, un \u201ctardeo\u201d musical amb un grup de versions de pop rock.<\/p>\n\n\n\n<p>La fira continuar\u00e0 el diumenge 3 de maig amb el mateix horari que el dissabte. A les 20:00 hores se celebrar\u00e0 la rifa organitzada per l\u2019Associaci\u00f3 de Comer\u00e7os, que posar\u00e0 el punt final a l\u2019esdeveniment amb la clausura oficial.<\/p>\n\n\n\n<p>Durant els tres dies, el recinte acollir\u00e0 degustacions de productes locals, mentre que diferents associacions del municipi participaran activament en la dinamitzaci\u00f3 i animaci\u00f3 de la fira, contribuint a crear un ambient festiu i participatiu per a ve\u00efns i visitants.<\/p>\n","protected":false},"excerpt":{"rendered":"<div class=\"mh-excerpt\">Tur\u00eds celebrar\u00e0 de l\u20191 al 3 de maig una nova edici\u00f3 de la Fira Tur\u00eds, que enguany arriba a la seua vint-i-unena edici\u00f3 i tindr\u00e0 lloc a la pla\u00e7a Vicent Ribes. L\u2019esdeveniment, ja consolidat en <a class=\"mh-excerpt-more\" href=\"https:\/\/www.tucomarca.com\/wordpress\/segunda\/ca\/ultimen-els-preparatius-per-a-la-xxi-fira-turis-que-obrira-les-seues-portes-l1-de-maig\/\" title=\"Ultimen els preparatius per a la XXI Fira Tur\u00eds, que obrir\u00e0 les seues portes l\u20191 de maig\">[+] <\/a><\/div>\n","protected":false},"author":12,"featured_media":299593,"comment_status":"closed","ping_status":"open","sticky":false,"template":"","format":"standard","meta":{"footnotes":""},"categories":[11019,10894,10902,11007,10896,11047],"tags":[16458,11356,11093,24198],"class_list":{"0":"post-299592","1":"post","2":"type-post","3":"status-publish","4":"format-standard","5":"has-post-thumbnail","7":"category-agenda-ca","8":"category-la-comarca-ca","9":"category-la-ribera-ca","10":"category-ocio-y-cultura-ca","11":"category-seccion-ca","12":"category-turis-ca","13":"tag-feria-de-comercio-ca","14":"tag-ribera-alta-ca","15":"tag-turis-ca","16":"tag-xxi-feria-turis"},"_links":{"self":[{"href":"https:\/\/www.tucomarca.com\/wordpress\/segunda\/ca\/wp-json\/wp\/v2\/posts\/299592","targetHints":{"allow":["GET"]}}],"collection":[{"href":"https:\/\/www.tucomarca.com\/wordpress\/segunda\/ca\/wp-json\/wp\/v2\/posts"}],"about":[{"href":"https:\/\/www.tucomarca.com\/wordpress\/segunda\/ca\/wp-json\/wp\/v2\/types\/post"}],"author":[{"embeddable":true,"href":"https:\/\/www.tucomarca.com\/wordpress\/segunda\/ca\/wp-json\/wp\/v2\/users\/12"}],"replies":[{"embeddable":true,"href":"https:\/\/www.tucomarca.com\/wordpress\/segunda\/ca\/wp-json\/wp\/v2\/comments?post=299592"}],"version-history":[{"count":3,"href":"https:\/\/www.tucomarca.com\/wordpress\/segunda\/ca\/wp-json\/wp\/v2\/posts\/299592\/revisions"}],"predecessor-version":[{"id":299621,"href":"https:\/\/www.tucomarca.com\/wordpress\/segunda\/ca\/wp-json\/wp\/v2\/posts\/299592\/revisions\/299621"}],"wp:featuredmedia":[{"embeddable":true,"href":"https:\/\/www.tucomarca.com\/wordpress\/segunda\/ca\/wp-json\/wp\/v2\/media\/299593"}],"wp:attachment":[{"href":"https:\/\/www.tucomarca.com\/wordpress\/segunda\/ca\/wp-json\/wp\/v2\/media?parent=299592"}],"wp:term":[{"taxonomy":"category","embeddable":true,"href":"https:\/\/www.tucomarca.com\/wordpress\/segunda\/ca\/wp-json\/wp\/v2\/categories?post=299592"},{"taxonomy":"post_tag","embeddable":true,"href":"https:\/\/www.tucomarca.com\/wordpress\/segunda\/ca\/wp-json\/wp\/v2\/tags?post=299592"}],"curies":[{"name":"wp","href":"https:\/\/api.w.org\/{rel}","templated":true}]}}