{"id":299609,"date":"2026-04-22T10:30:00","date_gmt":"2026-04-22T08:30:00","guid":{"rendered":"https:\/\/www.tucomarca.com\/wordpress\/segunda\/?p=299609"},"modified":"2026-04-22T17:19:17","modified_gmt":"2026-04-22T15:19:17","slug":"la-unio-llauradora-i-ramadera-urgeix-a-hisenda-a-publicar-ja-lordre-de-moduls-per-a-la-declaracio-de-lirpf","status":"publish","type":"post","link":"https:\/\/www.tucomarca.com\/wordpress\/segunda\/ca\/la-unio-llauradora-i-ramadera-urgeix-a-hisenda-a-publicar-ja-lordre-de-moduls-per-a-la-declaracio-de-lirpf\/","title":{"rendered":"La Uni\u00f3 Llauradora i Ramadera urgeix a Hisenda a publicar ja l&#8217;ordre de m\u00f2duls per a la declaraci\u00f3 de l&#8217;IRPF"},"content":{"rendered":"\n<h3 class=\"wp-block-heading\">L&#8217;organitzaci\u00f3 confia que una vegada publicada l&#8217;ordre de m\u00f2duls aquests contemplen totes les anomalies i cat\u00e0strofes que ha patit el camp valenci\u00e0.<\/h3>\n\n\n\n<h3 class=\"wp-block-heading\">Els llauradors i ramaders, com la resta de les persones que tributen per m\u00f2duls, no poden comptar amb menys temps per a elaborar i presentar la seua renda que els altres contribuents.<\/h3>\n\n\n\n<p>La Uni\u00f3 Llauradora i Ramadera, davant el transcurs de 19 dies des que va iniciar la campanya de la Renda el passat 3 d&#8217;abril, critica que el Ministeri d&#8217;Hisenda encara no haja publicat l&#8217;ordre de m\u00f2duls per al sector agrari.<\/p>\n\n\n\n<p>L&#8217;organitzaci\u00f3 reclama celeritat a Hisenda en la publicaci\u00f3 de l&#8217;ordre de m\u00f2duls per a la declaraci\u00f3 de l&#8217;IRPF i assenyala que el retard a fer-lo s&#8217;est\u00e0 convertint ja en una pr\u00e0ctica recurrent i injustificable. Insisteix que aquesta situaci\u00f3 de retard s&#8217;est\u00e0 normalitzant, i l&#8217;any passat es va publicar quasi un mes despr\u00e9s de l&#8217;inici de la campanya que enguany es pot repetir o superar i amb dues setmanes de retard tamb\u00e9 en 2024.<\/p>\n\n\n\n<figure class=\"wp-block-gallery has-nested-images columns-default is-cropped wp-block-gallery-1 is-layout-flex wp-block-gallery-is-layout-flex\">\n<figure class=\"wp-block-image size-full\"><img loading=\"lazy\" decoding=\"async\" width=\"945\" height=\"638\" data-id=\"299602\" src=\"https:\/\/www.tucomarca.com\/wordpress\/segunda\/wp-content\/uploads\/2026\/04\/UnioRamadera02.jpg\" alt=\"\" class=\"wp-image-299602\" srcset=\"https:\/\/www.tucomarca.com\/wordpress\/segunda\/wp-content\/uploads\/2026\/04\/UnioRamadera02.jpg 945w, https:\/\/www.tucomarca.com\/wordpress\/segunda\/wp-content\/uploads\/2026\/04\/UnioRamadera02-300x203.jpg 300w, https:\/\/www.tucomarca.com\/wordpress\/segunda\/wp-content\/uploads\/2026\/04\/UnioRamadera02-768x519.jpg 768w\" sizes=\"auto, (max-width: 945px) 100vw, 945px\" \/><\/figure>\n\n\n\n<figure class=\"wp-block-image size-full\"><img loading=\"lazy\" decoding=\"async\" width=\"945\" height=\"638\" data-id=\"299606\" src=\"https:\/\/www.tucomarca.com\/wordpress\/segunda\/wp-content\/uploads\/2026\/04\/UnioRamadera03.png\" alt=\"\" class=\"wp-image-299606\" srcset=\"https:\/\/www.tucomarca.com\/wordpress\/segunda\/wp-content\/uploads\/2026\/04\/UnioRamadera03.png 945w, https:\/\/www.tucomarca.com\/wordpress\/segunda\/wp-content\/uploads\/2026\/04\/UnioRamadera03-300x203.png 300w, https:\/\/www.tucomarca.com\/wordpress\/segunda\/wp-content\/uploads\/2026\/04\/UnioRamadera03-768x519.png 768w\" sizes=\"auto, (max-width: 945px) 100vw, 945px\" \/><\/figure>\n<\/figure>\n\n\n\n<p><\/p>\n\n\n\n<p>\u201cNo pot ser que la publicaci\u00f3 de la informaci\u00f3 siga tants dies despr\u00e9s de l&#8217;inici de la campanya, per\u00f2 el termini de declaraci\u00f3 siga el mateix per a tots\u201d, es queixen des de La Uni\u00f3, ressaltant la complexitat de la seua formulaci\u00f3.<\/p>\n\n\n\n<p>La Uni\u00f3 confia que una vegada publicada l&#8217;ordre de m\u00f2duls aquests contemplen totes les anomalies i cat\u00e0strofes que ha patit el camp valenci\u00e0 i que ha traslladat a les Administracions dins del termini i en la forma corresponent, com l&#8217;impacte d&#8217;episodis climatol\u00f2gics, desastres naturals i malalties animals. En aquest sentit recorda que no es tracta de beneficis fiscals sin\u00f3 de no pagar pel que no s&#8217;ha ingressat.<\/p>\n\n\n\n<p>L&#8217;organitzaci\u00f3 assenyala que tant els productors com altres sectors que fan la declaraci\u00f3 per m\u00f2duls representen un percentatge elevat i no poden comptar amb menys temps que la resta dels contribuents i demana a l&#8217;administraci\u00f3 que el publique com m\u00e9s prompte millor.<\/p>\n","protected":false},"excerpt":{"rendered":"<div class=\"mh-excerpt\">L&#8217;organitzaci\u00f3 confia que una vegada publicada l&#8217;ordre de m\u00f2duls aquests contemplen totes les anomalies i cat\u00e0strofes que ha patit el camp valenci\u00e0. Els llauradors i ramaders, com la resta de les persones que tributen per <a class=\"mh-excerpt-more\" href=\"https:\/\/www.tucomarca.com\/wordpress\/segunda\/ca\/la-unio-llauradora-i-ramadera-urgeix-a-hisenda-a-publicar-ja-lordre-de-moduls-per-a-la-declaracio-de-lirpf\/\" title=\"La Uni\u00f3 Llauradora i Ramadera urgeix a Hisenda a publicar ja l&#8217;ordre de m\u00f2duls per a la declaraci\u00f3 de l&#8217;IRPF\">[+] <\/a><\/div>\n","protected":false},"author":12,"featured_media":299601,"comment_status":"closed","ping_status":"open","sticky":false,"template":"","format":"standard","meta":{"footnotes":""},"categories":[10905,10898,10948,10894,10904,10947,10896],"tags":[18333,21082],"class_list":{"0":"post-299609","1":"post","2":"type-post","3":"status-publish","4":"format-standard","5":"has-post-thumbnail","7":"category-agricultura-la-comarca-ca","8":"category-ventana-ca","9":"category-infraestructuras-ca","10":"category-la-comarca-ca","11":"category-sin-categorizar-ca","12":"category-politica","13":"category-seccion-ca","14":"tag-la-unio-ca","15":"tag-la-unio-llauradora-i-ramadera-ca"},"_links":{"self":[{"href":"https:\/\/www.tucomarca.com\/wordpress\/segunda\/ca\/wp-json\/wp\/v2\/posts\/299609","targetHints":{"allow":["GET"]}}],"collection":[{"href":"https:\/\/www.tucomarca.com\/wordpress\/segunda\/ca\/wp-json\/wp\/v2\/posts"}],"about":[{"href":"https:\/\/www.tucomarca.com\/wordpress\/segunda\/ca\/wp-json\/wp\/v2\/types\/post"}],"author":[{"embeddable":true,"href":"https:\/\/www.tucomarca.com\/wordpress\/segunda\/ca\/wp-json\/wp\/v2\/users\/12"}],"replies":[{"embeddable":true,"href":"https:\/\/www.tucomarca.com\/wordpress\/segunda\/ca\/wp-json\/wp\/v2\/comments?post=299609"}],"version-history":[{"count":2,"href":"https:\/\/www.tucomarca.com\/wordpress\/segunda\/ca\/wp-json\/wp\/v2\/posts\/299609\/revisions"}],"predecessor-version":[{"id":299625,"href":"https:\/\/www.tucomarca.com\/wordpress\/segunda\/ca\/wp-json\/wp\/v2\/posts\/299609\/revisions\/299625"}],"wp:featuredmedia":[{"embeddable":true,"href":"https:\/\/www.tucomarca.com\/wordpress\/segunda\/ca\/wp-json\/wp\/v2\/media\/299601"}],"wp:attachment":[{"href":"https:\/\/www.tucomarca.com\/wordpress\/segunda\/ca\/wp-json\/wp\/v2\/media?parent=299609"}],"wp:term":[{"taxonomy":"category","embeddable":true,"href":"https:\/\/www.tucomarca.com\/wordpress\/segunda\/ca\/wp-json\/wp\/v2\/categories?post=299609"},{"taxonomy":"post_tag","embeddable":true,"href":"https:\/\/www.tucomarca.com\/wordpress\/segunda\/ca\/wp-json\/wp\/v2\/tags?post=299609"}],"curies":[{"name":"wp","href":"https:\/\/api.w.org\/{rel}","templated":true}]}}