{"id":299618,"date":"2026-04-22T11:00:00","date_gmt":"2026-04-22T09:00:00","guid":{"rendered":"https:\/\/www.tucomarca.com\/wordpress\/segunda\/?p=299618"},"modified":"2026-04-22T17:16:45","modified_gmt":"2026-04-22T15:16:45","slug":"ava-asaja-acusa-el-miteco-de-confiscar-damagatons-els-camps-arrasats-per-la-dana","status":"publish","type":"post","link":"https:\/\/www.tucomarca.com\/wordpress\/segunda\/ca\/ava-asaja-acusa-el-miteco-de-confiscar-damagatons-els-camps-arrasats-per-la-dana\/","title":{"rendered":"AVA-Asaja acusa el Miteco de \u201cconfiscar d&#8217;amagatons\u201d els camps arrasats per la DANA"},"content":{"rendered":"\n<h3 class=\"wp-block-heading\">El Govern fica en una revisi\u00f3 peri\u00f2dica del BOE la delimitaci\u00f3 del DPH sense cap compensaci\u00f3: \u201cConsiderem que \u00e9s una gesti\u00f3 injusta i miserable\u201d.<\/h3>\n\n\n\n<p>Malestar i indignaci\u00f3 entre els propietaris d&#8217;explotacions agr\u00e0ries lim\u00edtrofes a barrancs i rius que van quedar arrasades a causa de la DANA del 29 d&#8217;octubre de 2024 i que passen al Domini P\u00fablic Hidr\u00e0ulic (DPH), \u00e9s a dir, a les mans de l&#8217;Estat. L&#8217;Associaci\u00f3 Valenciana d&#8217;Agricultors (AVA-Asaja) acusa el Ministeri per a la Transici\u00f3 Ecol\u00f2gica i el Repte Demogr\u00e0fic (Miteco) de \u201cconfiscar aquestes propietats privades sense pagar cap compensaci\u00f3 i tractar de fer-ho a m\u00e9s de tapadillo, sense avisar pr\u00e8viament al sector agrari i mitjan\u00e7ant una revisi\u00f3 normativa peri\u00f2dica del BOE\u201d.&nbsp;<br>Despr\u00e9s de m\u00e9s d&#8217;un any de reunions de AVA-Asaja amb el Comissionat per a la reconstrucci\u00f3 per la DANA i amb el Miteco, en les quals va obtindre la promesa verbal que el Govern anava a estudiar la possibilitat d&#8217;una compensaci\u00f3 justa als titulars de terrenys afectats que passarien a integrar-se en el DPH, aquesta mesura finalment no s&#8217;ha complit. L&#8217;organitzaci\u00f3 agr\u00e0ria es va assabentar per una crida del delegat de Sot de Xera -on es preveuen obres de reparaci\u00f3 de danys- i per una consulta posterior a la Comissaria d&#8217;Aig\u00fces de la Confederaci\u00f3 Hidrogr\u00e0fica del X\u00faquer (CHJ), que el Govern est\u00e0 tramitant la revisi\u00f3 dels Mapes de Perillositat i Risc d&#8217;Inundaci\u00f3 (MAPRI) en les \u00c0rees de Risc Potencial Significatiu d&#8217;Inundaci\u00f3 (ARPSI). La consulta p\u00fablica dels MAPRI es va iniciar el 26 de gener, mitjan\u00e7ant un anunci en el BOE, i si en un termini de tres mesos (acaba dilluns que ve) no es presenten al\u00b7legacions, la delimitaci\u00f3 establida del DPH tindr\u00e0 presumpci\u00f3 de veracitat.<br>El president de AVA-Asaja, Crist\u00f3bal Aguado, va esclatar en con\u00e9ixer els fets: \u201cConsiderem que la manera d&#8217;actuar del Govern, i en concret del Miteco, \u00e9s injusta i miserable. Mentre portem molts mesos dialogant i intentant consensuar una soluci\u00f3 justa per als agricultors i ramaders, ens assabentem per casualitat que el Govern ha amagat sota la capa d&#8217;una consulta p\u00fablica, apunte d&#8217;acabar, aquesta usurpaci\u00f3 de terrenys particulars al m\u00e9s pur estil comunista. No sembla la pol\u00edtica que caldria esperar d&#8217;un Estat de Dret. Ens sentim tra\u00efts, la confian\u00e7a que hav\u00edem posat en les converses s&#8217;ha vist trencada. Creiem que el procediment posat en marxa manca de la transpar\u00e8ncia, la informaci\u00f3 pr\u00e8via i la sensibilitat que els propietaris afectats es mereixen. Ni el Miteco va estar abans de la riuada per a fer les infraestructures hidr\u00e0uliques i la gesti\u00f3 de les canyes que hagueren minimitzat els danys, ni el Miteco est\u00e0 ara per a compensar-los per la terra que els arrabassa\u201d.<\/p>\n\n\n\n<figure class=\"wp-block-image size-full\"><img loading=\"lazy\" decoding=\"async\" width=\"1000\" height=\"609\" src=\"https:\/\/www.tucomarca.com\/wordpress\/segunda\/wp-content\/uploads\/2026\/04\/ava_charla_dph_sot_de_chera.jpg\" alt=\"\" class=\"wp-image-299615\" srcset=\"https:\/\/www.tucomarca.com\/wordpress\/segunda\/wp-content\/uploads\/2026\/04\/ava_charla_dph_sot_de_chera.jpg 1000w, https:\/\/www.tucomarca.com\/wordpress\/segunda\/wp-content\/uploads\/2026\/04\/ava_charla_dph_sot_de_chera-300x183.jpg 300w, https:\/\/www.tucomarca.com\/wordpress\/segunda\/wp-content\/uploads\/2026\/04\/ava_charla_dph_sot_de_chera-768x468.jpg 768w\" sizes=\"auto, (max-width: 1000px) 100vw, 1000px\" \/><\/figure>\n\n\n\n<p><\/p>\n\n\n\n<p><strong>Informaci\u00f3 i reivindicaci\u00f3<br><\/strong>AVA-Asaja ja ha empr\u00e9s una campanya d&#8217;informaci\u00f3 i reivindicaci\u00f3 a tots els nivells per a tractar de reconduir la situaci\u00f3 i aconseguir una \u201crectificaci\u00f3 r\u00e0pida i contundent del Govern que concedisca una resposta digna a aquests agricultors i ramaders\u201d. D&#8217;una banda, ha enviat cartes a la ministra del Miteco, Sara Aagesen; aix\u00ed com al ministre d&#8217;Agricultura, Luis Planas; la Comissionada del Govern per a la recuperaci\u00f3 per la DANA, Zulima P\u00e9rez; i el president de la CHJ, Miguel Polo, en les quals manifesta el seu rebuig a l&#8217;actuaci\u00f3 empresa en relaci\u00f3 amb el DPH i exigeix la referida compensaci\u00f3 econ\u00f2mica. Aix\u00ed mateix, demana la col\u00b7laboraci\u00f3 en aquest sentit al President de la Generalitat Valenciana, Juanfran P\u00e9rez Llorca, el conseller d&#8217;Agricultura, Miguel Barrachina, el conseller de Medi Ambient i de la Recuperaci\u00f3, Vicente Mart\u00ednez, i el president de la Confederaci\u00f3 Empresarial Valenciana (CEV), Vicente Lafuente.<br>Al mateix temps, AVA-Asaja refor\u00e7a l&#8217;assessorament a les persones damnificades. T\u00e8cnics i advocats de l&#8217;associaci\u00f3 van impartir ahir una xarrada informativa a Sot de Xera, durant la qual van informar de les q\u00fcestions legals i van aclarir els dubtes plantejats. L&#8217;associaci\u00f3 no descarta acudir als tribunals per a aconseguir una compensaci\u00f3 que considera justa i leg\u00edtima.<br>&nbsp;<br><strong>540 dies despr\u00e9s<br><\/strong>A conseq\u00fc\u00e8ncia de la DANA, m\u00e9s de 300 hect\u00e0rees de parcel\u00b7les agr\u00e0ries pr\u00f2ximes a llits van quedar greument afectades, en molts casos totalment desaparegudes. Al no ser una crescuda ordin\u00e0ria, com contempla la Llei d&#8217;Aig\u00fces, AVA-Asaja va proposar a l&#8217;Administraci\u00f3 que, en lloc de destinar ingents fons p\u00fablics a restaurar aquestes parcel\u00b7les, aprovara una l\u00ednia d&#8217;indemnitzacions en el seu pas al DPH. D&#8217;eixe mode, l&#8217;Administraci\u00f3 estalviaria diners, els llits veurien ampliada la seua ampl\u00e0ria i els propietaris rebrien una compensaci\u00f3 suficient per a posar en marxa una altra explotaci\u00f3 en una \u00e0rea no inundable.<br>Arran de l&#8217;Orde APA\/383\/2025, el Ministeri d&#8217;Agricultura va mostrar la seua bona voluntat en establir una compensaci\u00f3, per la p\u00e8rdua de renda pels danys en infraestructures, de 11.800 euros per hect\u00e0rea, per\u00f2 per part del Miteco no es va atendre la demanda d&#8217;adoptar una altra compensaci\u00f3 per la p\u00e8rdua d&#8217;uns terrenys privats que passarien a integrar-se en el DPH. 540 dies despr\u00e9s de la DANA, la soluci\u00f3 continua negant-se als afectats. Aguado va afirmar que \u201cno entenem que dos ministeris del mateix Govern siguen tan diferents a l&#8217;hora d&#8217;atendre els damnificats per la DANA. Amb una inversi\u00f3 tan gran del Govern, mentre el Ministeri d&#8217;Agricultura ha tirat una m\u00e0, el Miteco tira pel s\u00f2l tot l&#8217;esfor\u00e7 pel xocolate del lloro\u201d.<\/p>\n","protected":false},"excerpt":{"rendered":"<div class=\"mh-excerpt\">El Govern fica en una revisi\u00f3 peri\u00f2dica del BOE la delimitaci\u00f3 del DPH sense cap compensaci\u00f3: \u201cConsiderem que \u00e9s una gesti\u00f3 injusta i miserable\u201d. Malestar i indignaci\u00f3 entre els propietaris d&#8217;explotacions agr\u00e0ries lim\u00edtrofes a barrancs <a class=\"mh-excerpt-more\" href=\"https:\/\/www.tucomarca.com\/wordpress\/segunda\/ca\/ava-asaja-acusa-el-miteco-de-confiscar-damagatons-els-camps-arrasats-per-la-dana\/\" title=\"AVA-Asaja acusa el Miteco de \u201cconfiscar d&#8217;amagatons\u201d els camps arrasats per la DANA\">[+] <\/a><\/div>\n","protected":false},"author":12,"featured_media":299614,"comment_status":"closed","ping_status":"open","sticky":false,"template":"","format":"standard","meta":{"footnotes":""},"categories":[10905,21466,11046,10898,10948,10894,10904,10903,10947,10896,11026,10897],"tags":[11924,15409,11080,18023,17643],"class_list":{"0":"post-299618","1":"post","2":"type-post","3":"status-publish","4":"format-standard","5":"has-post-thumbnail","7":"category-agricultura-la-comarca-ca","8":"category-dana-ca","9":"category-los-serranos-ca","10":"category-ventana-ca","11":"category-infraestructuras-ca","12":"category-la-comarca-ca","13":"category-sin-categorizar-ca","14":"category-medio-ambiente-la-comarca-ca","15":"category-politica","16":"category-seccion-ca","17":"category-sot-de-chera-ca","18":"category-sucesos-la-comarca-ca","19":"tag-ava-asaja-ca","20":"tag-dana-2-ca","21":"tag-los-serranos-ca","22":"tag-miteco-ca","23":"tag-sot-de-chera-ca"},"_links":{"self":[{"href":"https:\/\/www.tucomarca.com\/wordpress\/segunda\/ca\/wp-json\/wp\/v2\/posts\/299618","targetHints":{"allow":["GET"]}}],"collection":[{"href":"https:\/\/www.tucomarca.com\/wordpress\/segunda\/ca\/wp-json\/wp\/v2\/posts"}],"about":[{"href":"https:\/\/www.tucomarca.com\/wordpress\/segunda\/ca\/wp-json\/wp\/v2\/types\/post"}],"author":[{"embeddable":true,"href":"https:\/\/www.tucomarca.com\/wordpress\/segunda\/ca\/wp-json\/wp\/v2\/users\/12"}],"replies":[{"embeddable":true,"href":"https:\/\/www.tucomarca.com\/wordpress\/segunda\/ca\/wp-json\/wp\/v2\/comments?post=299618"}],"version-history":[{"count":2,"href":"https:\/\/www.tucomarca.com\/wordpress\/segunda\/ca\/wp-json\/wp\/v2\/posts\/299618\/revisions"}],"predecessor-version":[{"id":299623,"href":"https:\/\/www.tucomarca.com\/wordpress\/segunda\/ca\/wp-json\/wp\/v2\/posts\/299618\/revisions\/299623"}],"wp:featuredmedia":[{"embeddable":true,"href":"https:\/\/www.tucomarca.com\/wordpress\/segunda\/ca\/wp-json\/wp\/v2\/media\/299614"}],"wp:attachment":[{"href":"https:\/\/www.tucomarca.com\/wordpress\/segunda\/ca\/wp-json\/wp\/v2\/media?parent=299618"}],"wp:term":[{"taxonomy":"category","embeddable":true,"href":"https:\/\/www.tucomarca.com\/wordpress\/segunda\/ca\/wp-json\/wp\/v2\/categories?post=299618"},{"taxonomy":"post_tag","embeddable":true,"href":"https:\/\/www.tucomarca.com\/wordpress\/segunda\/ca\/wp-json\/wp\/v2\/tags?post=299618"}],"curies":[{"name":"wp","href":"https:\/\/api.w.org\/{rel}","templated":true}]}}