{"id":299641,"date":"2026-04-22T12:15:00","date_gmt":"2026-04-22T10:15:00","guid":{"rendered":"https:\/\/www.tucomarca.com\/wordpress\/segunda\/?p=299641"},"modified":"2026-04-23T00:43:22","modified_gmt":"2026-04-22T22:43:22","slug":"la-diputacio-obri-al-transit-el-tronc-principal-de-la-cv-370-entre-manises-i-riba-roja-de-turia-i-afronta-la-fase-final-de-les-obres","status":"publish","type":"post","link":"https:\/\/www.tucomarca.com\/wordpress\/segunda\/ca\/la-diputacio-obri-al-transit-el-tronc-principal-de-la-cv-370-entre-manises-i-riba-roja-de-turia-i-afronta-la-fase-final-de-les-obres\/","title":{"rendered":"La Diputaci\u00f3 obri al tr\u00e0nsit el tronc principal de la CV-370 entre Manises i Riba-roja de T\u00faria i afronta la fase final de les obres"},"content":{"rendered":"\n<h3 class=\"wp-block-heading\">L&#8217;obertura t\u00e8cnica permetr\u00e0 millorar la circulaci\u00f3 en una via estrat\u00e8gica mentres continuen els treballs pendents fins a la finalitzaci\u00f3 completa del projecte denominat Via parc del T\u00faria Manises \u2013 Riba-roja.<\/h3>\n\n\n\n<h3 class=\"wp-block-heading\">Reme Mazzolari indica que es tracta d&#8217;una &#8220;obertura t\u00e8cnica per a millorar la flu\u00efdesa del tr\u00e0nsit mentres continuen els \u00faltims treballs abans de culminar l&#8217;obra \u00edntegrament.<\/h3>\n\n\n\n<p>La Diputaci\u00f3 de Val\u00e8ncia ha obert al tr\u00e0nsit ja el tronc principal de la carretera CV-370, en el tram que unix Manises i Riba-roja de T\u00faria, dins de les obres de desdoblament impulsades per l&#8217;\u00e0rea de Carreteres per a augmentar la seguretat vi\u00e0ria i millorar la capacitat d&#8217;una de les connexions amb major intensitat de tr\u00e0nsit de l&#8217;entorn metropolit\u00e0.<\/p>\n\n\n\n<p>La diputada de Carreteres i vicepresidenta segona de la Diputaci\u00f3, Reme Mazzolari, explica que &#8220;es tracta d&#8217;una obertura de t\u00e8cnica per a habilitar la circulaci\u00f3 per l&#8217;eix principal de la nova plataforma&#8221; i destaca que &#8220;aix\u00f2 generar\u00e0 una millora immediata en la flu\u00efdesa del tr\u00e0nsit mentres continuen els \u00faltims treballs abans de culminar l&#8217;obra \u00edntegrament&#8221;.<\/p>\n\n\n\n<p>Mazzolari afig que \u201cquan finalitze definitivament esta actuaci\u00f3, la Diputaci\u00f3 estudiar\u00e0 sol\u00b7licitar la cessi\u00f3 de la titularitat de la via a la Generalitat, ja que la nostra prioritat \u00e9s concentrar esfor\u00e7os i inversions en carreteres secund\u00e0ries i comarcals que vertebren el territori i presten servici directe als municipis m\u00e9s xicotets\u201d.<\/p>\n\n\n\n<p>Aix\u00ed mateix, la responsable provincial indica que &#8220;la prioritat ara \u00e9s que Red El\u00e9ctrica procedisca a retirar les torres el\u00e8ctriques d&#8217;alta tensi\u00f3 que hi ha en la zona per a poder rematar els treballs de millora de la seguretat d&#8217;una via que registra el pas de m\u00e9s de 20.000 vehicles cada dia&#8221;.<\/p>\n\n\n\n<figure class=\"wp-block-gallery has-nested-images columns-default is-cropped wp-block-gallery-1 is-layout-flex wp-block-gallery-is-layout-flex\">\n<figure class=\"wp-block-image size-large\"><img loading=\"lazy\" decoding=\"async\" width=\"1024\" height=\"576\" data-id=\"299637\" src=\"https:\/\/www.tucomarca.com\/wordpress\/segunda\/wp-content\/uploads\/2026\/04\/ManRib4-1024x576.jpeg\" alt=\"\" class=\"wp-image-299637\" srcset=\"https:\/\/www.tucomarca.com\/wordpress\/segunda\/wp-content\/uploads\/2026\/04\/ManRib4-1024x576.jpeg 1024w, https:\/\/www.tucomarca.com\/wordpress\/segunda\/wp-content\/uploads\/2026\/04\/ManRib4-300x169.jpeg 300w, https:\/\/www.tucomarca.com\/wordpress\/segunda\/wp-content\/uploads\/2026\/04\/ManRib4-768x432.jpeg 768w, https:\/\/www.tucomarca.com\/wordpress\/segunda\/wp-content\/uploads\/2026\/04\/ManRib4-1536x864.jpeg 1536w, https:\/\/www.tucomarca.com\/wordpress\/segunda\/wp-content\/uploads\/2026\/04\/ManRib4-678x381.jpeg 678w, https:\/\/www.tucomarca.com\/wordpress\/segunda\/wp-content\/uploads\/2026\/04\/ManRib4.jpeg 2040w\" sizes=\"auto, (max-width: 1024px) 100vw, 1024px\" \/><\/figure>\n\n\n\n<figure class=\"wp-block-image size-large\"><img loading=\"lazy\" decoding=\"async\" width=\"1024\" height=\"768\" data-id=\"299635\" src=\"https:\/\/www.tucomarca.com\/wordpress\/segunda\/wp-content\/uploads\/2026\/04\/ManRib2-1024x768.jpeg\" alt=\"\" class=\"wp-image-299635\" srcset=\"https:\/\/www.tucomarca.com\/wordpress\/segunda\/wp-content\/uploads\/2026\/04\/ManRib2-1024x768.jpeg 1024w, https:\/\/www.tucomarca.com\/wordpress\/segunda\/wp-content\/uploads\/2026\/04\/ManRib2-300x225.jpeg 300w, https:\/\/www.tucomarca.com\/wordpress\/segunda\/wp-content\/uploads\/2026\/04\/ManRib2-768x576.jpeg 768w, https:\/\/www.tucomarca.com\/wordpress\/segunda\/wp-content\/uploads\/2026\/04\/ManRib2-1536x1152.jpeg 1536w, https:\/\/www.tucomarca.com\/wordpress\/segunda\/wp-content\/uploads\/2026\/04\/ManRib2-678x509.jpeg 678w, https:\/\/www.tucomarca.com\/wordpress\/segunda\/wp-content\/uploads\/2026\/04\/ManRib2-326x245.jpeg 326w, https:\/\/www.tucomarca.com\/wordpress\/segunda\/wp-content\/uploads\/2026\/04\/ManRib2-80x60.jpeg 80w, https:\/\/www.tucomarca.com\/wordpress\/segunda\/wp-content\/uploads\/2026\/04\/ManRib2.jpeg 1600w\" sizes=\"auto, (max-width: 1024px) 100vw, 1024px\" \/><\/figure>\n<\/figure>\n\n\n\n<p><\/p>\n\n\n\n<p><strong>Una gran obra dividida en cuatro fases<\/strong><\/p>\n\n\n\n<p>Dada la envergadura de la intervenci\u00f3n en la CV-370, el \u00e1rea de Carreteras de la Diputaci\u00f3 de Val\u00e8ncia ha desarrollado las actuaciones en cuatro fases diferenciadas.<\/p>\n\n\n\n<p>Los trabajos de esta cuarta y \u00faltima fase, que cuentan con un presupuesto de 12,5 millones de euros, consisten en la duplicaci\u00f3n de la calzada con control total de accesos, segregando el tr\u00e1fico vecinal y el de paso mediante v\u00edas de servicio.&nbsp;<\/p>\n\n\n\n<p>As\u00ed, para el acceso a las urbanizaciones Montemayor, el Collado y la Presa, se podr\u00e1 hacer a trav\u00e9s de dos glorietas unidas mediante una nueva estructura bajo la que discurre el tronco principal de la v\u00eda.<\/p>\n\n\n\n<p>Adem\u00e1s, la mejora de la seguridad vial se ver\u00e1 reforzada con la construcci\u00f3n de una v\u00eda ciclopeatonal, que contin\u00faa el tramo ya ejecutado de las tres primeras fases. Tambi\u00e9n se prev\u00e9n actuaciones de restauraci\u00f3n paisaj\u00edsticas con plantaci\u00f3n de \u00e1rboles y arbustos, as\u00ed como la instalaci\u00f3n de pantallas ac\u00fasticas y la ejecuci\u00f3n de pasos de fauna.<\/p>\n\n\n\n<p>Las obras se completan con la ejecuci\u00f3n de obras de drenaje y urbanizaci\u00f3n, reubicaci\u00f3n de las paradas del servicio de autobuses, redes de alumbrado, se\u00f1alizaci\u00f3n, instalaci\u00f3n de sistemas de contenci\u00f3n y reposici\u00f3n de servicios afectados, como es el caso del desv\u00edo a la conducci\u00f3n de agua potable.<\/p>\n","protected":false},"excerpt":{"rendered":"<div class=\"mh-excerpt\">L&#8217;obertura t\u00e8cnica permetr\u00e0 millorar la circulaci\u00f3 en una via estrat\u00e8gica mentres continuen els treballs pendents fins a la finalitzaci\u00f3 completa del projecte denominat Via parc del T\u00faria Manises \u2013 Riba-roja. Reme Mazzolari indica que es <a class=\"mh-excerpt-more\" href=\"https:\/\/www.tucomarca.com\/wordpress\/segunda\/ca\/la-diputacio-obri-al-transit-el-tronc-principal-de-la-cv-370-entre-manises-i-riba-roja-de-turia-i-afronta-la-fase-final-de-les-obres\/\" title=\"La Diputaci\u00f3 obri al tr\u00e0nsit el tronc principal de la CV-370 entre Manises i Riba-roja de T\u00faria i afronta la fase final de les obres\">[+] <\/a><\/div>\n","protected":false},"author":12,"featured_media":299634,"comment_status":"closed","ping_status":"open","sticky":false,"template":"","format":"gallery","meta":{"footnotes":""},"categories":[10892,10898,10948,10894,10903,10947,10906,10896],"tags":[10899,21629,15904,11246,15024],"class_list":{"0":"post-299641","1":"post","2":"type-post","3":"status-publish","4":"format-gallery","5":"has-post-thumbnail","7":"category-camp-de-turia-ca","8":"category-ventana-ca","9":"category-infraestructuras-ca","10":"category-la-comarca-ca","11":"category-medio-ambiente-la-comarca-ca","12":"category-politica","13":"category-riba-roja-ca","14":"category-seccion-ca","15":"tag-camp-de-turia-ca","16":"tag-carreteras-de-la-diputacion-ca","17":"tag-cv-370-ca","18":"tag-diputacio-de-valencia-ca","19":"tag-riba-roja-de-turia-ca","20":"post_format-post-format-gallery"},"_links":{"self":[{"href":"https:\/\/www.tucomarca.com\/wordpress\/segunda\/ca\/wp-json\/wp\/v2\/posts\/299641","targetHints":{"allow":["GET"]}}],"collection":[{"href":"https:\/\/www.tucomarca.com\/wordpress\/segunda\/ca\/wp-json\/wp\/v2\/posts"}],"about":[{"href":"https:\/\/www.tucomarca.com\/wordpress\/segunda\/ca\/wp-json\/wp\/v2\/types\/post"}],"author":[{"embeddable":true,"href":"https:\/\/www.tucomarca.com\/wordpress\/segunda\/ca\/wp-json\/wp\/v2\/users\/12"}],"replies":[{"embeddable":true,"href":"https:\/\/www.tucomarca.com\/wordpress\/segunda\/ca\/wp-json\/wp\/v2\/comments?post=299641"}],"version-history":[{"count":2,"href":"https:\/\/www.tucomarca.com\/wordpress\/segunda\/ca\/wp-json\/wp\/v2\/posts\/299641\/revisions"}],"predecessor-version":[{"id":299649,"href":"https:\/\/www.tucomarca.com\/wordpress\/segunda\/ca\/wp-json\/wp\/v2\/posts\/299641\/revisions\/299649"}],"wp:featuredmedia":[{"embeddable":true,"href":"https:\/\/www.tucomarca.com\/wordpress\/segunda\/ca\/wp-json\/wp\/v2\/media\/299634"}],"wp:attachment":[{"href":"https:\/\/www.tucomarca.com\/wordpress\/segunda\/ca\/wp-json\/wp\/v2\/media?parent=299641"}],"wp:term":[{"taxonomy":"category","embeddable":true,"href":"https:\/\/www.tucomarca.com\/wordpress\/segunda\/ca\/wp-json\/wp\/v2\/categories?post=299641"},{"taxonomy":"post_tag","embeddable":true,"href":"https:\/\/www.tucomarca.com\/wordpress\/segunda\/ca\/wp-json\/wp\/v2\/tags?post=299641"}],"curies":[{"name":"wp","href":"https:\/\/api.w.org\/{rel}","templated":true}]}}