{"id":299643,"date":"2026-04-22T12:30:00","date_gmt":"2026-04-22T10:30:00","guid":{"rendered":"https:\/\/www.tucomarca.com\/wordpress\/segunda\/?p=299643"},"modified":"2026-04-23T00:44:59","modified_gmt":"2026-04-22T22:44:59","slug":"la-diputacio-invertix-12-milions-en-la-recuperacio-de-30-joies-patrimonials-de-13-comarques-valencianes","status":"publish","type":"post","link":"https:\/\/www.tucomarca.com\/wordpress\/segunda\/ca\/la-diputacio-invertix-12-milions-en-la-recuperacio-de-30-joies-patrimonials-de-13-comarques-valencianes\/","title":{"rendered":"La Diputaci\u00f3 invertix 12 milions en la recuperaci\u00f3 de 30 joies patrimonials de 13 comarques valencianes"},"content":{"rendered":"\n<h3 class=\"wp-block-heading\">La vicepresidenta Nat\u00e0lia Enguix, responsable de Cooperaci\u00f3, anuncia els projectes aprovats en un pla de Recuperaci\u00f3 del Patrimoni que ha rescatat despr\u00e9s de huit anys: \u201ceste programa mai degu\u00e9 abandonar-se\u201d.<\/h3>\n\n\n\n<h3 class=\"wp-block-heading\">El president, Vicent Momp\u00f3, destaca la voluntat de la Diputaci\u00f3 de \u201ccontinuar actuant als castells, torres, palaus i ermites que guarden la nostra hist\u00f2ria amb altres cinc milions que atendran les sol\u00b7licituds presentades\u201d.<\/h3>\n\n\n\n<h3 class=\"wp-block-heading\">Entre els projectes finan\u00e7ats destaquen la recuperaci\u00f3 dels palaus de Benissuera, Quartell i Alfara del Patriarca, les torres de l&#8217;Eliana i Montroi, l&#8217;ermita de Teresa de Cofrentes, el mol\u00ed de Benifl\u00e0 i el monestir de X\u00e0tiva.<\/h3>\n\n\n\n<p>La Diputaci\u00f3 de Val\u00e8ncia ha anunciat este dimecres els 30 projectes aprovats en altres tants municipis per a la rehabilitaci\u00f3 de joies patrimonials de 13 comarques. Amb una inversi\u00f3 pr\u00f2xima als 12 milions d&#8217;euros, el Pla de Recuperaci\u00f3 del Patrimoni Valenci\u00e0 t\u00e9 com a objectiu \u201crestaurar b\u00e9ns immobles que aporten identitat al territori i ens acosten a la nostra hist\u00f2ria\u201d, ha explicat la vicepresidenta Nat\u00e1lia Enguix, qui ha considerat que el programa \u201cmai degu\u00e9 abandonar-se\u201d. Per part seua, el president, Vicent Momp\u00f3, ha avan\u00e7at la intenci\u00f3 de la corporaci\u00f3 d&#8217;ampliar el nombre de municipis beneficiats amb altres cinc milions d&#8217;euros: \u201cd&#8217;esta manera podrem atendre totes les sol\u00b7licituds presentades\u201d.<\/p>\n\n\n\n<p>Davant mig centenar d&#8217;alcaldes i alcaldesses, la responsable de Cooperaci\u00f3 Municipal i coordinadora del pla ha exposat una a una les actuacions que executaran els ajuntaments en els pr\u00f2xims mesos en edificis catalogats com BIC o B\u00e9ns de Rellev\u00e0ncia Local. \u201cEn esta primera convocat\u00f2ria, despr\u00e9s de huit anys sense que s&#8217;haja posat en marxa el programa, hem at\u00e9s totes les sol\u00b7licituds que hem pogut, per\u00f2 la nostra intenci\u00f3 \u00e9s no deixar a ning\u00fa fora i continuar recuperant el ric patrimoni que forma part de la hist\u00f2ria dels nostres pobles i comarques\u201d, ha afirmat Nat\u00e0lia Enguix en refer\u00e8ncia a l&#8217;ampliaci\u00f3 pressupost\u00e0ria anunciada pel president.<\/p>\n\n\n\n<p>Totes les actuacions finan\u00e7ades tenen un pressupost superior a 100.000 euros i poden rebre una subvenci\u00f3 de fins al mili\u00f3 d&#8217;euros en el cas de B\u00e9ns d&#8217;Inter\u00e9s Cultural i fins a 500.000 per als B\u00e9ns de Rellev\u00e0ncia Local. El 75% de l&#8217;ajuda concedida es pagar\u00e0 en el moment de l&#8217;adjudicaci\u00f3 de les obres i la resta despr\u00e9s de la justificaci\u00f3 dels treballs. \u201cParlem de castells, torres, palaus, ermites i altres edificis hist\u00f2rics en els quals la Diputaci\u00f3 continuar\u00e0 intervenint per a evitar la seua deterioraci\u00f3 i impulsar el seu impacte en el turisme\u201d, ha assenyalat el president Momp\u00f3.<\/p>\n\n\n\n<p>En paraules del m\u00e0xim responsable provincial, \u201chui estem ac\u00ed per a acabar amb un silenci administratiu que ha durat huit anys, per a respondre amb fets i inversi\u00f3 als qui vaticinaven que an\u00e0vem a condemnar a la par\u00e0lisi als nostres pobles per no tindre pressupost\u201d. La resposta del govern que encap\u00e7ala Momp\u00f3 \u00e9s \u201cel major impuls al patrimoni valenci\u00e0 en l&#8217;\u00faltima d\u00e8cada, una aposta estrat\u00e8gica que no \u00e9s un pla de xapa i pintura, sin\u00f3 un exemple de just\u00edcia territorial, d&#8217;invertir en la nostra hist\u00f2ria respectant el passat i mirant cap al futur, amb projectes que generen treball, creen turisme i donen motiu a la nostra gent perqu\u00e8 es quede a viure als seus pobles\u201d.<\/p>\n\n\n\n<p><strong>Projectes destacats<\/strong><\/p>\n\n\n\n<p>Entre els projectes que veuen la llum en este retorn del pla provincial de Recuperaci\u00f3 del Patrimoni Valenci\u00e0, destaquen la rehabilitaci\u00f3 del Palau dels Bellvis de Benissuera, amb una inversi\u00f3 de 950.000 euros; la recuperaci\u00f3 de les muralles que unixen les torres del castell de Castielfabib (512.000 euros); la rehabilitaci\u00f3 de la Torre del Virrei de l&#8217;Eliana (623.000 euros); la consolidaci\u00f3 del Palau dels Comtes Orbe i Pini\u00e9s de Quartell (500.000 euros); la restauraci\u00f3 de l&#8217;Ermita de la Santa Cruz de Teresa de Cofrentes (482.000 euros); l&#8217;habilitaci\u00f3 del Mol\u00ed Fariner de Benifl\u00e0 com a centre expositiu (500.000 euros); la rehabilitaci\u00f3 de la Torre de Montroi (816.000 euros); i les intervencions en el Reial Monestir de Santa Clara de X\u00e0tiva i el Palau de la Senyoria d&#8217;Alfara del Patriarca, les dos amb una aportaci\u00f3 d&#8217;un mili\u00f3 d&#8217;euros per part de la Diputaci\u00f3.<\/p>\n\n\n\n<p>En l&#8217;\u00e0mbit comarcal, comencem el recorregut per la Vall d&#8217;Albaida, amb una inversi\u00f3 de 2,2 milions d&#8217;euros en edificis hist\u00f2rics d&#8217;Aielo de Malferit, Bell\u00fas, Llutxent, la Pobla del Duc i Benissuera. Li seguixen el Camp de T\u00faria, amb actuacions a Benissan\u00f3, Olocau, Serra i l&#8217;Eliana per import d&#8217;1,4 milions; i l&#8217;Horta, amb una assignaci\u00f3 conjunta d&#8217;1,4 milions per a les intervencions a Vinalesa, Albalat dels Sorells i Alfara del Patriarca (l&#8217;Horta Nord) i a Beniparrell (l&#8217;Horta Sud).<\/p>\n\n\n\n<p>Tamb\u00e9 per damunt del mili\u00f3 d&#8217;euros en dotaci\u00f3 patrimonial es troben la Costera, amb projectes a Moixent i X\u00e0tiva; la Safor, amb actuacions a Potries, R\u00f2tova, Almoines i Benifl\u00e0; i la Ribera Alta, amb treballs de restauraci\u00f3 del patrimoni a Guadassuar i Montroi. El llistat el completen el Valle de Ayora, amb 822.000 euros per a Cortes de Pall\u00e1s i Teresa de Cofrentes; el Camp de Morvedre, amb 757.000 euros per a Canet d&#8217;en Berenguer i Quartell; el Rinc\u00f3n de Ademuz, amb 662.000 euros per a Torrebaja i Castielfabib; la Serran\u00eda, amb una \u00fanica actuaci\u00f3 en Alpuente (333.000 euros); la Canal de Navarr\u00e9s, amb 268.000 euros per a Bolbaite; i la plana Utiel-Requena, que t\u00e9 aprovada la sol\u00b7licitud de Chera per valor de 243.000 euros.<\/p>\n\n\n\n<p>La vicepresidenta Enguix ha explicat que \u201calgunes de les actuacions donen resposta a edificis afectats per la dana, i altres simplement serviran per a millorar les condicions d&#8217;immobles amb un important valor patrimonial que han patit una greu deterioraci\u00f3 al no actuar en la seua conservaci\u00f3\u201d. El president Momp\u00f3, per part seua, ha insistit que \u201cno hem vingut a administrar la nost\u00e0lgia del que vam ser, sin\u00f3 a construir l&#8217;orgull del que som, rescatant de l&#8217;oblit els nostres palaus, castells i ermites i fent l&#8217;esfor\u00e7 que mereix la nostra hist\u00f2ria\u201d.<\/p>\n\n\n\n<figure class=\"wp-block-image size-large\"><img loading=\"lazy\" decoding=\"async\" width=\"1024\" height=\"665\" src=\"https:\/\/www.tucomarca.com\/wordpress\/segunda\/wp-content\/uploads\/2026\/04\/DipuPatrimonio-1024x665.jpg\" alt=\"\" class=\"wp-image-299629\" srcset=\"https:\/\/www.tucomarca.com\/wordpress\/segunda\/wp-content\/uploads\/2026\/04\/DipuPatrimonio-1024x665.jpg 1024w, https:\/\/www.tucomarca.com\/wordpress\/segunda\/wp-content\/uploads\/2026\/04\/DipuPatrimonio-300x195.jpg 300w, https:\/\/www.tucomarca.com\/wordpress\/segunda\/wp-content\/uploads\/2026\/04\/DipuPatrimonio-768x499.jpg 768w, https:\/\/www.tucomarca.com\/wordpress\/segunda\/wp-content\/uploads\/2026\/04\/DipuPatrimonio-1536x998.jpg 1536w, https:\/\/www.tucomarca.com\/wordpress\/segunda\/wp-content\/uploads\/2026\/04\/DipuPatrimonio-2048x1331.jpg 2048w\" sizes=\"auto, (max-width: 1024px) 100vw, 1024px\" \/><\/figure>\n\n\n\n<p><\/p>\n\n\n\n<p><strong>Impuls econ\u00f2mic i empremta permanent<\/strong><\/p>\n\n\n\n<p>En la mateixa l\u00ednia s&#8217;ha expressat l&#8217;arquitecte Tirso \u00c1vila, t\u00e8cnic especialista en intervenci\u00f3 en Patrimoni, en assegurar que el pla de subvencions impulsat per la Diputaci\u00f3 \u201csuposa la recuperaci\u00f3 d&#8217;una tradici\u00f3 important de suport al patrimoni immoble de la prov\u00edncia\u201d. Una de les grans virtuts del programa, en opini\u00f3 de l&#8217;expert, \u201c\u00e9s que el promou una administraci\u00f3 que coneix de primera m\u00e0 el territori, amb una visi\u00f3 directa dels municipis, de les seues necessitats i de les dificultats que afronten\u201d.<\/p>\n\n\n\n<p>El mateix Tirso \u00c1vila ha recordat que existixen \u201caltres l\u00ednies d&#8217;ajudes des de diferents administracions, per\u00f2 moltes vegades responen a criteris estrictament t\u00e8cnics que deixen fora a xicotets municipis, que no sempre tenen la capacitat per a desenvolupar projectes complexos\u201d. En este sentit, \u201cla Diputaci\u00f3 exercix un paper clau, no sols aportant finan\u00e7ament, sin\u00f3 tamb\u00e9 facilitant la gesti\u00f3 i fent viables les actuacions\u201d, ha apuntat el t\u00e8cnic.<\/p>\n\n\n\n<p>\u00c0vila \u00e9s a m\u00e9s responsable d&#8217;alguns dels projectes que han sigut aprovats pels t\u00e8cnics de l&#8217;\u00e0rea provincial de Cooperaci\u00f3. En refer\u00e8ncia al que suposaran estes actuacions en els municipis, ha destacat que els treballs \u201cgeneren una primera activitat econ\u00f2mica directa, que \u00e9s la pr\u00f2pia obra, per\u00f2 a m\u00e9s deixen una empremta permanent en el territori, en tractar-se d&#8217;una inversi\u00f3 sostenible que enriquix el patrimoni, dinamitza l&#8217;economia local i obri la porta a noves activitats culturals i tur\u00edstiques\u201d, ha concl\u00f2s.<\/p>\n","protected":false},"excerpt":{"rendered":"<div class=\"mh-excerpt\">La vicepresidenta Nat\u00e0lia Enguix, responsable de Cooperaci\u00f3, anuncia els projectes aprovats en un pla de Recuperaci\u00f3 del Patrimoni que ha rescatat despr\u00e9s de huit anys: \u201ceste programa mai degu\u00e9 abandonar-se\u201d. El president, Vicent Momp\u00f3, destaca <a class=\"mh-excerpt-more\" href=\"https:\/\/www.tucomarca.com\/wordpress\/segunda\/ca\/la-diputacio-invertix-12-milions-en-la-recuperacio-de-30-joies-patrimonials-de-13-comarques-valencianes\/\" title=\"La Diputaci\u00f3 invertix 12 milions en la recuperaci\u00f3 de 30 joies patrimonials de 13 comarques valencianes\">[+] <\/a><\/div>\n","protected":false},"author":1,"featured_media":299632,"comment_status":"closed","ping_status":"open","sticky":false,"template":"","format":"standard","meta":{"footnotes":""},"categories":[10890,10954,10951,11044,10938,10966,10892,10925,11054,10953,11046,10898,10994,10963,10904,10902,10893,11001,10935,10909,10933,10958,10961],"tags":[11097,11216,10899,11246,11077,11928,11080,10910],"class_list":{"0":"post-299643","1":"post","2":"type-post","3":"status-publish","4":"format-standard","5":"has-post-thumbnail","7":"category-ademus","8":"category-ayora-ca","9":"category-ayora-cofrentes-ca","10":"category-alpuente-ca","11":"category-benisano-ca","12":"category-bolbaite-ca","13":"category-camp-de-turia-ca","14":"category-castielfabib-ca","15":"category-chera-ca","16":"category-cortes-de-pallas-ca","17":"category-los-serranos-ca","18":"category-ventana-ca","19":"category-guadassuar-ca","20":"category-la-canal-de-navarres-ca","21":"category-sin-categorizar-ca","22":"category-la-ribera-ca","23":"category-leliana-ca","24":"category-montroi-ca","25":"category-olocau-ca","26":"category-requena-utiel-ca","27":"category-serra-ca","28":"category-teresa-de-cofrentes-ca","29":"category-torrebaja-ca","30":"tag-ademuz-ca","31":"tag-ayora-cofrentes-ca","32":"tag-camp-de-turia-ca","33":"tag-diputacio-de-valencia-ca","34":"tag-la-ribera-alta-ca","35":"tag-la-serrania-ca","36":"tag-los-serranos-ca","37":"tag-requena-utiel-ca"},"_links":{"self":[{"href":"https:\/\/www.tucomarca.com\/wordpress\/segunda\/ca\/wp-json\/wp\/v2\/posts\/299643","targetHints":{"allow":["GET"]}}],"collection":[{"href":"https:\/\/www.tucomarca.com\/wordpress\/segunda\/ca\/wp-json\/wp\/v2\/posts"}],"about":[{"href":"https:\/\/www.tucomarca.com\/wordpress\/segunda\/ca\/wp-json\/wp\/v2\/types\/post"}],"author":[{"embeddable":true,"href":"https:\/\/www.tucomarca.com\/wordpress\/segunda\/ca\/wp-json\/wp\/v2\/users\/1"}],"replies":[{"embeddable":true,"href":"https:\/\/www.tucomarca.com\/wordpress\/segunda\/ca\/wp-json\/wp\/v2\/comments?post=299643"}],"version-history":[{"count":2,"href":"https:\/\/www.tucomarca.com\/wordpress\/segunda\/ca\/wp-json\/wp\/v2\/posts\/299643\/revisions"}],"predecessor-version":[{"id":299646,"href":"https:\/\/www.tucomarca.com\/wordpress\/segunda\/ca\/wp-json\/wp\/v2\/posts\/299643\/revisions\/299646"}],"wp:featuredmedia":[{"embeddable":true,"href":"https:\/\/www.tucomarca.com\/wordpress\/segunda\/ca\/wp-json\/wp\/v2\/media\/299632"}],"wp:attachment":[{"href":"https:\/\/www.tucomarca.com\/wordpress\/segunda\/ca\/wp-json\/wp\/v2\/media?parent=299643"}],"wp:term":[{"taxonomy":"category","embeddable":true,"href":"https:\/\/www.tucomarca.com\/wordpress\/segunda\/ca\/wp-json\/wp\/v2\/categories?post=299643"},{"taxonomy":"post_tag","embeddable":true,"href":"https:\/\/www.tucomarca.com\/wordpress\/segunda\/ca\/wp-json\/wp\/v2\/tags?post=299643"}],"curies":[{"name":"wp","href":"https:\/\/api.w.org\/{rel}","templated":true}]}}