{"id":299657,"date":"2026-04-23T10:30:00","date_gmt":"2026-04-23T08:30:00","guid":{"rendered":"https:\/\/www.tucomarca.com\/wordpress\/segunda\/?p=299657"},"modified":"2026-04-23T19:34:50","modified_gmt":"2026-04-23T17:34:50","slug":"requena-i-utiel-recuperen-el-subministrament-electric-despres-duna-caiguda-de-cinc-hores-per-laccident-dun-camio","status":"publish","type":"post","link":"https:\/\/www.tucomarca.com\/wordpress\/segunda\/ca\/requena-i-utiel-recuperen-el-subministrament-electric-despres-duna-caiguda-de-cinc-hores-per-laccident-dun-camio\/","title":{"rendered":"Requena i Utiel recuperen el subministrament el\u00e8ctric despr\u00e9s d&#8217;una caiguda de cinc hores per l&#8217;accident d&#8217;un cami\u00f3"},"content":{"rendered":"\n<p>Un accident de tr\u00e0nsit ocorregut la vesprada d\u2019este dimecres va provocar un apag\u00f3 el\u00e8ctric que va afectar els municipis de Requena i Utiel, aix\u00ed com les seues pedanies, deixant sense subministrament al voltant de 32.000 ve\u00efns durant m\u00e9s de cinc hores.<\/p>\n\n\n\n<p>L\u2019incident va tindre lloc cap a les 16:00 hores, quan un cami\u00f3 va impactar contra una l\u00ednia de molt alta tensi\u00f3 de 132 kV, una de les principals infraestructures de transport el\u00e8ctric que abasteix ambdues localitats. Com a conseq\u00fc\u00e8ncia, les subestacions que distribueixen l\u2019electricitat van quedar fora de servei a partir de les 16:30 hores. A m\u00e9s, la l\u00ednia secund\u00e0ria es trobava en manteniment, cosa que va impedir oferir una alternativa de subministrament.<\/p>\n\n\n\n<p>L\u2019apag\u00f3 no sols va afectar el subministrament el\u00e8ctric, sin\u00f3 tamb\u00e9 les comunicacions telef\u00f2niques en diversos punts de la comarca. Davant la situaci\u00f3, els ajuntaments de Requena i Utiel van informar la ciutadania a trav\u00e9s dels seus canals oficials i van mantindre contacte permanent amb l\u2019empresa subministradora per a seguir l\u2019evoluci\u00f3 de la incid\u00e8ncia.<\/p>\n\n\n\n<p>Durant la vesprada, el restabliment del servei es va produir de manera progressiva. A Utiel, m\u00e9s de la meitat del municipi va recuperar la llum cap a les 19:30 hores, mentre que a Requena alguns barris van comen\u00e7ar a disposar de subministrament abans de les 20:00 hores. Finalment, la companyia el\u00e8ctrica va aconseguir restablir el servei en la seua totalitat al voltant de les 21:20 hores.<\/p>\n\n\n\n<p>Com a mesura preventiva, es van habilitar grups electr\u00f2gens per a garantir el funcionament dels centres sanitaris. Malgrat la r\u00e0pida actuaci\u00f3, les autoritats assenyalen que encara \u00e9s prompte per a avaluar l\u2019abast total de les possibles afeccions derivades d\u2019este apag\u00f3.<\/p>\n","protected":false},"excerpt":{"rendered":"<div class=\"mh-excerpt\">Un accident de tr\u00e0nsit ocorregut la vesprada d\u2019este dimecres va provocar un apag\u00f3 el\u00e8ctric que va afectar els municipis de Requena i Utiel, aix\u00ed com les seues pedanies, deixant sense subministrament al voltant de 32.000 <a class=\"mh-excerpt-more\" href=\"https:\/\/www.tucomarca.com\/wordpress\/segunda\/ca\/requena-i-utiel-recuperen-el-subministrament-electric-despres-duna-caiguda-de-cinc-hores-per-laccident-dun-camio\/\" title=\"Requena i Utiel recuperen el subministrament el\u00e8ctric despr\u00e9s d&#8217;una caiguda de cinc hores per l&#8217;accident d&#8217;un cami\u00f3\">[+] <\/a><\/div>\n","protected":false},"author":12,"featured_media":263584,"comment_status":"closed","ping_status":"open","sticky":false,"template":"","format":"standard","meta":{"footnotes":""},"categories":[10898,10948,10894,10908,10909,10896,10897,11059],"tags":[10910],"class_list":{"0":"post-299657","1":"post","2":"type-post","3":"status-publish","4":"format-standard","5":"has-post-thumbnail","7":"category-ventana-ca","8":"category-infraestructuras-ca","9":"category-la-comarca-ca","10":"category-requena-ca","11":"category-requena-utiel-ca","12":"category-seccion-ca","13":"category-sucesos-la-comarca-ca","14":"category-utiel-ca","15":"tag-requena-utiel-ca"},"_links":{"self":[{"href":"https:\/\/www.tucomarca.com\/wordpress\/segunda\/ca\/wp-json\/wp\/v2\/posts\/299657","targetHints":{"allow":["GET"]}}],"collection":[{"href":"https:\/\/www.tucomarca.com\/wordpress\/segunda\/ca\/wp-json\/wp\/v2\/posts"}],"about":[{"href":"https:\/\/www.tucomarca.com\/wordpress\/segunda\/ca\/wp-json\/wp\/v2\/types\/post"}],"author":[{"embeddable":true,"href":"https:\/\/www.tucomarca.com\/wordpress\/segunda\/ca\/wp-json\/wp\/v2\/users\/12"}],"replies":[{"embeddable":true,"href":"https:\/\/www.tucomarca.com\/wordpress\/segunda\/ca\/wp-json\/wp\/v2\/comments?post=299657"}],"version-history":[{"count":2,"href":"https:\/\/www.tucomarca.com\/wordpress\/segunda\/ca\/wp-json\/wp\/v2\/posts\/299657\/revisions"}],"predecessor-version":[{"id":299659,"href":"https:\/\/www.tucomarca.com\/wordpress\/segunda\/ca\/wp-json\/wp\/v2\/posts\/299657\/revisions\/299659"}],"wp:featuredmedia":[{"embeddable":true,"href":"https:\/\/www.tucomarca.com\/wordpress\/segunda\/ca\/wp-json\/wp\/v2\/media\/263584"}],"wp:attachment":[{"href":"https:\/\/www.tucomarca.com\/wordpress\/segunda\/ca\/wp-json\/wp\/v2\/media?parent=299657"}],"wp:term":[{"taxonomy":"category","embeddable":true,"href":"https:\/\/www.tucomarca.com\/wordpress\/segunda\/ca\/wp-json\/wp\/v2\/categories?post=299657"},{"taxonomy":"post_tag","embeddable":true,"href":"https:\/\/www.tucomarca.com\/wordpress\/segunda\/ca\/wp-json\/wp\/v2\/tags?post=299657"}],"curies":[{"name":"wp","href":"https:\/\/api.w.org\/{rel}","templated":true}]}}