{"id":299670,"date":"2026-04-23T10:45:00","date_gmt":"2026-04-23T08:45:00","guid":{"rendered":"https:\/\/www.tucomarca.com\/wordpress\/segunda\/?p=299670"},"modified":"2026-04-23T19:32:20","modified_gmt":"2026-04-23T17:32:20","slug":"lfvmp-distingix-els-projectes-de-19-municipis-i-una-mancomunitat-en-lviii-edicio-dels-premis-al-bon-govern","status":"publish","type":"post","link":"https:\/\/www.tucomarca.com\/wordpress\/segunda\/ca\/lfvmp-distingix-els-projectes-de-19-municipis-i-una-mancomunitat-en-lviii-edicio-dels-premis-al-bon-govern\/","title":{"rendered":"L\u2019FVMP distingix els projectes de 19 municipis i una mancomunitat en l\u2019VIII edici\u00f3 dels Premis al Bon Govern\u00a0"},"content":{"rendered":"\n<h3 class=\"wp-block-heading\">La instituci\u00f3 reivindica la pol\u00edtica del di\u00e0leg i la proximitat en un acte celebrat a l\u2019IVAM.<\/h3>\n\n\n\n<p>La Federaci\u00f3 Valenciana de Municipis i Prov\u00edncies ha celebrat este dimecres a l\u2019IVAM l\u2019acte d\u2019entrega dels <strong>Premis al Bon Govern<\/strong>, una iniciativa que reconeix les millors pr\u00e0ctiques impulsades pels ajuntaments de la Comunitat Valenciana i que enguany s\u2019han concedit <strong>a 19 municipis i una mancomunitat<\/strong> (9 municipis corresponents a l\u2019edici\u00f3 de 2024 i 10 municipis i una mancomunitat en l\u2019edici\u00f3 de 2025).<\/p>\n\n\n\n<p>Els guardons, que celebren enguany la seua octava edici\u00f3, han reconegut els <strong>projectes de les edicions 2024 i 2025<\/strong>, ja que els de 2024 no es van poder celebrar a causa de la DANA del 29 d\u2019octubre d\u2019aquell any. L\u2019acte s\u2019ha celebrat, a m\u00e9s, en el marc de la commemoraci\u00f3 del 47 aniversari de la constituci\u00f3 dels ajuntaments democr\u00e0tics a Espanya el 3 d\u2019abril de 1979.<\/p>\n\n\n\n<p>A l\u2019acte han assistit la vicepresidenta primera de la Generalitat i consellera de Vivenda, Ocupaci\u00f3, Joventut i Igualtat, <strong>Susana Camarero<\/strong>; la consellera de Servicis Socials, Fam\u00edlia i Inf\u00e0ncia, <strong>Elena Albalat<\/strong>; el conseller d\u2019Emerg\u00e8ncies i Interior, <strong>Juan Carlos Valderrama<\/strong>, i la consellera de Just\u00edcia, Transpar\u00e8ncia i Participaci\u00f3, <strong>Nuria Mart\u00ednez<\/strong>.&nbsp;<\/p>\n\n\n\n<p>Durant l\u2019acte, la presidenta de l\u2019FVMP, <strong>Paqui Bartual<\/strong>, ha assegurat que esta celebraci\u00f3 simbolitza \u201cuna de les raons de ser de la Federaci\u00f3: el suport constant als nostres municipis i el reconeixement d\u2019un treball que, dia rere dia, es fa des dels ajuntaments\u201d. Despr\u00e9s de subratllar que \u201c\u00e9s en els municipis on es posen les bases del que despr\u00e9s anomenem \u2018la gran pol\u00edtica\u2019\u201d, ha afirmat que \u201cen un m\u00f3n cada vegada m\u00e9s complex, el municipalisme \u00e9s hui m\u00e9s necessari que mai\u201d.<\/p>\n\n\n\n<p>Ha reivindicat, a m\u00e9s, el paper del municipalisme com a espai de trobada i soluci\u00f3: \u201cLa bona pol\u00edtica no \u00e9s la que fa m\u00e9s soroll, sin\u00f3 la que dona millors respostes a la ciutadania\u201d. En esta l\u00ednia, ha defensat \u201cuna pol\u00edtica m\u00e9s serena, basada en l\u2019escolta, el sentit com\u00fa i la voluntat d\u2019arribar a acords\u201d.<\/p>\n\n\n\n<figure class=\"wp-block-gallery has-nested-images columns-default is-cropped wp-block-gallery-1 is-layout-flex wp-block-gallery-is-layout-flex\">\n<figure class=\"wp-block-image size-large\"><img loading=\"lazy\" decoding=\"async\" width=\"945\" height=\"638\" data-id=\"299665\" src=\"https:\/\/www.tucomarca.com\/wordpress\/segunda\/wp-content\/uploads\/2026\/04\/FVMP-presidentaPaquiBartual.jpg\" alt=\"\" class=\"wp-image-299665\" srcset=\"https:\/\/www.tucomarca.com\/wordpress\/segunda\/wp-content\/uploads\/2026\/04\/FVMP-presidentaPaquiBartual.jpg 945w, https:\/\/www.tucomarca.com\/wordpress\/segunda\/wp-content\/uploads\/2026\/04\/FVMP-presidentaPaquiBartual-300x203.jpg 300w, https:\/\/www.tucomarca.com\/wordpress\/segunda\/wp-content\/uploads\/2026\/04\/FVMP-presidentaPaquiBartual-768x519.jpg 768w\" sizes=\"auto, (max-width: 945px) 100vw, 945px\" \/><\/figure>\n\n\n\n<figure class=\"wp-block-image size-large\"><img loading=\"lazy\" decoding=\"async\" width=\"945\" height=\"638\" data-id=\"299667\" src=\"https:\/\/www.tucomarca.com\/wordpress\/segunda\/wp-content\/uploads\/2026\/04\/FVMP-SusanaCamarero.jpg\" alt=\"\" class=\"wp-image-299667\" srcset=\"https:\/\/www.tucomarca.com\/wordpress\/segunda\/wp-content\/uploads\/2026\/04\/FVMP-SusanaCamarero.jpg 945w, https:\/\/www.tucomarca.com\/wordpress\/segunda\/wp-content\/uploads\/2026\/04\/FVMP-SusanaCamarero-300x203.jpg 300w, https:\/\/www.tucomarca.com\/wordpress\/segunda\/wp-content\/uploads\/2026\/04\/FVMP-SusanaCamarero-768x519.jpg 768w\" sizes=\"auto, (max-width: 945px) 100vw, 945px\" \/><\/figure>\n<\/figure>\n\n\n\n<p>La presidenta ha destacat tamb\u00e9 el comprom\u00eds de la Federaci\u00f3 amb tots els municipis, especialment els m\u00e9s xicotets: \u201cVolem que cap ajuntament se senta sol. El municipalisme \u00e9s la base de la nostra democr\u00e0cia i hem de cuidar-lo, refor\u00e7ar-lo i escoltar-lo\u201d.<\/p>\n\n\n\n<p>Per la seua part, durant la cloenda de l\u2019acte, la vicepresidenta primera de la Generalitat i consellera de Vivenda, Ocupaci\u00f3, Joventut i Igualtat,<strong> Susana Camarero<\/strong>, ha recordat que els municipis s\u00f3n \u201cl\u2019administraci\u00f3 p\u00fablica m\u00e9s pr\u00f2xima, la m\u00e9s humana, la que coneix els noms, els problemes i les il\u00b7lusions de la seua gent, i \u00e9s precisament des d\u2019eixa proximitat des d\u2019on naixen les pol\u00edtiques m\u00e9s transformadores\u201d.<\/p>\n\n\n\n<p>Ha felicitat els 20 projectes premiats, dels quals ha destacat que \u201cdemostren que la bona gesti\u00f3 p\u00fablica \u00e9s possible, necess\u00e0ria i transformadora\u201d.&nbsp;<\/p>\n\n\n\n<p><strong>Projectes premiats<\/strong><\/p>\n\n\n\n<p><strong>En l\u2019edici\u00f3 de 2024, els projectes premiats s\u00f3n els seg\u00fcents:&nbsp;<\/strong><\/p>\n\n\n\n<p>\u2022 <strong>Categoria 1<\/strong>. Desenrotllament local, ocupaci\u00f3 i comer\u00e7. Projecte premiat: \u201cRevitalizaci\u00f3n del mercado municipal y zona comercial adyacente\u201d. Ajuntament de Silla.<\/p>\n\n\n\n<p>\u2022 <strong>Categoria 2<\/strong>. Foment de la salut p\u00fablica. Projecte premiat: \u201cViure Saludable-ment\u201d. Ajuntament de Quart de Poblet.<\/p>\n\n\n\n<p>\u2022 <strong>Categoria 3<\/strong>. Pol\u00edtiques socials, igualtat i integraci\u00f3. Projecte premiat: \u201c+ Energ\u00eda\u201d. Ajuntament d\u2019Orihuela.&nbsp;<\/p>\n\n\n\n<p>\u2022 <strong>Categoria 4<\/strong>. Transpar\u00e8ncia i foment de la participaci\u00f3 ciutadana. Projecte premiat: \u201cPrograma de foment de la participaci\u00f3 ciutadana de Benavites\u201d. Ajuntament de Benavites.&nbsp;<\/p>\n\n\n\n<p>\u2022 <strong>Categoria 5<\/strong>. Educaci\u00f3, cultura, esport i promoci\u00f3 del valenci\u00e0. Projecte premiat: \u201cDe Rafal a Par\u00eds\u201d. Ajuntament de Rafal.<\/p>\n\n\n\n<p>\u2022 <strong>Categoria 6<\/strong>. Desenrotllament rural, agricultura i respecte pel medi ambient. Projecte premiat: \u201cRegeneraci\u00f3n de la playa Rac\u00f3 de Mar\u201d. Ajuntament de Canet d\u2019en Berenguer.&nbsp;<\/p>\n\n\n\n<p>\u2022 <strong>Categoria 7<\/strong>. Gesti\u00f3 de projectes europeus i sostenibilitat territorial. Projecte premiat: \u201cAsistente virtual inteligente\u201d. Ajuntament d\u2019Alacant.&nbsp;<\/p>\n\n\n\n<p>\u2022 <strong>Categoria 8<\/strong>. Divulgaci\u00f3 i protecci\u00f3 de drets i llibertats. Categoria deserta.<\/p>\n\n\n\n<p>\u2022 <strong>Categoria 9<\/strong>. Festes i tradicions. Projecte premiat: \u201cTradici\u00f3n viva y participaci\u00f3n ciudadana\u201d. Ajuntament d\u2019Anna.&nbsp;<\/p>\n\n\n\n<p>\u2022 <strong>Categoria 10<\/strong>. Turisme. Projecte premiat: \u201cConciertos en los vestigios b\u00e9licos de Nules\u201d. Ajuntament de Nules.<\/p>\n\n\n\n<p><strong>En l\u2019edici\u00f3 de 2025 els premiats s\u00f3n:&nbsp;<\/strong><\/p>\n\n\n\n<p>\u2022 <strong>Categoria 1<\/strong>. Desenrotllament local, ocupaci\u00f3 i comer\u00e7. Projecte premiat: \u201cFostering integral NEETs development\u201d. Ajuntament d\u2019Alzira.<\/p>\n\n\n\n<p>\u2022 <strong>Categoria 2<\/strong>. Foment de la salut p\u00fablica. Projecte premiat: \u201cM\u00e1s rutas, m\u00e1s salud\u201d. Ajuntament de Cortes de Arenoso.&nbsp;<\/p>\n\n\n\n<p>\u2022 <strong>Categoria 3<\/strong>. Pol\u00edtiques socials, igualtat i integraci\u00f3. Projecte premiat: \u201cSanem Comunitat\u201d. Ajuntament d\u2019Aldaia.&nbsp;<\/p>\n\n\n\n<p>\u2022 <strong>Categoria 4<\/strong>. Transpar\u00e8ncia i foment de la participaci\u00f3 ciutadana. Projecte premiat: \u201cVLC Participa\u201d. Ajuntament de Val\u00e8ncia.&nbsp;<\/p>\n\n\n\n<p>\u2022 <strong>Categoria 5<\/strong>. Educaci\u00f3 i promoci\u00f3 del valenci\u00e0. Projecte premiat: \u201cJuga amb la llengua\u201d. Ajuntament de Silla.<\/p>\n\n\n\n<p>\u2022 <strong>Categoria 6<\/strong>. Desenrotllament rural, agricultura i respecte pel medi ambient. Projecte premiat 1: \u201cNo llances res\u201d. Ajuntament d\u2019Onda. Projecte premiat 2: \u201cSomos Benic\u00e0ssim, somos medio ambiente\u201d. Ajuntament de Benic\u00e0ssim.<\/p>\n\n\n\n<p>\u2022 <strong>Categoria 7<\/strong>. Gesti\u00f3 de projectes europeus i sostenibilitat territorial. Projecte premiat: \u201cProyecto europeo ReCUP. Reinventando la cultura\u201d. Mancomunitat de l\u2019Horta Nord.&nbsp;<\/p>\n\n\n\n<p>\u2022 <strong>Categoria 8<\/strong>. Cultura i esport. Projecte premiat: \u201cRehabilitaci\u00f3n edificio \u2018La Muy Noble\u2019 y creaci\u00f3n de la nueva biblioteca municipal\u201d. Ajuntament de l\u2019Alcora.&nbsp;<\/p>\n\n\n\n<p>\u2022 <strong>Categoria 9<\/strong>. Festes i tradicions. Projecte premiat: \u201cRehabilitaci\u00f3n de la antigua estaci\u00f3n de RENFE\u201d. Ajuntament de Benaguasil.&nbsp;<\/p>\n\n\n\n<p>\u2022 <strong>Categoria 10<\/strong>. Turisme. Projecte premiat: \u201cParaje termal Fuente de los Ba\u00f1os\u201d. Ajuntament de Montanejos.&nbsp;<\/p>\n","protected":false},"excerpt":{"rendered":"<div class=\"mh-excerpt\">La instituci\u00f3 reivindica la pol\u00edtica del di\u00e0leg i la proximitat en un acte celebrat a l\u2019IVAM. La Federaci\u00f3 Valenciana de Municipis i Prov\u00edncies ha celebrat este dimecres a l\u2019IVAM l\u2019acte d\u2019entrega dels Premis al Bon <a class=\"mh-excerpt-more\" href=\"https:\/\/www.tucomarca.com\/wordpress\/segunda\/ca\/lfvmp-distingix-els-projectes-de-19-municipis-i-una-mancomunitat-en-lviii-edicio-dels-premis-al-bon-govern\/\" title=\"L\u2019FVMP distingix els projectes de 19 municipis i una mancomunitat en l\u2019VIII edici\u00f3 dels Premis al Bon Govern\u00a0\">[+] <\/a><\/div>\n","protected":false},"author":12,"featured_media":299664,"comment_status":"closed","ping_status":"open","sticky":false,"template":"","format":"standard","meta":{"footnotes":""},"categories":[10889,10964,10952,10892,10898,10948,10963,10894,10904,10902,10947,10906,10896],"tags":[14393,24200],"class_list":{"0":"post-299670","1":"post","2":"type-post","3":"status-publish","4":"format-standard","5":"has-post-thumbnail","7":"category-alzira-cat","8":"category-anna-ca","9":"category-benaguasil-ca","10":"category-camp-de-turia-ca","11":"category-ventana-ca","12":"category-infraestructuras-ca","13":"category-la-canal-de-navarres-ca","14":"category-la-comarca-ca","15":"category-sin-categorizar-ca","16":"category-la-ribera-ca","17":"category-politica","18":"category-riba-roja-ca","19":"category-seccion-ca","20":"tag-fvmp-ca","21":"tag-premis-al-bon-govern"},"_links":{"self":[{"href":"https:\/\/www.tucomarca.com\/wordpress\/segunda\/ca\/wp-json\/wp\/v2\/posts\/299670","targetHints":{"allow":["GET"]}}],"collection":[{"href":"https:\/\/www.tucomarca.com\/wordpress\/segunda\/ca\/wp-json\/wp\/v2\/posts"}],"about":[{"href":"https:\/\/www.tucomarca.com\/wordpress\/segunda\/ca\/wp-json\/wp\/v2\/types\/post"}],"author":[{"embeddable":true,"href":"https:\/\/www.tucomarca.com\/wordpress\/segunda\/ca\/wp-json\/wp\/v2\/users\/12"}],"replies":[{"embeddable":true,"href":"https:\/\/www.tucomarca.com\/wordpress\/segunda\/ca\/wp-json\/wp\/v2\/comments?post=299670"}],"version-history":[{"count":2,"href":"https:\/\/www.tucomarca.com\/wordpress\/segunda\/ca\/wp-json\/wp\/v2\/posts\/299670\/revisions"}],"predecessor-version":[{"id":299691,"href":"https:\/\/www.tucomarca.com\/wordpress\/segunda\/ca\/wp-json\/wp\/v2\/posts\/299670\/revisions\/299691"}],"wp:featuredmedia":[{"embeddable":true,"href":"https:\/\/www.tucomarca.com\/wordpress\/segunda\/ca\/wp-json\/wp\/v2\/media\/299664"}],"wp:attachment":[{"href":"https:\/\/www.tucomarca.com\/wordpress\/segunda\/ca\/wp-json\/wp\/v2\/media?parent=299670"}],"wp:term":[{"taxonomy":"category","embeddable":true,"href":"https:\/\/www.tucomarca.com\/wordpress\/segunda\/ca\/wp-json\/wp\/v2\/categories?post=299670"},{"taxonomy":"post_tag","embeddable":true,"href":"https:\/\/www.tucomarca.com\/wordpress\/segunda\/ca\/wp-json\/wp\/v2\/tags?post=299670"}],"curies":[{"name":"wp","href":"https:\/\/api.w.org\/{rel}","templated":true}]}}