{"id":299676,"date":"2026-04-23T11:30:00","date_gmt":"2026-04-23T09:30:00","guid":{"rendered":"https:\/\/www.tucomarca.com\/wordpress\/segunda\/?p=299676"},"modified":"2026-04-23T19:37:10","modified_gmt":"2026-04-23T17:37:10","slug":"__trashed-8","status":"publish","type":"post","link":"https:\/\/www.tucomarca.com\/wordpress\/segunda\/ca\/__trashed-8\/","title":{"rendered":"Denunciat l&#8217;amo de quatre galls quan tornava d&#8217;una baralla clandestina a Carlet"},"content":{"rendered":"\n<h3 class=\"wp-block-heading\">Els animals presentaven no sols lesions derivades de la \u201cpreparaci\u00f3\u201d al fet que se sotmeten aquests animals, sin\u00f3 tamb\u00e9 fruit del combat amb altres animals.<\/h3>\n\n\n\n<p>La Gu\u00e0rdia Civil ha denunciat a Carlet a l&#8217;amo de quatre galls emprats per a combats clandestins per diverses infraccions a la llei de Protecci\u00f3, Benestar i Tinen\u00e7a d&#8217;Animals de Companyia i altres mesures de benestar animal.<\/p>\n\n\n\n<p>L&#8217;actuaci\u00f3 va tindre lloc a Carlet el passat 29 de mar\u00e7 a la nit, quan una patrulla es trobava realitzant un dispositiu operatiu en via p\u00fablica. Van donar l&#8217;alt a un vehicle que desprenia una forta olor i van poder comprovar com en el maleter portava dos galls i en el seient posterior altres dos amb evidents signes de maltractament i de ser emprats per al seu \u00fas en baralles de galls clandestines.<\/p>\n\n\n\n<p>El propietari dels galls, que no va poder acreditar el seu leg\u00edtim origen amb cap document, va informar que efectivament \u201cvenia d&#8217;una trobada entre galls\u201d celebrat a Carlet. Els galls presentaven m\u00faltiples ferides i la incrustaci\u00f3 de materials r\u00edgids en els esperons per a la seua utilitzaci\u00f3 en \u201cbaralles de galls\u201d.<\/p>\n\n\n\n<p>Per aquests fets, se&#8217;l va informar que els galls quedarien a la disposici\u00f3 de l&#8217;autoritat judicial i que anava a ser proposat per a sanci\u00f3 per la provocaci\u00f3 intencionada de baralla d&#8217;animals, la no identificaci\u00f3 amb anella de dues de les quatre aus, una infracci\u00f3 per les mutilacions i diverses ferides realitzades amb productes qu\u00edmics. A m\u00e9s, es va aprehendre una subst\u00e0ncia medicamentosa emprada per a augmentar l&#8217;excitaci\u00f3 de l&#8217;animal i es va adonar d&#8217;aix\u00f2 a la Subdelegaci\u00f3 de Govern despr\u00e9s de retirar-li la subst\u00e0ncia.<\/p>\n\n\n\n<p>La investigaci\u00f3 ha sigut duta a terme per agents del Lloc Principal de Carlet.<\/p>\n","protected":false},"excerpt":{"rendered":"<div class=\"mh-excerpt\">Els animals presentaven no sols lesions derivades de la \u201cpreparaci\u00f3\u201d al fet que se sotmeten aquests animals, sin\u00f3 tamb\u00e9 fruit del combat amb altres animals. La Gu\u00e0rdia Civil ha denunciat a Carlet a l&#8217;amo de <a class=\"mh-excerpt-more\" href=\"https:\/\/www.tucomarca.com\/wordpress\/segunda\/ca\/__trashed-8\/\" title=\"Denunciat l&#8217;amo de quatre galls quan tornava d&#8217;una baralla clandestina a Carlet\">[+] <\/a><\/div>\n","protected":false},"author":12,"featured_media":299675,"comment_status":"closed","ping_status":"open","sticky":false,"template":"","format":"standard","meta":{"footnotes":""},"categories":[10990,10898,10894,10904,10902,10896,10897],"tags":[22885,11356],"class_list":{"0":"post-299676","1":"post","2":"type-post","3":"status-publish","4":"format-standard","5":"has-post-thumbnail","7":"category-carlet-ca","8":"category-ventana-ca","9":"category-la-comarca-ca","10":"category-sin-categorizar-ca","11":"category-la-ribera-ca","12":"category-seccion-ca","13":"category-sucesos-la-comarca-ca","14":"tag-guardia-civil-de-carlet-ca","15":"tag-ribera-alta-ca"},"_links":{"self":[{"href":"https:\/\/www.tucomarca.com\/wordpress\/segunda\/ca\/wp-json\/wp\/v2\/posts\/299676","targetHints":{"allow":["GET"]}}],"collection":[{"href":"https:\/\/www.tucomarca.com\/wordpress\/segunda\/ca\/wp-json\/wp\/v2\/posts"}],"about":[{"href":"https:\/\/www.tucomarca.com\/wordpress\/segunda\/ca\/wp-json\/wp\/v2\/types\/post"}],"author":[{"embeddable":true,"href":"https:\/\/www.tucomarca.com\/wordpress\/segunda\/ca\/wp-json\/wp\/v2\/users\/12"}],"replies":[{"embeddable":true,"href":"https:\/\/www.tucomarca.com\/wordpress\/segunda\/ca\/wp-json\/wp\/v2\/comments?post=299676"}],"version-history":[{"count":3,"href":"https:\/\/www.tucomarca.com\/wordpress\/segunda\/ca\/wp-json\/wp\/v2\/posts\/299676\/revisions"}],"predecessor-version":[{"id":299695,"href":"https:\/\/www.tucomarca.com\/wordpress\/segunda\/ca\/wp-json\/wp\/v2\/posts\/299676\/revisions\/299695"}],"wp:featuredmedia":[{"embeddable":true,"href":"https:\/\/www.tucomarca.com\/wordpress\/segunda\/ca\/wp-json\/wp\/v2\/media\/299675"}],"wp:attachment":[{"href":"https:\/\/www.tucomarca.com\/wordpress\/segunda\/ca\/wp-json\/wp\/v2\/media?parent=299676"}],"wp:term":[{"taxonomy":"category","embeddable":true,"href":"https:\/\/www.tucomarca.com\/wordpress\/segunda\/ca\/wp-json\/wp\/v2\/categories?post=299676"},{"taxonomy":"post_tag","embeddable":true,"href":"https:\/\/www.tucomarca.com\/wordpress\/segunda\/ca\/wp-json\/wp\/v2\/tags?post=299676"}],"curies":[{"name":"wp","href":"https:\/\/api.w.org\/{rel}","templated":true}]}}