{"id":299685,"date":"2026-04-23T11:00:00","date_gmt":"2026-04-23T09:00:00","guid":{"rendered":"https:\/\/www.tucomarca.com\/wordpress\/segunda\/?p=299685"},"modified":"2026-04-23T19:25:43","modified_gmt":"2026-04-23T17:25:43","slug":"jose-diez-es-reuneix-amb-lalcalde-dutiel-per-a-analitzar-projectes-dinteres-per-al-desenvolupament-del-municipi-despres-de-la-dana","status":"publish","type":"post","link":"https:\/\/www.tucomarca.com\/wordpress\/segunda\/ca\/jose-diez-es-reuneix-amb-lalcalde-dutiel-per-a-analitzar-projectes-dinteres-per-al-desenvolupament-del-municipi-despres-de-la-dana\/","title":{"rendered":"Jos\u00e9 D\u00edez es reuneix amb l&#8217;alcalde d&#8217;Utiel per a analitzar projectes d&#8217;inter\u00e9s per al desenvolupament del municipi despr\u00e9s de la DANA"},"content":{"rendered":"\n<h3 class=\"wp-block-heading\">El vicepresident trasllada la predisposici\u00f3 de la Generalitat a agilitzar el desenvolupament d&#8217;iniciatives que contribu\u00efsquen a la recuperaci\u00f3 del municipi despr\u00e9s de la DANA i el seu desenvolupament econ\u00f2mic.<\/h3>\n\n\n\n<p>El vicepresident segon i conseller de Presid\u00e8ncia, Jos\u00e9 D\u00edez, ha mantingut una reuni\u00f3 de treball amb l&#8217;alcalde d&#8217;Utiel, Ricardo Gabald\u00f3n, per a analitzar la situaci\u00f3 de diversos projectes d&#8217;inter\u00e9s per al desenvolupament econ\u00f2mic del municipi i la seua recuperaci\u00f3 despr\u00e9s dels efectes provocats per la dana de 2024, aix\u00ed com coordinar amb l&#8217;Ajuntament aquelles actuacions que s\u00f3n compet\u00e8ncia de la Generalitat.<\/p>\n\n\n\n<p>En la trobada tamb\u00e9 han participat la directora general de Projectes Estrat\u00e8gics, Ester Olivas; el director general de Coordinaci\u00f3 de l&#8217;Acci\u00f3 del Govern, Alberto Pascual; el director general d&#8217;Administraci\u00f3 Local, Jos\u00e9 Antonio Redorat i els regidors d&#8217;Agricultura i Urbanisme d&#8217;Ajuntament d&#8217;Utiel, Aitor Iniesta i Roc\u00edo L\u00f3pez.<\/p>\n\n\n\n<p>En concret, durant la reuni\u00f3 D\u00edez ha traslladat als representants municipals la predisposici\u00f3 de la Generalitat a agilitzar el desenvolupament del Pol\u00edgon Nou Tollo II, amb el qual el municipi podr\u00e0 ampliar la seua capacitat industrial.<\/p>\n\n\n\n<p>Aix\u00ed mateix, ha mostrat el seu inter\u00e9s per la marxa del nou centre de transformaci\u00f3 i comercialitzaci\u00f3 que Campofr\u00edo instal\u00b7lar\u00e0 a Utiel, un projecte que suposar\u00e0 una inversi\u00f3 de m\u00e9s de 134 milions d&#8217;euros, per al que compta amb una ajuda d&#8217;11 milions d&#8217;euros de la Generalitat dins de l&#8217;estrat\u00e8gia de reindustrialitzaci\u00f3 de la zona despr\u00e9s de la dana, i que permetr\u00e0 la creaci\u00f3 de m\u00e9s de 300 llocs de treball.<\/p>\n\n\n\n<p>Durant la trobada, han tractat tamb\u00e9 sobre el suport de la Generalitat a la celebraci\u00f3 del Rallye de Terra Ciutat d&#8217;Utiel, una prova integrada en el Campionat d&#8217;Espanya de Rallyes de Terra, entre altres assumptes.<\/p>\n\n\n\n<p>Aquesta reuni\u00f3 s&#8217;emmarca en la pol\u00edtica del Consell d&#8217;impulsar la col\u00b7laboraci\u00f3 amb les entitats locals per a alinear les prioritats de l&#8217;Administraci\u00f3 local amb els projectes d&#8217;inter\u00e9s auton\u00f2mic.<\/p>\n","protected":false},"excerpt":{"rendered":"<div class=\"mh-excerpt\">El vicepresident trasllada la predisposici\u00f3 de la Generalitat a agilitzar el desenvolupament d&#8217;iniciatives que contribu\u00efsquen a la recuperaci\u00f3 del municipi despr\u00e9s de la DANA i el seu desenvolupament econ\u00f2mic. El vicepresident segon i conseller de <a class=\"mh-excerpt-more\" href=\"https:\/\/www.tucomarca.com\/wordpress\/segunda\/ca\/jose-diez-es-reuneix-amb-lalcalde-dutiel-per-a-analitzar-projectes-dinteres-per-al-desenvolupament-del-municipi-despres-de-la-dana\/\" title=\"Jos\u00e9 D\u00edez es reuneix amb l&#8217;alcalde d&#8217;Utiel per a analitzar projectes d&#8217;inter\u00e9s per al desenvolupament del municipi despr\u00e9s de la DANA\">[+] <\/a><\/div>\n","protected":false},"author":1,"featured_media":299683,"comment_status":"closed","ping_status":"open","sticky":false,"template":"","format":"standard","meta":{"footnotes":""},"categories":[21466,10898,10948,10894,10904,10903,10947,10909,10896,10897,11059],"tags":[15409,10910,11174],"class_list":{"0":"post-299685","1":"post","2":"type-post","3":"status-publish","4":"format-standard","5":"has-post-thumbnail","7":"category-dana-ca","8":"category-ventana-ca","9":"category-infraestructuras-ca","10":"category-la-comarca-ca","11":"category-sin-categorizar-ca","12":"category-medio-ambiente-la-comarca-ca","13":"category-politica","14":"category-requena-utiel-ca","15":"category-seccion-ca","16":"category-sucesos-la-comarca-ca","17":"category-utiel-ca","18":"tag-dana-2-ca","19":"tag-requena-utiel-ca","20":"tag-utiel-ca"},"_links":{"self":[{"href":"https:\/\/www.tucomarca.com\/wordpress\/segunda\/ca\/wp-json\/wp\/v2\/posts\/299685","targetHints":{"allow":["GET"]}}],"collection":[{"href":"https:\/\/www.tucomarca.com\/wordpress\/segunda\/ca\/wp-json\/wp\/v2\/posts"}],"about":[{"href":"https:\/\/www.tucomarca.com\/wordpress\/segunda\/ca\/wp-json\/wp\/v2\/types\/post"}],"author":[{"embeddable":true,"href":"https:\/\/www.tucomarca.com\/wordpress\/segunda\/ca\/wp-json\/wp\/v2\/users\/1"}],"replies":[{"embeddable":true,"href":"https:\/\/www.tucomarca.com\/wordpress\/segunda\/ca\/wp-json\/wp\/v2\/comments?post=299685"}],"version-history":[{"count":2,"href":"https:\/\/www.tucomarca.com\/wordpress\/segunda\/ca\/wp-json\/wp\/v2\/posts\/299685\/revisions"}],"predecessor-version":[{"id":299687,"href":"https:\/\/www.tucomarca.com\/wordpress\/segunda\/ca\/wp-json\/wp\/v2\/posts\/299685\/revisions\/299687"}],"wp:featuredmedia":[{"embeddable":true,"href":"https:\/\/www.tucomarca.com\/wordpress\/segunda\/ca\/wp-json\/wp\/v2\/media\/299683"}],"wp:attachment":[{"href":"https:\/\/www.tucomarca.com\/wordpress\/segunda\/ca\/wp-json\/wp\/v2\/media?parent=299685"}],"wp:term":[{"taxonomy":"category","embeddable":true,"href":"https:\/\/www.tucomarca.com\/wordpress\/segunda\/ca\/wp-json\/wp\/v2\/categories?post=299685"},{"taxonomy":"post_tag","embeddable":true,"href":"https:\/\/www.tucomarca.com\/wordpress\/segunda\/ca\/wp-json\/wp\/v2\/tags?post=299685"}],"curies":[{"name":"wp","href":"https:\/\/api.w.org\/{rel}","templated":true}]}}