{"id":299692,"date":"2026-04-23T10:55:00","date_gmt":"2026-04-23T08:55:00","guid":{"rendered":"https:\/\/www.tucomarca.com\/wordpress\/segunda\/?p=299692"},"modified":"2026-04-23T20:31:20","modified_gmt":"2026-04-23T18:31:20","slug":"la-diputacio-de-valencia-rehabilitara-la-torre-del-virrei-de-leliana-i-el-castell-de-castielfabib","status":"publish","type":"post","link":"https:\/\/www.tucomarca.com\/wordpress\/segunda\/ca\/la-diputacio-de-valencia-rehabilitara-la-torre-del-virrei-de-leliana-i-el-castell-de-castielfabib\/","title":{"rendered":"La Diputaci\u00f3 de Val\u00e8ncia rehabilitar\u00e0 la Torre del Virrei de l&#8217;Eliana i el castell de Castielfabib"},"content":{"rendered":"\n<h3 class=\"wp-block-heading\">Els dos projectes s&#8217;emmarquen en el Pla de Recuperaci\u00f3 del Patrimoni Valenci\u00e0, que arreplega quatre actuacions a Camp de T\u00faria, dos en el Rinc\u00f3n de Ademuz i una en la Serran\u00eda.<\/h3>\n\n\n\n<h3 class=\"wp-block-heading\">El president Momp\u00f3 i la vicepresidenta Enguix coincidixen que este pla, dotat amb 12 milions, \u201cmai degu\u00e9 abandonar-se\u201d i anuncien cinc milions m\u00e9s per a donar resposta a totes les sol\u00b7licituds presentades.<\/h3>\n\n\n\n<p>La Diputaci\u00f3 de Val\u00e8ncia dur\u00e0 a terme quatre projectes de rehabilitaci\u00f3 patrimonial a Camp de T\u00faria amb una inversi\u00f3 d&#8217;1.406.744 euros; altres dos projectes en el Rinc\u00f3n de Ademuz per valor de 662.000 euros; i una altra actuaci\u00f3 a la comarca de la Serran\u00eda que suposar\u00e0 un desemborsament de 333.000 euros. Tots estos treballs s&#8217;emmarquen en el Pla de Recuperaci\u00f3 del Patrimoni Valenci\u00e0 que ha presentat este dimecres la corporaci\u00f3 provincial, el qual arreplega un total de 30 projectes aprovats en altres tants municipis de la prov\u00edncia amb la finalitat de rehabilitar diferents joies del nostre patrimoni.<\/p>\n\n\n\n<p>A la comarca del Camp de T\u00faria, la Diputaci\u00f3 escometr\u00e0 millores patrimonials en els municipis de l&#8217;Eliana, Serra, Benissan\u00f3 i Olocau. La m\u00e9s important de totes elles \u00e9s la rehabilitaci\u00f3 de la Torre del Virrei de l&#8217;Eliana, que compta amb un pressupost de 623.000 euros. La torre, que es troba a poc m\u00e9s de mig quil\u00f2metre del nucli urb\u00e0, est\u00e0 catalogada com a B\u00e9 d&#8217;Inter\u00e9s Cultural. T\u00e9 els seus or\u00edgens cap als segles XVI-XVII, i al conjunt es van afegir diverses cases rurals, formant un xicotet caseriu.<\/p>\n\n\n\n<figure class=\"wp-block-image size-full\"><img loading=\"lazy\" decoding=\"async\" width=\"945\" height=\"249\" src=\"https:\/\/www.tucomarca.com\/wordpress\/segunda\/wp-content\/uploads\/2026\/04\/DipuPatrimonioEliana2.jpg\" alt=\"\" class=\"wp-image-299709\" srcset=\"https:\/\/www.tucomarca.com\/wordpress\/segunda\/wp-content\/uploads\/2026\/04\/DipuPatrimonioEliana2.jpg 945w, https:\/\/www.tucomarca.com\/wordpress\/segunda\/wp-content\/uploads\/2026\/04\/DipuPatrimonioEliana2-300x79.jpg 300w, https:\/\/www.tucomarca.com\/wordpress\/segunda\/wp-content\/uploads\/2026\/04\/DipuPatrimonioEliana2-768x202.jpg 768w\" sizes=\"auto, (max-width: 945px) 100vw, 945px\" \/><\/figure>\n\n\n\n<p><\/p>\n\n\n\n<p>Durante el siglDurant el segle XX, la Torre del Virrei es va anar deteriorant, situaci\u00f3 que es va agreujar cap als anys setanta amb la solsida del sostre i part d&#8217;una paret de la torre. \u00c9s a partir de 1991 i ja sent propietat de l&#8217;Ajuntament de l&#8217;Eliana, quan es duen a terme les primeres obres de restauraci\u00f3, les quals es van allargar fins a la primera d\u00e8cada del segle XXI. Actualment, en els mesos c\u00e0lids, el pati central de l&#8217;edifici \u00e9s utilitzat per a fer concerts i esdeveniments i la capella per a la celebraci\u00f3 de casaments.<\/p>\n\n\n\n<p>A Serra la instituci\u00f3 provincial escometr\u00e0, mitjan\u00e7ant un desemborsament de 385.000 euros, la restauraci\u00f3 de la Torre del Senyor de la Vila. Situada dins del nucli urb\u00e0, va ser constru\u00efda en el segle IX i \u00e9s d&#8217;origen isl\u00e0mic. Va ser utilitzada com a pres\u00f3 i els murs encara es conserven malgrat la construcci\u00f3 de vivendes al seu voltant. Va ser declarada en 2001 B\u00e9 d&#8217;Inter\u00e9s Cultural i \u00e9s un exemple del valu\u00f3s patrimoni hist\u00f2ric i arquitect\u00f2nic de Serra.<\/p>\n\n\n\n<p>Un altre dels projectes dins del Camp de T\u00faria t\u00e9 lloc a Benissan\u00f3. Es tracta de la restauraci\u00f3 del tram de la muralla d&#8217;acc\u00e9s principal al castell, aix\u00ed com del fian\u00e7ament de la muralla oest d&#8217;este. Per a aix\u00f2 s&#8217;invertiran 228.000 euros. Edificat en la segona mitat del segle XV, \u00e9s un dels castells millor conservats de la Comunitat Valenciana i actualment \u00e9s de propietat municipal.<\/p>\n\n\n\n<p>Finalment, en la localitat d&#8217;Olocau, la Diputaci\u00f3 destinar\u00e0 171.000 euros per a l&#8217;estudi i consolidaci\u00f3 de l&#8217;aljub del Castell del Real. Esta fortalesa \u00e9s un tresor del segle XI d&#8217;origen isl\u00e0mic. Est\u00e0 format per dos recintes, l&#8217;exterior, que alberga l&#8217;aljub i l&#8217;interior, on es resguarden les estades principals.&nbsp;<\/p>\n\n\n\n<p><strong>Rinc\u00f3n de Ademuz y Serran\u00eda<\/strong><\/p>\n\n\n\n<p>En el Rinc\u00f3n de Ademuz destaca el projecte de consolidaci\u00f3 i recuperaci\u00f3 del tram de llen\u00e7 i de l&#8217;acc\u00e9s oest al castell de Castielfabib, una actuaci\u00f3 de 513.000 euros. Constru\u00eft en \u00e8poca isl\u00e0mica, encara que \u00e9s d&#8217;origen rom\u00e0, presidix la localitat, atorgant-li una silueta inconfusible coronant el tur\u00f3 sobre el qual es troba. La part del castell que actualment es conserva \u00e9s la torre de l&#8217;homenatge.<\/p>\n\n\n\n<p>L&#8217;altra actuaci\u00f3 de la comarca \u00e9s la reparaci\u00f3, per valor de 150.000 euros, de les fa\u00e7anes i de les cobertes de la Casa del Practicante de Torrebaja. Es tracta d&#8217;una Casa Museu que compta amb m\u00e9s de 650 peces, entre les quals destaquen objectes agr\u00edcoles, utensilis dom\u00e8stics, mobiliari, documentaci\u00f3 gr\u00e0fica i audiovisual, aix\u00ed com un conjunt singular vinculat a la Guerra Civil espanyola, i forma part del Sistema Valenci\u00e0 de Museus.<\/p>\n\n\n\n<p>Quant a la comarca de la Serran\u00eda, la Diputaci\u00f3 ha aprovat el projecte de restauraci\u00f3 preventiva de la torre 12 de la muralla del Castell d&#8217;Alpuente, una actuaci\u00f3 de 333.000 euros. Situat a la part alta d&#8217;un tur\u00f3 sobre el profund barranc del riu Reguero, el castell va sorgir com a inexpugnable fortalesa entorn de la qual s&#8217;establiria la poblaci\u00f3 primig\u00e8nia que controlaria el pas per la vall. Est\u00e0 catalogat com a B\u00e9 d&#8217;Inter\u00e9s Cultural. La muralla origin\u00e0riament comptava amb catorze torres de sis a huit metres de gross\u00e0ria, de les quals queden restes, encara que, en la seua major part en estat de deterioraci\u00f3.<\/p>\n\n\n\n<p><strong>Pla de Recuperaci\u00f3 del Patrimoni<\/strong><\/p>\n\n\n\n<p>La Diputaci\u00f3 de Val\u00e8ncia ha anunciat este dimecres els 30 projectes aprovats en altres tants municipis per a la rehabilitaci\u00f3 de joies patrimonials de 13 comarques. Amb una inversi\u00f3 pr\u00f2xima als 12 milions d&#8217;euros, el Pla de Recuperaci\u00f3 del Patrimoni Valenci\u00e0 t\u00e9 com a objectiu \u201crestaurar b\u00e9ns immobles que aporten identitat al territori i ens acosten a la nostra hist\u00f2ria\u201d, ha explicat la vicepresidenta Nat\u00e1lia Enguix, qui ha considerat que el programa \u201cmai degu\u00e9 abandonar-se\u201d. Per part seua, el president, Vicent Momp\u00f3, ha avan\u00e7at la intenci\u00f3 de la corporaci\u00f3 d&#8217;ampliar el nombre de municipis beneficiats amb altres cinc milions d&#8217;euros: \u201cd&#8217;esta manera podrem atendre totes les sol\u00b7licituds presentades\u201d.<\/p>\n\n\n\n<p>La responsable de Cooperaci\u00f3 Municipal i coordinadora del pla ha exposat una a una les actuacions que executaran els ajuntaments en els pr\u00f2xims mesos en edificis catalogats com BIC o B\u00e9ns de Rellev\u00e0ncia Local. \u201cEn esta primera convocat\u00f2ria, despr\u00e9s de huit anys sense que s&#8217;haja posat en marxa el programa, hem at\u00e9s totes les sol\u00b7licituds que hem pogut, per\u00f2 la nostra intenci\u00f3 \u00e9s no deixar a ning\u00fa fora i continuar recuperant el ric patrimoni que forma part de la hist\u00f2ria dels nostres pobles i comarques\u201d, ha afirmat Nat\u00e0lia Enguix en refer\u00e8ncia a l&#8217;ampliaci\u00f3 pressupost\u00e0ria anunciada pel president.<\/p>\n\n\n\n<p>Totes les actuacions finan\u00e7ades tenen un pressupost superior a 100.000 euros i poden rebre una subvenci\u00f3 de fins al mili\u00f3 d&#8217;euros en el cas de B\u00e9ns d&#8217;Inter\u00e9s Cultural i fins a 500.000 per als B\u00e9ns de Rellev\u00e0ncia Local. El 75% de l&#8217;ajuda concedida es pagar\u00e0 en el moment de l&#8217;adjudicaci\u00f3 de les obres i la resta despr\u00e9s de la justificaci\u00f3 dels treballs. \u201cParlem de castells, torres, palaus, ermites i altres edificis hist\u00f2rics en els quals la Diputaci\u00f3 continuar\u00e0 intervenint per a evitar la seua deterioraci\u00f3 i impulsar el seu impacte en el turisme\u201d, ha assenyalat el president Momp\u00f3.<\/p>\n\n\n\n<figure class=\"wp-block-gallery has-nested-images columns-2 is-cropped wp-block-gallery-1 is-layout-flex wp-block-gallery-is-layout-flex\">\n<figure class=\"wp-block-image size-large\"><img loading=\"lazy\" decoding=\"async\" width=\"945\" height=\"638\" data-id=\"299697\" src=\"https:\/\/www.tucomarca.com\/wordpress\/segunda\/wp-content\/uploads\/2026\/04\/DipuAlcaldeEliana.jpg\" alt=\"\" class=\"wp-image-299697\" srcset=\"https:\/\/www.tucomarca.com\/wordpress\/segunda\/wp-content\/uploads\/2026\/04\/DipuAlcaldeEliana.jpg 945w, https:\/\/www.tucomarca.com\/wordpress\/segunda\/wp-content\/uploads\/2026\/04\/DipuAlcaldeEliana-300x203.jpg 300w, https:\/\/www.tucomarca.com\/wordpress\/segunda\/wp-content\/uploads\/2026\/04\/DipuAlcaldeEliana-768x519.jpg 768w\" sizes=\"auto, (max-width: 945px) 100vw, 945px\" \/><\/figure>\n\n\n\n<figure class=\"wp-block-image size-large\"><img loading=\"lazy\" decoding=\"async\" width=\"945\" height=\"638\" data-id=\"299699\" src=\"https:\/\/www.tucomarca.com\/wordpress\/segunda\/wp-content\/uploads\/2026\/04\/DipuAlcaldeOlocau.jpg\" alt=\"\" class=\"wp-image-299699\" srcset=\"https:\/\/www.tucomarca.com\/wordpress\/segunda\/wp-content\/uploads\/2026\/04\/DipuAlcaldeOlocau.jpg 945w, https:\/\/www.tucomarca.com\/wordpress\/segunda\/wp-content\/uploads\/2026\/04\/DipuAlcaldeOlocau-300x203.jpg 300w, https:\/\/www.tucomarca.com\/wordpress\/segunda\/wp-content\/uploads\/2026\/04\/DipuAlcaldeOlocau-768x519.jpg 768w\" sizes=\"auto, (max-width: 945px) 100vw, 945px\" \/><\/figure>\n\n\n\n<figure class=\"wp-block-image size-large\"><img loading=\"lazy\" decoding=\"async\" width=\"945\" height=\"638\" data-id=\"299705\" src=\"https:\/\/www.tucomarca.com\/wordpress\/segunda\/wp-content\/uploads\/2026\/04\/DipuAlcaldeTorrebaja.jpg\" alt=\"\" class=\"wp-image-299705\" srcset=\"https:\/\/www.tucomarca.com\/wordpress\/segunda\/wp-content\/uploads\/2026\/04\/DipuAlcaldeTorrebaja.jpg 945w, https:\/\/www.tucomarca.com\/wordpress\/segunda\/wp-content\/uploads\/2026\/04\/DipuAlcaldeTorrebaja-300x203.jpg 300w, https:\/\/www.tucomarca.com\/wordpress\/segunda\/wp-content\/uploads\/2026\/04\/DipuAlcaldeTorrebaja-768x519.jpg 768w\" sizes=\"auto, (max-width: 945px) 100vw, 945px\" \/><\/figure>\n\n\n\n<figure class=\"wp-block-image size-large\"><img loading=\"lazy\" decoding=\"async\" width=\"945\" height=\"638\" data-id=\"299701\" src=\"https:\/\/www.tucomarca.com\/wordpress\/segunda\/wp-content\/uploads\/2026\/04\/DipuAlcaldesaAlpuente.jpg\" alt=\"\" class=\"wp-image-299701\" srcset=\"https:\/\/www.tucomarca.com\/wordpress\/segunda\/wp-content\/uploads\/2026\/04\/DipuAlcaldesaAlpuente.jpg 945w, https:\/\/www.tucomarca.com\/wordpress\/segunda\/wp-content\/uploads\/2026\/04\/DipuAlcaldesaAlpuente-300x203.jpg 300w, https:\/\/www.tucomarca.com\/wordpress\/segunda\/wp-content\/uploads\/2026\/04\/DipuAlcaldesaAlpuente-768x519.jpg 768w\" sizes=\"auto, (max-width: 945px) 100vw, 945px\" \/><\/figure>\n\n\n\n<figure class=\"wp-block-image size-large\"><img loading=\"lazy\" decoding=\"async\" width=\"945\" height=\"638\" data-id=\"299703\" src=\"https:\/\/www.tucomarca.com\/wordpress\/segunda\/wp-content\/uploads\/2026\/04\/DipuAlcaldesaSerra.jpg\" alt=\"\" class=\"wp-image-299703\" srcset=\"https:\/\/www.tucomarca.com\/wordpress\/segunda\/wp-content\/uploads\/2026\/04\/DipuAlcaldesaSerra.jpg 945w, https:\/\/www.tucomarca.com\/wordpress\/segunda\/wp-content\/uploads\/2026\/04\/DipuAlcaldesaSerra-300x203.jpg 300w, https:\/\/www.tucomarca.com\/wordpress\/segunda\/wp-content\/uploads\/2026\/04\/DipuAlcaldesaSerra-768x519.jpg 768w\" sizes=\"auto, (max-width: 945px) 100vw, 945px\" \/><\/figure>\n<\/figure>\n\n\n\n<p><\/p>\n\n\n\n<p>En paraules del m\u00e0xim responsable provincial, \u201chui estem ac\u00ed per a acabar amb un silenci administratiu que ha durat huit anys, per a respondre amb fets i inversi\u00f3 als qui vaticinaven que an\u00e0vem a condemnar a la par\u00e0lisi als nostres pobles per no tindre pressupost\u201d. La resposta del govern que encap\u00e7ala Momp\u00f3 \u00e9s \u201cel major impuls al patrimoni valenci\u00e0 en l&#8217;\u00faltima d\u00e8cada, una aposta estrat\u00e8gica que no \u00e9s un pla de xapa i pintura, sin\u00f3 un exemple de just\u00edcia territorial, d&#8217;invertir en la nostra hist\u00f2ria respectant el passat i mirant cap al futur, amb projectes que generen treball, creen turisme i donen motiu a la nostra gent perqu\u00e8 es quede a viure als seus pobles\u201d.<\/p>\n\n\n\n<p>La vicepresidenta Enguix ha explicat que \u201calgunes de les actuacions donen resposta a edificis afectats per la dana, i altres simplement serviran per a millorar les condicions d&#8217;immobles amb un important valor patrimonial que han patit una greu deterioraci\u00f3 al no actuar en la seua conservaci\u00f3\u201d. El president Momp\u00f3, per part seua, ha insistit que \u201cno hem vingut a administrar la nost\u00e0lgia del que vam ser, sin\u00f3 a construir l&#8217;orgull del que som, rescatant de l&#8217;oblit els nostres palaus, castells i ermites i fent l&#8217;esfor\u00e7 que mereix la nostra hist\u00f2ria\u201d.<\/p>\n\n\n\n<p>En la mateixa l\u00ednia s&#8217;ha expressat l&#8217;arquitecte Tirso \u00c1vila, t\u00e8cnic especialista en intervenci\u00f3 en Patrimoni, en assegurar que el pla de subvencions impulsat per la Diputaci\u00f3 \u201csuposa la recuperaci\u00f3 d&#8217;una tradici\u00f3 important de suport al patrimoni immoble de la prov\u00edncia\u201d. Una de les grans virtuts del programa, en opini\u00f3 de l&#8217;expert, \u201c\u00e9s que el promou una administraci\u00f3 que coneix de primera m\u00e0 el territori, amb una visi\u00f3 directa dels municipis, de les seues necessitats i de les dificultats que afronten\u201d.<\/p>\n","protected":false},"excerpt":{"rendered":"<div class=\"mh-excerpt\">Els dos projectes s&#8217;emmarquen en el Pla de Recuperaci\u00f3 del Patrimoni Valenci\u00e0, que arreplega quatre actuacions a Camp de T\u00faria, dos en el Rinc\u00f3n de Ademuz i una en la Serran\u00eda. El president Momp\u00f3 i <a class=\"mh-excerpt-more\" href=\"https:\/\/www.tucomarca.com\/wordpress\/segunda\/ca\/la-diputacio-de-valencia-rehabilitara-la-torre-del-virrei-de-leliana-i-el-castell-de-castielfabib\/\" title=\"La Diputaci\u00f3 de Val\u00e8ncia rehabilitar\u00e0 la Torre del Virrei de l&#8217;Eliana i el castell de Castielfabib\">[+] <\/a><\/div>\n","protected":false},"author":12,"featured_media":299707,"comment_status":"closed","ping_status":"open","sticky":false,"template":"","format":"standard","meta":{"footnotes":""},"categories":[10890,11044,10938,10892,10924,10925,11046,10898,10948,10894,10893,11007,10935,10947,10896,10933],"tags":[10899,11246,11413,11928,22427],"class_list":{"0":"post-299692","1":"post","2":"type-post","3":"status-publish","4":"format-standard","5":"has-post-thumbnail","7":"category-ademus","8":"category-alpuente-ca","9":"category-benisano-ca","10":"category-camp-de-turia-ca","11":"category-cases-baixes","12":"category-castielfabib-ca","13":"category-los-serranos-ca","14":"category-ventana-ca","15":"category-infraestructuras-ca","16":"category-la-comarca-ca","17":"category-leliana-ca","18":"category-ocio-y-cultura-ca","19":"category-olocau-ca","20":"category-politica","21":"category-seccion-ca","22":"category-serra-ca","23":"tag-camp-de-turia-ca","24":"tag-diputacio-de-valencia-ca","25":"tag-el-rincon-de-ademuz-ca","26":"tag-la-serrania-ca","27":"tag-plan-de-recuperacion-ca"},"_links":{"self":[{"href":"https:\/\/www.tucomarca.com\/wordpress\/segunda\/ca\/wp-json\/wp\/v2\/posts\/299692","targetHints":{"allow":["GET"]}}],"collection":[{"href":"https:\/\/www.tucomarca.com\/wordpress\/segunda\/ca\/wp-json\/wp\/v2\/posts"}],"about":[{"href":"https:\/\/www.tucomarca.com\/wordpress\/segunda\/ca\/wp-json\/wp\/v2\/types\/post"}],"author":[{"embeddable":true,"href":"https:\/\/www.tucomarca.com\/wordpress\/segunda\/ca\/wp-json\/wp\/v2\/users\/12"}],"replies":[{"embeddable":true,"href":"https:\/\/www.tucomarca.com\/wordpress\/segunda\/ca\/wp-json\/wp\/v2\/comments?post=299692"}],"version-history":[{"count":6,"href":"https:\/\/www.tucomarca.com\/wordpress\/segunda\/ca\/wp-json\/wp\/v2\/posts\/299692\/revisions"}],"predecessor-version":[{"id":299758,"href":"https:\/\/www.tucomarca.com\/wordpress\/segunda\/ca\/wp-json\/wp\/v2\/posts\/299692\/revisions\/299758"}],"wp:featuredmedia":[{"embeddable":true,"href":"https:\/\/www.tucomarca.com\/wordpress\/segunda\/ca\/wp-json\/wp\/v2\/media\/299707"}],"wp:attachment":[{"href":"https:\/\/www.tucomarca.com\/wordpress\/segunda\/ca\/wp-json\/wp\/v2\/media?parent=299692"}],"wp:term":[{"taxonomy":"category","embeddable":true,"href":"https:\/\/www.tucomarca.com\/wordpress\/segunda\/ca\/wp-json\/wp\/v2\/categories?post=299692"},{"taxonomy":"post_tag","embeddable":true,"href":"https:\/\/www.tucomarca.com\/wordpress\/segunda\/ca\/wp-json\/wp\/v2\/tags?post=299692"}],"curies":[{"name":"wp","href":"https:\/\/api.w.org\/{rel}","templated":true}]}}