{"id":299718,"date":"2026-04-23T13:00:00","date_gmt":"2026-04-23T11:00:00","guid":{"rendered":"https:\/\/www.tucomarca.com\/wordpress\/segunda\/?p=299718"},"modified":"2026-04-23T20:59:52","modified_gmt":"2026-04-23T18:59:52","slug":"la-generalitat-inicia-una-nova-fase-de-recuperacio-al-parc-del-turia-centrada-en-la-reconstruccio-de-27-quilometres-de-ciclovias-i-les-seues-infraestructures","status":"publish","type":"post","link":"https:\/\/www.tucomarca.com\/wordpress\/segunda\/ca\/la-generalitat-inicia-una-nova-fase-de-recuperacio-al-parc-del-turia-centrada-en-la-reconstruccio-de-27-quilometres-de-ciclovias-i-les-seues-infraestructures\/","title":{"rendered":"La Generalitat inicia una nova fase de recuperaci\u00f3 al Parc del T\u00faria centrada en la reconstrucci\u00f3 de 27 quil\u00f2metres de ciclov\u00edas i les seues infraestructures"},"content":{"rendered":"\n<figure class=\"wp-block-image size-large\"><img loading=\"lazy\" decoding=\"async\" width=\"1024\" height=\"694\" src=\"https:\/\/www.tucomarca.com\/wordpress\/segunda\/wp-content\/uploads\/2026\/04\/ParqueFluvialDANA2-1024x694.png\" alt=\"\" class=\"wp-image-299713\" srcset=\"https:\/\/www.tucomarca.com\/wordpress\/segunda\/wp-content\/uploads\/2026\/04\/ParqueFluvialDANA2-1024x694.png 1024w, https:\/\/www.tucomarca.com\/wordpress\/segunda\/wp-content\/uploads\/2026\/04\/ParqueFluvialDANA2-300x203.png 300w, https:\/\/www.tucomarca.com\/wordpress\/segunda\/wp-content\/uploads\/2026\/04\/ParqueFluvialDANA2-768x521.png 768w, https:\/\/www.tucomarca.com\/wordpress\/segunda\/wp-content\/uploads\/2026\/04\/ParqueFluvialDANA2.png 1385w\" sizes=\"auto, (max-width: 1024px) 100vw, 1024px\" \/><\/figure>\n\n\n\n<h3 class=\"wp-block-heading\">La inversi\u00f3 de tres milions d&#8217;euros permet recuperar la \u2018Ruta verda fluvial del T\u00faria\u2019 afectada per la dana despr\u00e9s d&#8217;acabar un centenar d&#8217;actuacions i els treballs de la CHJ.<\/h3>\n\n\n\n<h3 class=\"wp-block-heading\">El comissionat per a la Recuperaci\u00f3 indica que \u201caquest enclavament \u00e9s essencial per a vertebrar una \u00e0rea altament poblada i industrialitzada en l&#8217;entorn metropolit\u00e0 de Val\u00e8ncia\u201d.<\/h3>\n\n\n\n<p>La Generalitat ha iniciat una nova fase de reconstrucci\u00f3 per a recuperar el Parc Natural del T\u00faria despr\u00e9s de la riuada de 2024 i ha anunciat que les pr\u00f2ximes setmanes es contractar\u00e0, per tres milions d&#8217;euros, els treballs de reconstrucci\u00f3 de la ciclov\u00eda destru\u00efda per la dana que recorre 12 municipis lim\u00edtrofs al parc, al llarg de 27 quil\u00f2metres, vertebrant aix\u00ed l&#8217;\u00e0rea metropolitana entre Val\u00e8ncia i Villamarxant.<\/p>\n\n\n\n<p>El comissionat per a la Recuperaci\u00f3, Ra\u00fal M\u00e8rida, ha realitzat aquestes declaracions en el marc de la comissi\u00f3 mixta Generalitat-Govern central a la qual ha assistit al costat de la comissionada del Govern per a la dana, Zulima P\u00e9rez, i representants d&#8217;ajuntaments lim\u00edtrofs amb el Parc Natural del T\u00faria com Vilamarxant, Riba-roja de T\u00faria o Xulilla, entre altres.<\/p>\n\n\n\n<p>M\u00e8rida ha expressat la \u201cnecessitat que la Generalitat i el Govern central conjuminen esfor\u00e7os per a recuperar i impulsar el Parc Natural del T\u00faria despr\u00e9s del mal causat per la riuada\u201d. En aquest sentit, ha remarcat la col\u00b7laboraci\u00f3 amb la Confederaci\u00f3 Hidrogr\u00e0fica del X\u00faquer (CHJ), que tamb\u00e9 ha actuat en el llit i amb el qual es col\u00b7labora per a recuperar la via ciclopedestre, aix\u00ed com les seues infraestructures.&nbsp;<\/p>\n\n\n\n<p>En aquest sentit, ha destacat que la Generalitat ha posat en marxa un pla de xoc per a la recuperaci\u00f3 integral d&#8217;aquest parc que busca fer front a danys per valor de 21,5 milions d&#8217;euros ocasionats per la dana. \u201cLes obres en marxa no sols busquen restituir infraestructures i espais danyats, sin\u00f3 tamb\u00e9 millorar la seguretat dels visitants i previndre futurs danys, tant en les instal\u00b7lacions com en l&#8217;ecosistema de l&#8217;entorn fluvial\u201d.&nbsp;<\/p>\n\n\n\n<p>En aquest sentit, els ponts destru\u00efts de les diferents rutes se substituiran per guals inundables, es construiran cinc passarel\u00b7les (tres per a vehicles i dos per a vianants i bicicletes) que faciliten el pas i es canviar\u00e0 la ubicaci\u00f3 del centre d&#8217;interpretaci\u00f3 perqu\u00e8 no estiga en el llit.&nbsp;<\/p>\n\n\n\n<p>la Generalitat ha invertit 111.291 euros en la demolici\u00f3 de l&#8217;antic edifici, que va quedar arrasat per la riuada, i ha habilitat unes noves instal\u00b7lacions, que tamb\u00e9 serveixen de base d&#8217;operacions dels equips que treballen en la recuperaci\u00f3 de l&#8217;entorn, com les brigades de Vaersa, fins a disposar d&#8217;una nova infraestructura.<\/p>\n\n\n\n<p>\u201cEl Parc Natural del T\u00faria constitueix un entorn \u00fanic que s&#8217;est\u00e9n al llarg de 35 quil\u00f2metres amb tres ambients diferenciats, el riu, el bosc i els cultius. L&#8217;exist\u00e8ncia d&#8217;aquest enclavament natural \u00e9s especialment important, sobretot per situar-se en una \u00e0rea altament poblada i industrialitzada, la qual cosa el converteix en un pulm\u00f3 verd essencial per a l&#8217;\u00e0rea metropolitana de Val\u00e8ncia\u201d, ha assenyalat M\u00e8rida.&nbsp;<\/p>\n\n\n\n<figure class=\"wp-block-image size-large\"><img loading=\"lazy\" decoding=\"async\" width=\"1024\" height=\"768\" src=\"https:\/\/www.tucomarca.com\/wordpress\/segunda\/wp-content\/uploads\/2026\/04\/ParqueFluvialDANA-1024x768.jpeg\" alt=\"\" class=\"wp-image-299711\" srcset=\"https:\/\/www.tucomarca.com\/wordpress\/segunda\/wp-content\/uploads\/2026\/04\/ParqueFluvialDANA-1024x768.jpeg 1024w, https:\/\/www.tucomarca.com\/wordpress\/segunda\/wp-content\/uploads\/2026\/04\/ParqueFluvialDANA-300x225.jpeg 300w, https:\/\/www.tucomarca.com\/wordpress\/segunda\/wp-content\/uploads\/2026\/04\/ParqueFluvialDANA-768x576.jpeg 768w, https:\/\/www.tucomarca.com\/wordpress\/segunda\/wp-content\/uploads\/2026\/04\/ParqueFluvialDANA-1536x1152.jpeg 1536w, https:\/\/www.tucomarca.com\/wordpress\/segunda\/wp-content\/uploads\/2026\/04\/ParqueFluvialDANA-678x509.jpeg 678w, https:\/\/www.tucomarca.com\/wordpress\/segunda\/wp-content\/uploads\/2026\/04\/ParqueFluvialDANA-326x245.jpeg 326w, https:\/\/www.tucomarca.com\/wordpress\/segunda\/wp-content\/uploads\/2026\/04\/ParqueFluvialDANA-80x60.jpeg 80w, https:\/\/www.tucomarca.com\/wordpress\/segunda\/wp-content\/uploads\/2026\/04\/ParqueFluvialDANA.jpeg 1600w\" sizes=\"auto, (max-width: 1024px) 100vw, 1024px\" \/><\/figure>\n\n\n\n<p><\/p>\n\n\n\n<p><strong>Ruta verda fluvial del T\u00faria<\/strong><\/p>\n\n\n\n<p>La ciclov\u00eda que restaurar\u00e0 la Generalitat, denominada \u2018Ruta verda fluvial del T\u00faria\u2019, constitueix un recorregut per pista forestal al llarg de la ribera del riu. Consta de diferents ponts i passarel\u00b7les que travessen el riu, miradors i \u00e0rees recreatives per a l&#8217;esplai.&nbsp;<\/p>\n\n\n\n<p>Es tracta d&#8217;una ruta poc exigent amb un pendent m\u00e0xim de 100 metres, que pot fer-se de manera completa o parcial, i que \u00e9s molt transitada per fam\u00edlies i grups de gent. Al vial es pot tamb\u00e9 accedir des de Ll\u00edria i Benaguasil. Aix\u00ed mateix, una vegada completada la ruta, existeix la possibilitat d&#8217;arribar fins al municipi de Pedralba fent senderisme, perqu\u00e8 la ruta del Parc Fluvial connecta amb la Ruta de l&#8217;Aigua, i al seu torn amb la Ruta de la Pea, a trav\u00e9s de la qual es pot arribar a Pedralba.<\/p>\n\n\n\n<p>M\u00e8rida ha destacat la import\u00e0ncia dels parcs naturals, en aquest cas el del T\u00faria, per la qual cosa suposen \u201cper al patrimoni natural i tamb\u00e9 per als municipis perqu\u00e8 generen activitat i economia, fixen la poblaci\u00f3 i possibiliten un espai per a gaudir de l&#8217;entorn, rec\u00f3rrer-lo i tindre interacci\u00f3 amb la naturalesa i l&#8217;esport, la qual cosa beneficia la salut mental, especialment la d&#8217;aquelles persones que van patir la riuada\u201d.<\/p>\n\n\n\n<p><strong>178 actuacions\u00a0<\/strong><\/p>\n\n\n\n<p>Aix\u00ed mateix, per part del Consell, en el marc del Pla Endavant, tamb\u00e9 s&#8217;han dut a terme 178 actuacions centrades en la protecci\u00f3 de la fauna aut\u00f2ctona, el tractament de la vegetaci\u00f3, el manteniment de plantacions i la regeneraci\u00f3 d&#8217;\u00e0rees degradades del parc. En mat\u00e8ria d&#8217;infraestructures, s&#8217;han adequat itineraris, s&#8217;han arreglat camins, s&#8217;ha actuat sobre pistes forestals i s&#8217;han restaurat \u00e0rees d&#8217;\u00fas p\u00fablic i infraestructures diverses.<\/p>\n\n\n\n<p>Una vegada completades aquestes actuacions i executats la major part dels treballs per part de la CHJ en el llit es pot iniciar una nova fase de recuperaci\u00f3 centrada en la recuperaci\u00f3 del gran itinerari ciclopedestre.<\/p>\n","protected":false},"excerpt":{"rendered":"<div class=\"mh-excerpt\">La inversi\u00f3 de tres milions d&#8217;euros permet recuperar la \u2018Ruta verda fluvial del T\u00faria\u2019 afectada per la dana despr\u00e9s d&#8217;acabar un centenar d&#8217;actuacions i els treballs de la CHJ. El comissionat per a la Recuperaci\u00f3 <a class=\"mh-excerpt-more\" href=\"https:\/\/www.tucomarca.com\/wordpress\/segunda\/ca\/la-generalitat-inicia-una-nova-fase-de-recuperacio-al-parc-del-turia-centrada-en-la-reconstruccio-de-27-quilometres-de-ciclovias-i-les-seues-infraestructures\/\" title=\"La Generalitat inicia una nova fase de recuperaci\u00f3 al Parc del T\u00faria centrada en la reconstrucci\u00f3 de 27 quil\u00f2metres de ciclov\u00edas i les seues infraestructures\">[+] <\/a><\/div>\n","protected":false},"author":1,"featured_media":299712,"comment_status":"closed","ping_status":"open","sticky":false,"template":"","format":"standard","meta":{"footnotes":""},"categories":[10892,11036,21466,11046,10898,10948,10894,10904,10903,10947,10906,10896,10897,10927],"tags":[15674,11084,15409,15024],"class_list":{"0":"post-299718","1":"post","2":"type-post","3":"status-publish","4":"format-standard","5":"has-post-thumbnail","7":"category-camp-de-turia-ca","8":"category-chulilla-ca","9":"category-dana-ca","10":"category-los-serranos-ca","11":"category-ventana-ca","12":"category-infraestructuras-ca","13":"category-la-comarca-ca","14":"category-sin-categorizar-ca","15":"category-medio-ambiente-la-comarca-ca","16":"category-politica","17":"category-riba-roja-ca","18":"category-seccion-ca","19":"category-sucesos-la-comarca-ca","20":"category-vilamarxant-ca","21":"tag-camp-de-turia-2-ca","22":"tag-chulilla-ca","23":"tag-dana-2-ca","24":"tag-riba-roja-de-turia-ca"},"_links":{"self":[{"href":"https:\/\/www.tucomarca.com\/wordpress\/segunda\/ca\/wp-json\/wp\/v2\/posts\/299718","targetHints":{"allow":["GET"]}}],"collection":[{"href":"https:\/\/www.tucomarca.com\/wordpress\/segunda\/ca\/wp-json\/wp\/v2\/posts"}],"about":[{"href":"https:\/\/www.tucomarca.com\/wordpress\/segunda\/ca\/wp-json\/wp\/v2\/types\/post"}],"author":[{"embeddable":true,"href":"https:\/\/www.tucomarca.com\/wordpress\/segunda\/ca\/wp-json\/wp\/v2\/users\/1"}],"replies":[{"embeddable":true,"href":"https:\/\/www.tucomarca.com\/wordpress\/segunda\/ca\/wp-json\/wp\/v2\/comments?post=299718"}],"version-history":[{"count":2,"href":"https:\/\/www.tucomarca.com\/wordpress\/segunda\/ca\/wp-json\/wp\/v2\/posts\/299718\/revisions"}],"predecessor-version":[{"id":299720,"href":"https:\/\/www.tucomarca.com\/wordpress\/segunda\/ca\/wp-json\/wp\/v2\/posts\/299718\/revisions\/299720"}],"wp:featuredmedia":[{"embeddable":true,"href":"https:\/\/www.tucomarca.com\/wordpress\/segunda\/ca\/wp-json\/wp\/v2\/media\/299712"}],"wp:attachment":[{"href":"https:\/\/www.tucomarca.com\/wordpress\/segunda\/ca\/wp-json\/wp\/v2\/media?parent=299718"}],"wp:term":[{"taxonomy":"category","embeddable":true,"href":"https:\/\/www.tucomarca.com\/wordpress\/segunda\/ca\/wp-json\/wp\/v2\/categories?post=299718"},{"taxonomy":"post_tag","embeddable":true,"href":"https:\/\/www.tucomarca.com\/wordpress\/segunda\/ca\/wp-json\/wp\/v2\/tags?post=299718"}],"curies":[{"name":"wp","href":"https:\/\/api.w.org\/{rel}","templated":true}]}}