{"id":299736,"date":"2026-04-23T11:15:00","date_gmt":"2026-04-23T09:15:00","guid":{"rendered":"https:\/\/www.tucomarca.com\/wordpress\/segunda\/?p=299736"},"modified":"2026-04-23T20:26:03","modified_gmt":"2026-04-23T18:26:03","slug":"la-diputacio-de-valencia-rehabilitara-la-torre-de-montroi-amb-una-inversio-de-816-000-euros","status":"publish","type":"post","link":"https:\/\/www.tucomarca.com\/wordpress\/segunda\/ca\/la-diputacio-de-valencia-rehabilitara-la-torre-de-montroi-amb-una-inversio-de-816-000-euros\/","title":{"rendered":"La Diputaci\u00f3 de Val\u00e8ncia rehabilitar\u00e0 la Torre de Montroi amb una inversi\u00f3 de 816.000 euros"},"content":{"rendered":"\n<h3 class=\"wp-block-heading\">El projecte s&#8217;emmarca en el Pla de Recuperaci\u00f3 del Patrimoni Valenci\u00e0 posat en marxa per la corporaci\u00f3, que tamb\u00e9 inclou actuacions en el cementeri de Guadassuar, sumant una inversi\u00f3 d&#8217;1 mili\u00f3 d&#8217;euros a la Ribera Alta.<\/h3>\n\n\n\n<h3 class=\"wp-block-heading\">El president Momp\u00f3 i la vicepresidenta Enguix coincidixen que este pla, dotat amb 12 milions, \u201cmai degu\u00e9 abandonar-se\u201d i anuncien cinc milions m\u00e9s per a donar resposta a totes les sol\u00b7licituds presentades.<\/h3>\n\n\n\n<p>La Diputaci\u00f3 de Val\u00e8ncia dur\u00e0 a terme dos projectes de rehabilitaci\u00f3 patrimonial a la comarca de la Ribera Alta amb una inversi\u00f3 total d&#8217;1.008.796 euros. Es tracta de la rehabilitaci\u00f3 a la Torre de Montroi i de diverses millores en el cementeri de Guadassuar. Les dos actuacions s&#8217;emmarquen en el Pla de Recuperaci\u00f3 del Patrimoni Valenci\u00e0 que ha presentat este dimecres la corporaci\u00f3 provincial, que arreplega 30 projectes aprovats en altres tants municipis de la prov\u00edncia amb la finalitat de rehabilitar diferents joies del nostre patrimoni.<\/p>\n\n\n\n<p>La Diputaci\u00f3 destinar\u00e0 816.000 euros a la rehabilitaci\u00f3 de la Torre de Montroi. Es tracta de l&#8217;\u00fanica resta que queda en peus de l&#8217;antic Castillo del municipi, des del qual es pot observar una bella panor\u00e0mica de l&#8217;entorn que envolta a esta joia patrimonial, declarada BIC i situada en una parcel\u00b7la d&#8217;una mica m\u00e9s de 3.000 metres quadrats propietat de l&#8217;ajuntament. Constru\u00efda durant el per\u00edode almohade, en la segona mitat del segle XII, es troba conformada per quatre gruixuts murs de t\u00e0pia.<\/p>\n\n\n\n<figure class=\"wp-block-gallery has-nested-images columns-default is-cropped wp-block-gallery-1 is-layout-flex wp-block-gallery-is-layout-flex\">\n<figure class=\"wp-block-image size-large\"><img loading=\"lazy\" decoding=\"async\" width=\"945\" height=\"638\" data-id=\"299733\" src=\"https:\/\/www.tucomarca.com\/wordpress\/segunda\/wp-content\/uploads\/2026\/04\/DipuPatrimonio_TorreMontroi2.jpg\" alt=\"\" class=\"wp-image-299733\" srcset=\"https:\/\/www.tucomarca.com\/wordpress\/segunda\/wp-content\/uploads\/2026\/04\/DipuPatrimonio_TorreMontroi2.jpg 945w, https:\/\/www.tucomarca.com\/wordpress\/segunda\/wp-content\/uploads\/2026\/04\/DipuPatrimonio_TorreMontroi2-300x203.jpg 300w, https:\/\/www.tucomarca.com\/wordpress\/segunda\/wp-content\/uploads\/2026\/04\/DipuPatrimonio_TorreMontroi2-768x519.jpg 768w\" sizes=\"auto, (max-width: 945px) 100vw, 945px\" \/><\/figure>\n\n\n\n<figure class=\"wp-block-image size-large\"><img loading=\"lazy\" decoding=\"async\" width=\"945\" height=\"638\" data-id=\"299729\" src=\"https:\/\/www.tucomarca.com\/wordpress\/segunda\/wp-content\/uploads\/2026\/04\/DipuAlcaldeMontroi.jpg\" alt=\"\" class=\"wp-image-299729\" srcset=\"https:\/\/www.tucomarca.com\/wordpress\/segunda\/wp-content\/uploads\/2026\/04\/DipuAlcaldeMontroi.jpg 945w, https:\/\/www.tucomarca.com\/wordpress\/segunda\/wp-content\/uploads\/2026\/04\/DipuAlcaldeMontroi-300x203.jpg 300w, https:\/\/www.tucomarca.com\/wordpress\/segunda\/wp-content\/uploads\/2026\/04\/DipuAlcaldeMontroi-768x519.jpg 768w\" sizes=\"auto, (max-width: 945px) 100vw, 945px\" \/><\/figure>\n<\/figure>\n\n\n\n<p><\/p>\n\n\n\n<p>Entre les intervencions projectades per la corporaci\u00f3, s&#8217;inclouen treballs arqueol\u00f2gics en el subsol de la torre; la restauraci\u00f3 de les t\u00e0pies; l&#8217;eliminaci\u00f3 de grafitis i policromies; sanejat de la rematada i neteja de les fa\u00e7anes; la hidrofugaci\u00f3 de superf\u00edcies; tractament preventiu dels elements de fusta; recuperaci\u00f3 de l&#8217;aljub; la instal\u00b7laci\u00f3 de paviment en la coberta; la recuperaci\u00f3 de les escales interiors i la construcci\u00f3 d&#8217;una escala exterior d&#8217;acc\u00e9s a la torre; instal\u00b7laci\u00f3 el\u00e8ctrica i enllumenat; i condicionament dels terrenys que voregen la torre amb protecci\u00f3 de les restes arqueol\u00f2giques.<\/p>\n\n\n\n<p>Quant als treballs en el cementeri de Guadassuar, la instituci\u00f3 provincial invertir\u00e0 193.000 euros en diferents actuacions, entre les quals destaquen l&#8217;eliminaci\u00f3 de les humitats en la capella, la substituci\u00f3 de la coberta en n\u00ednxols i l&#8217;adequaci\u00f3 de l&#8217;acc\u00e9s i de la zona de l&#8217;ossera. El cementeri municipal de Guadassuar forma part del patrimoni hist\u00f2ric i cultural del municipi, situant-se en un entorn amb elements de gran valor patrimonial.<\/p>\n\n\n\n<p><strong>Pla de Recuperaci\u00f3 del Patrimoni<\/strong><\/p>\n\n\n\n<p>La Diputaci\u00f3 de Val\u00e8ncia ha anunciat este dimecres els 30 projectes aprovats en altres tants municipis per a la rehabilitaci\u00f3 de joies patrimonials de 13 comarques. Amb una inversi\u00f3 pr\u00f2xima als 12 milions d&#8217;euros, el Pla de Recuperaci\u00f3 del Patrimoni Valenci\u00e0 t\u00e9 com a objectiu \u201crestaurar b\u00e9ns immobles que aporten identitat al territori i ens acosten a la nostra hist\u00f2ria\u201d, ha explicat la vicepresidenta Nat\u00e1lia Enguix, qui ha considerat que el programa \u201cmai degu\u00e9 abandonar-se\u201d. Per part seua, el president, Vicent Momp\u00f3, ha avan\u00e7at la intenci\u00f3 de la corporaci\u00f3 d&#8217;ampliar el nombre de municipis beneficiats amb altres cinc milions d&#8217;euros: \u201cd&#8217;esta manera podrem atendre totes les sol\u00b7licituds presentades\u201d.<\/p>\n\n\n\n<p>La responsable de Cooperaci\u00f3 Municipal i coordinadora del pla ha exposat una a una les actuacions que executaran els ajuntaments en els pr\u00f2xims mesos en edificis catalogats com BIC o B\u00e9ns de Rellev\u00e0ncia Local. \u201cEn esta primera convocat\u00f2ria, despr\u00e9s de huit anys sense que s&#8217;haja posat en marxa el programa, hem at\u00e9s totes les sol\u00b7licituds que hem pogut, per\u00f2 la nostra intenci\u00f3 \u00e9s no deixar a ning\u00fa fora i continuar recuperant el ric patrimoni que forma part de la hist\u00f2ria dels nostres pobles i comarques\u201d, ha afirmat Nat\u00e0lia Enguix en refer\u00e8ncia a l&#8217;ampliaci\u00f3 pressupost\u00e0ria anunciada pel president.<\/p>\n\n\n\n<p>Totes les actuacions finan\u00e7ades tenen un pressupost superior a 100.000 euros i poden rebre una subvenci\u00f3 de fins al mili\u00f3 d&#8217;euros en el cas de B\u00e9ns d&#8217;Inter\u00e9s Cultural i fins a 500.000 per als B\u00e9ns de Rellev\u00e0ncia Local. El 75% de l&#8217;ajuda concedida es pagar\u00e0 en el moment de l&#8217;adjudicaci\u00f3 de les obres i la resta despr\u00e9s de la justificaci\u00f3 dels treballs. \u201cParlem de castells, torres, palaus, ermites i altres edificis hist\u00f2rics en els quals la Diputaci\u00f3 continuar\u00e0 intervenint per a evitar la seua deterioraci\u00f3 i impulsar el seu impacte en el turisme\u201d, ha assenyalat el president Momp\u00f3.<\/p>\n\n\n\n<p>En paraules del m\u00e0xim responsable provincial, \u201chui estem ac\u00ed per a acabar amb un silenci administratiu que ha durat huit anys, per a respondre amb fets i inversi\u00f3 als qui vaticinaven que an\u00e0vem a condemnar a la par\u00e0lisi als nostres pobles per no tindre pressupost\u201d. La resposta del govern que encap\u00e7ala Momp\u00f3 \u00e9s \u201cel major impuls al patrimoni valenci\u00e0 en l&#8217;\u00faltima d\u00e8cada, una aposta estrat\u00e8gica que no \u00e9s un pla de xapa i pintura, sin\u00f3 un exemple de just\u00edcia territorial, d&#8217;invertir en la nostra hist\u00f2ria respectant el passat i mirant cap al futur, amb projectes que generen treball, creen turisme i donen motiu a la nostra gent perqu\u00e8 es quede a viure als seus pobles\u201d.<\/p>\n\n\n\n<p>La vicepresidenta Enguix ha explicat que \u201calgunes de les actuacions donen resposta a edificis afectats per la dana, i altres simplement serviran per a millorar les condicions d&#8217;immobles amb un important valor patrimonial que han patit una greu deterioraci\u00f3 al no actuar en la seua conservaci\u00f3\u201d. El president Momp\u00f3, per part seua, ha insistit que \u201cno hem vingut a administrar la nost\u00e0lgia del que vam ser, sin\u00f3 a construir l&#8217;orgull del que som, rescatant de l&#8217;oblit els nostres palaus, castells i ermites i fent l&#8217;esfor\u00e7 que mereix la nostra hist\u00f2ria\u201d.<\/p>\n\n\n\n<p>En la mateixa l\u00ednia s&#8217;ha expressat l&#8217;arquitecte Tirso \u00c1vila, t\u00e8cnic especialista en intervenci\u00f3 en Patrimoni, en assegurar que el pla de subvencions impulsat per la Diputaci\u00f3 \u201csuposa la recuperaci\u00f3 d&#8217;una tradici\u00f3 important de suport al patrimoni immoble de la prov\u00edncia\u201d. Una de les grans virtuts del programa, en opini\u00f3 de l&#8217;expert, \u201c\u00e9s que el promou una administraci\u00f3 que coneix de primera m\u00e0 el territori, amb una visi\u00f3 directa dels municipis, de les seues necessitats i de les dificultats que afronten\u201d.<\/p>\n","protected":false},"excerpt":{"rendered":"<div class=\"mh-excerpt\">El projecte s&#8217;emmarca en el Pla de Recuperaci\u00f3 del Patrimoni Valenci\u00e0 posat en marxa per la corporaci\u00f3, que tamb\u00e9 inclou actuacions en el cementeri de Guadassuar, sumant una inversi\u00f3 d&#8217;1 mili\u00f3 d&#8217;euros a la Ribera <a class=\"mh-excerpt-more\" href=\"https:\/\/www.tucomarca.com\/wordpress\/segunda\/ca\/la-diputacio-de-valencia-rehabilitara-la-torre-de-montroi-amb-una-inversio-de-816-000-euros\/\" title=\"La Diputaci\u00f3 de Val\u00e8ncia rehabilitar\u00e0 la Torre de Montroi amb una inversi\u00f3 de 816.000 euros\">[+] <\/a><\/div>\n","protected":false},"author":12,"featured_media":299732,"comment_status":"closed","ping_status":"open","sticky":false,"template":"","format":"standard","meta":{"footnotes":""},"categories":[10898,10994,10948,10894,10902,11001,11007,10947,10896],"tags":[11246,13924,11356],"class_list":{"0":"post-299736","1":"post","2":"type-post","3":"status-publish","4":"format-standard","5":"has-post-thumbnail","7":"category-ventana-ca","8":"category-guadassuar-ca","9":"category-infraestructuras-ca","10":"category-la-comarca-ca","11":"category-la-ribera-ca","12":"category-montroi-ca","13":"category-ocio-y-cultura-ca","14":"category-politica","15":"category-seccion-ca","16":"tag-diputacio-de-valencia-ca","17":"tag-montroi-ca","18":"tag-ribera-alta-ca"},"_links":{"self":[{"href":"https:\/\/www.tucomarca.com\/wordpress\/segunda\/ca\/wp-json\/wp\/v2\/posts\/299736","targetHints":{"allow":["GET"]}}],"collection":[{"href":"https:\/\/www.tucomarca.com\/wordpress\/segunda\/ca\/wp-json\/wp\/v2\/posts"}],"about":[{"href":"https:\/\/www.tucomarca.com\/wordpress\/segunda\/ca\/wp-json\/wp\/v2\/types\/post"}],"author":[{"embeddable":true,"href":"https:\/\/www.tucomarca.com\/wordpress\/segunda\/ca\/wp-json\/wp\/v2\/users\/12"}],"replies":[{"embeddable":true,"href":"https:\/\/www.tucomarca.com\/wordpress\/segunda\/ca\/wp-json\/wp\/v2\/comments?post=299736"}],"version-history":[{"count":3,"href":"https:\/\/www.tucomarca.com\/wordpress\/segunda\/ca\/wp-json\/wp\/v2\/posts\/299736\/revisions"}],"predecessor-version":[{"id":299752,"href":"https:\/\/www.tucomarca.com\/wordpress\/segunda\/ca\/wp-json\/wp\/v2\/posts\/299736\/revisions\/299752"}],"wp:featuredmedia":[{"embeddable":true,"href":"https:\/\/www.tucomarca.com\/wordpress\/segunda\/ca\/wp-json\/wp\/v2\/media\/299732"}],"wp:attachment":[{"href":"https:\/\/www.tucomarca.com\/wordpress\/segunda\/ca\/wp-json\/wp\/v2\/media?parent=299736"}],"wp:term":[{"taxonomy":"category","embeddable":true,"href":"https:\/\/www.tucomarca.com\/wordpress\/segunda\/ca\/wp-json\/wp\/v2\/categories?post=299736"},{"taxonomy":"post_tag","embeddable":true,"href":"https:\/\/www.tucomarca.com\/wordpress\/segunda\/ca\/wp-json\/wp\/v2\/tags?post=299736"}],"curies":[{"name":"wp","href":"https:\/\/api.w.org\/{rel}","templated":true}]}}