{"id":299740,"date":"2026-04-22T20:00:00","date_gmt":"2026-04-22T18:00:00","guid":{"rendered":"https:\/\/www.tucomarca.com\/wordpress\/segunda\/?p=299740"},"modified":"2026-04-23T20:20:34","modified_gmt":"2026-04-23T18:20:34","slug":"la-generalitat-te-en-marxa-81-iniciatives-de-recuperacio-postdana-relacionades-amb-el-medi-ambient-en-el-marc-del-pla-endavant","status":"publish","type":"post","link":"https:\/\/www.tucomarca.com\/wordpress\/segunda\/ca\/la-generalitat-te-en-marxa-81-iniciatives-de-recuperacio-postdana-relacionades-amb-el-medi-ambient-en-el-marc-del-pla-endavant\/","title":{"rendered":"La Generalitat t\u00e9 en marxa 81 iniciatives de recuperaci\u00f3 postdana relacionades amb el medi ambient en el marc del pla Endavant"},"content":{"rendered":"\n<h3 class=\"wp-block-heading\">El 71 % del total de 113 accions mediambientals estan ja iniciades o completades.<\/h3>\n\n\n\n<h3 class=\"wp-block-heading\">El comissionat per a la Recuperaci\u00f3 assenyala que l\u2019objectiu \u00e9s \u201creconstruir, restaurar l\u2019equilibri ecol\u00f2gic i potenciar l\u2019entorn natural per a disposar d\u2019ecosistemes m\u00e9s resilients\u201d.<\/h3>\n\n\n\n<p>La Generalitat t\u00e9 en marxa 81 iniciatives de recuperaci\u00f3 postdana relacionades amb el medi ambient en el marc del pla Endavant, la qual cosa suposa que el 71 % del total de 113 iniciatives englobades en esta categoria estan ja iniciades o completades.&nbsp;<\/p>\n\n\n\n<p>El comissionat per a la Recuperaci\u00f3, Ra\u00fal M\u00e9rida, ha fet balan\u00e7, amb motiu del Dia Internacional de la Mare Terra, dels projectes amb accent verd inclosos en el pla Endavant dissenyat per la Generalitat per a impulsar la recuperaci\u00f3 i la reconstrucci\u00f3 despr\u00e9s de la riuada de 2024 i impulsar la resili\u00e8ncia del territori perqu\u00e8 estiga millor preparat per a afrontar futurs fen\u00f2mens meteorol\u00f2gics adversos.&nbsp;<\/p>\n\n\n\n<p>\u201cLa riuada va provocar danys als parcs naturals, els ecosistemes forestals i els entorns naturals. Aix\u00ed mateix, tamb\u00e9 es van vore afectades infraestructures de prevenci\u00f3 d\u2019incendis forestals i de gesti\u00f3 de residus\u201d, ha explicat el comissionat.&nbsp;<\/p>\n\n\n\n<p>\u201cDavant este escenari, des del Consell ens marquem com a objectiu fonamental reconstruir les infraestructures danyades, restaurar l\u2019equilibri ecol\u00f2gic i refor\u00e7ar i potenciar l\u2019entorn natural per a disposar d\u2019ecosistemes i infraestructures m\u00e9s resistents i millor preparats per a afrontar possibles avingudes d\u2019aigua\u201d, ha assenyalat.&nbsp;<\/p>\n\n\n\n<p>Entre les mesures que ja s\u2019han completat figuren la reparaci\u00f3 de danys en centres de gesti\u00f3 i conservaci\u00f3 del medi ambient i la restauraci\u00f3 d\u2019instal\u00b7lacions recreatives i sendes afectades per la dana, entre altres, la restauraci\u00f3 de pistes, sendes i camins a Chera, Sot de Chera i les Gorges del Cabriol.&nbsp;<\/p>\n\n\n\n<p>En total, la Generalitat ha executat 35 milions d\u2019euros en l\u2019adequaci\u00f3 de camins rurals despr\u00e9s de la riuada, amb m\u00e9s de 600 actuacions en tota la Comunitat Valenciana.<\/p>\n\n\n\n<p>Aix\u00ed mateix, el Consell ha desenrotllat el pla de xoc dissenyat per a reduir els efectes de les inundacions d\u2019octubre de 2024 en el Parc Natural de l\u2019Albufera i el seu entorn.<\/p>\n\n\n\n<p>Tamb\u00e9 en l\u2019Albufera la Generalitat ha fet un diagn\u00f2stic de l\u2019impacte de la riuada en els ecosistemes del parc i un informe de la contaminaci\u00f3 del s\u00f2l en camps de cultiu. Mitjan\u00e7ant este estudi, es van identificar parcel\u00b7les que requerien actuacions de retirada de residus.&nbsp;<\/p>\n\n\n\n<figure class=\"wp-block-image size-large\"><img loading=\"lazy\" decoding=\"async\" width=\"1024\" height=\"576\" src=\"https:\/\/www.tucomarca.com\/wordpress\/segunda\/wp-content\/uploads\/2026\/04\/DANAplaEndavant2-1024x576.jpeg\" alt=\"\" class=\"wp-image-299741\" srcset=\"https:\/\/www.tucomarca.com\/wordpress\/segunda\/wp-content\/uploads\/2026\/04\/DANAplaEndavant2-1024x576.jpeg 1024w, https:\/\/www.tucomarca.com\/wordpress\/segunda\/wp-content\/uploads\/2026\/04\/DANAplaEndavant2-300x169.jpeg 300w, https:\/\/www.tucomarca.com\/wordpress\/segunda\/wp-content\/uploads\/2026\/04\/DANAplaEndavant2-768x432.jpeg 768w, https:\/\/www.tucomarca.com\/wordpress\/segunda\/wp-content\/uploads\/2026\/04\/DANAplaEndavant2-1536x864.jpeg 1536w, https:\/\/www.tucomarca.com\/wordpress\/segunda\/wp-content\/uploads\/2026\/04\/DANAplaEndavant2-678x381.jpeg 678w, https:\/\/www.tucomarca.com\/wordpress\/segunda\/wp-content\/uploads\/2026\/04\/DANAplaEndavant2.jpeg 1600w\" sizes=\"auto, (max-width: 1024px) 100vw, 1024px\" \/><\/figure>\n\n\n\n<p><\/p>\n\n\n\n<p><strong>Retirada de residus<\/strong><\/p>\n\n\n\n<p>En l\u2019\u00e0rea de residus s\u2019ha desenrotllat tot un programa que ha perm\u00e9s la retirada i gesti\u00f3 d\u2019un mili\u00f3 de tones de llots, deixalles i estris arrossegats per la riuada, despr\u00e9s d\u2019una inversi\u00f3 de la Generalitat de 250 milions d\u2019euros per a ajudar els ajuntaments davant la seua impossibilitat d\u2019escometre una tasca que excedia el seu pressupost i capacitat de gesti\u00f3.<\/p>\n\n\n\n<p>Gran part d\u2019estos residus s\u2019han arreplegat en els parcs naturals i en l\u2019entorn natural, especialment en l\u2019Albufera, a on tamb\u00e9 s\u2019ha desenrotllat una batimetria.&nbsp;<\/p>\n\n\n\n<p>Aix\u00ed mateix, la Generalitat tamb\u00e9 ha retirat, en una vintena de municipis, els enderrocs derivats de les obres de recuperaci\u00f3 que s\u2019estan duent a terme amb una inversi\u00f3 de 40 milions d\u2019euros.&nbsp;<\/p>\n\n\n\n<p><strong>Altres iniciatives<\/strong><\/p>\n\n\n\n<p>Des de la Generalitat tamb\u00e9 s\u2019ha dut a terme la restauraci\u00f3 d\u2019observatoris forestals i de dep\u00f2sits d\u2019aigua, aix\u00ed com la construcci\u00f3 d\u2019altres nous que serviran de prove\u00efment en cas d\u2019incendis forestals.&nbsp;<\/p>\n\n\n\n<p>En mat\u00e8ria d\u2019animals, s\u2019han definit les zones preparades per a acollir animals de companyia en casos d\u2019emerg\u00e8ncia i s\u2019est\u00e0 treballant en la reconstrucci\u00f3 de centres d\u2019animals afectats i en la posada en marxa d\u2019una flota de vehicles habilitats per al transport d\u2019animals.<\/p>\n\n\n\n<p>En material mediambiental, queden pendents d\u2019iniciar-se 32 iniciatives del pla Endavant, moltes de les quals estan planificades per als pr\u00f2xims mesos. \u00c9s el cas de la reconstrucci\u00f3 de la passarel\u00b7la accessible de la ribera del Cabriol, la millora del sistema permanent de seguiment ambiental de l\u2019Albufera, la restauraci\u00f3 de vies pecu\u00e0ries per a millorar la seua resili\u00e8ncia o l\u2019impuls del registre d\u2019animals de companyia, entre altres projectes.<\/p>\n","protected":false},"excerpt":{"rendered":"<div class=\"mh-excerpt\">El 71 % del total de 113 accions mediambientals estan ja iniciades o completades. El comissionat per a la Recuperaci\u00f3 assenyala que l\u2019objectiu \u00e9s \u201creconstruir, restaurar l\u2019equilibri ecol\u00f2gic i potenciar l\u2019entorn natural per a disposar <a class=\"mh-excerpt-more\" href=\"https:\/\/www.tucomarca.com\/wordpress\/segunda\/ca\/la-generalitat-te-en-marxa-81-iniciatives-de-recuperacio-postdana-relacionades-amb-el-medi-ambient-en-el-marc-del-pla-endavant\/\" title=\"La Generalitat t\u00e9 en marxa 81 iniciatives de recuperaci\u00f3 postdana relacionades amb el medi ambient en el marc del pla Endavant\">[+] <\/a><\/div>\n","protected":false},"author":1,"featured_media":299744,"comment_status":"closed","ping_status":"open","sticky":false,"template":"","format":"standard","meta":{"footnotes":""},"categories":[21466,11046,10898,10948,10894,10904,10903,10947,10896,11026,10897,11037],"tags":[11318,15409,11928,11080,17643],"class_list":{"0":"post-299740","1":"post","2":"type-post","3":"status-publish","4":"format-standard","5":"has-post-thumbnail","7":"category-dana-ca","8":"category-los-serranos-ca","9":"category-ventana-ca","10":"category-infraestructuras-ca","11":"category-la-comarca-ca","12":"category-sin-categorizar-ca","13":"category-medio-ambiente-la-comarca-ca","14":"category-politica","15":"category-seccion-ca","16":"category-sot-de-chera-ca","17":"category-sucesos-la-comarca-ca","18":"category-chera-los-serranos-ca","19":"tag-chera-ca","20":"tag-dana-2-ca","21":"tag-la-serrania-ca","22":"tag-los-serranos-ca","23":"tag-sot-de-chera-ca"},"_links":{"self":[{"href":"https:\/\/www.tucomarca.com\/wordpress\/segunda\/ca\/wp-json\/wp\/v2\/posts\/299740","targetHints":{"allow":["GET"]}}],"collection":[{"href":"https:\/\/www.tucomarca.com\/wordpress\/segunda\/ca\/wp-json\/wp\/v2\/posts"}],"about":[{"href":"https:\/\/www.tucomarca.com\/wordpress\/segunda\/ca\/wp-json\/wp\/v2\/types\/post"}],"author":[{"embeddable":true,"href":"https:\/\/www.tucomarca.com\/wordpress\/segunda\/ca\/wp-json\/wp\/v2\/users\/1"}],"replies":[{"embeddable":true,"href":"https:\/\/www.tucomarca.com\/wordpress\/segunda\/ca\/wp-json\/wp\/v2\/comments?post=299740"}],"version-history":[{"count":2,"href":"https:\/\/www.tucomarca.com\/wordpress\/segunda\/ca\/wp-json\/wp\/v2\/posts\/299740\/revisions"}],"predecessor-version":[{"id":299748,"href":"https:\/\/www.tucomarca.com\/wordpress\/segunda\/ca\/wp-json\/wp\/v2\/posts\/299740\/revisions\/299748"}],"wp:featuredmedia":[{"embeddable":true,"href":"https:\/\/www.tucomarca.com\/wordpress\/segunda\/ca\/wp-json\/wp\/v2\/media\/299744"}],"wp:attachment":[{"href":"https:\/\/www.tucomarca.com\/wordpress\/segunda\/ca\/wp-json\/wp\/v2\/media?parent=299740"}],"wp:term":[{"taxonomy":"category","embeddable":true,"href":"https:\/\/www.tucomarca.com\/wordpress\/segunda\/ca\/wp-json\/wp\/v2\/categories?post=299740"},{"taxonomy":"post_tag","embeddable":true,"href":"https:\/\/www.tucomarca.com\/wordpress\/segunda\/ca\/wp-json\/wp\/v2\/tags?post=299740"}],"curies":[{"name":"wp","href":"https:\/\/api.w.org\/{rel}","templated":true}]}}