{"id":299759,"date":"2026-04-23T09:00:00","date_gmt":"2026-04-23T07:00:00","guid":{"rendered":"https:\/\/www.tucomarca.com\/wordpress\/segunda\/?p=299759"},"modified":"2026-04-23T20:57:10","modified_gmt":"2026-04-23T18:57:10","slug":"xest-arranca-un-proces-participatiu-per-a-dissenyar-un-refugi-climatic-a-lescola-dadults-afectada-per-la-dana","status":"publish","type":"post","link":"https:\/\/www.tucomarca.com\/wordpress\/segunda\/ca\/xest-arranca-un-proces-participatiu-per-a-dissenyar-un-refugi-climatic-a-lescola-dadults-afectada-per-la-dana\/","title":{"rendered":"Xest arranca un proc\u00e9s participatiu per a dissenyar un refugi clim\u00e0tic a l&#8217;Escola d&#8217;Adults afectada per la DANA"},"content":{"rendered":"\n<p>Dilluns que ve 27 d&#8217;abril donar\u00e0 principi en el Centre de Formaci\u00f3 de Persones Adultes (CFPA) Dori Carmen Rodrigo Ruiz de Xest un dels eixos fonamentals del projecte \u201cDesenvolupament psicocomunitario en clau d&#8217;emerg\u00e8ncia social i cat\u00e0strofes\u201d, impulsat per Entrepobles i finan\u00e7at per la Generalitat Valenciana en el marc del programa Recuperem Val\u00e8ncia.<\/p>\n\n\n\n<p>El proc\u00e9s consistir\u00e0 en el disseny participatiu d&#8217;un refugi clim\u00e0tic en les instal\u00b7lacions del centre educatiu, que va resultar afectat per la DANA del passat 29 d&#8217;octubre de 2024. Es tracta d&#8217;una iniciativa d&#8217;innovaci\u00f3 educativa que busca transformar el pati del centre en un espai m\u00e9s resilient enfront de futurs esdeveniments clim\u00e0tics extrems, com a inundacions o onades de calor.<\/p>\n\n\n\n<p>Al llarg de nou sessions, la comunitat educativa i altres agents de l&#8217;entorn treballaran conjuntament per a imaginar, definir i prototipar aquest nou espai. El proc\u00e9s culminar\u00e0 amb una jornada l\u00fadic- pedag\u00f2gica oberta, en la qual es presentaran els resultats aconseguits, incl\u00f2s l&#8217;avantprojecte que guiar\u00e0 la reforma de les instal\u00b7lacions.<\/p>\n\n\n\n<p>El projecte planteja convertir aquest espai en un refugi clim\u00e0tic inclusiu, comunitari i adaptat a l&#8217;entorn, capa\u00e7 de donar resposta tant a les necessitats educatives com a les de la ciutadania. Es busca aix\u00ed generar un lloc m\u00e9s accessible, respectu\u00f3s amb la naturalesa i orientat a la cura col\u00b7lectiva, que puga ser utilitzat m\u00e9s enll\u00e0 de l&#8217;horari escolar.<\/p>\n\n\n\n<p>La iniciativa compta amb l&#8217;impuls de Entrepobles, organitzaci\u00f3 amb una \u00e0mplia traject\u00f2ria en educaci\u00f3 per a la transformaci\u00f3 social, la just\u00edcia, organitzaci\u00f3 amb una global i les transicions ecosocials, que des de fa m\u00e9s de 35 anys treballa al costat de comunitats, centres educatius i moviments socials per a promoure una ciutadania cr\u00edtica, solid\u00e0ria i compromesa amb la defensa dels drets humans.<\/p>\n\n\n\n<p>Aix\u00ed mateix, el proc\u00e9s ser\u00e0 desenvolupat amb l&#8217;acompanyament t\u00e8cnic de Fent Estudi, cooperativa valenciana d&#8217;arquitectura i innovaci\u00f3 social, especialitzada en innovaci\u00f3 educativa i disseny d&#8217;entorns centrats en la comunitat i la sostenibilitat.<\/p>\n\n\n\n<p>Aquest projecte aquesta secundat per l&#8217;Ajuntament de Xest i compta amb el suport de les Regidories d&#8217;Educaci\u00f3 i Medi Ambient. S&#8217;emmarca en una estrat\u00e8gia m\u00e9s \u00e0mplia d&#8217;enfortiment de la resili\u00e8ncia comunit\u00e0ria en territoris afectats per la DANA, apostant per solucions locals, participades i replicables davant els desafiaments de l&#8217;emerg\u00e8ncia clim\u00e0tica.<\/p>\n\n\n\n<p><\/p>\n","protected":false},"excerpt":{"rendered":"<div class=\"mh-excerpt\">Dilluns que ve 27 d&#8217;abril donar\u00e0 principi en el Centre de Formaci\u00f3 de Persones Adultes (CFPA) Dori Carmen Rodrigo Ruiz de Xest un dels eixos fonamentals del projecte \u201cDesenvolupament psicocomunitario en clau d&#8217;emerg\u00e8ncia social i <a class=\"mh-excerpt-more\" href=\"https:\/\/www.tucomarca.com\/wordpress\/segunda\/ca\/xest-arranca-un-proces-participatiu-per-a-dissenyar-un-refugi-climatic-a-lescola-dadults-afectada-per-la-dana\/\" title=\"Xest arranca un proc\u00e9s participatiu per a dissenyar un refugi clim\u00e0tic a l&#8217;Escola d&#8217;Adults afectada per la DANA\">[+] <\/a><\/div>\n","protected":false},"author":12,"featured_media":299755,"comment_status":"closed","ping_status":"open","sticky":false,"template":"","format":"standard","meta":{"footnotes":""},"categories":[10948,10894,10912,10903,10947,10896,10974],"tags":[11071,10914],"class_list":{"0":"post-299759","1":"post","2":"type-post","3":"status-publish","4":"format-standard","5":"has-post-thumbnail","7":"category-infraestructuras-ca","8":"category-la-comarca-ca","9":"category-la-hoya-ca","10":"category-medio-ambiente-la-comarca-ca","11":"category-politica","12":"category-seccion-ca","13":"category-cheste-ca","14":"tag-cheste","15":"tag-la-hoya-de-bunol-chiva-ca"},"_links":{"self":[{"href":"https:\/\/www.tucomarca.com\/wordpress\/segunda\/ca\/wp-json\/wp\/v2\/posts\/299759","targetHints":{"allow":["GET"]}}],"collection":[{"href":"https:\/\/www.tucomarca.com\/wordpress\/segunda\/ca\/wp-json\/wp\/v2\/posts"}],"about":[{"href":"https:\/\/www.tucomarca.com\/wordpress\/segunda\/ca\/wp-json\/wp\/v2\/types\/post"}],"author":[{"embeddable":true,"href":"https:\/\/www.tucomarca.com\/wordpress\/segunda\/ca\/wp-json\/wp\/v2\/users\/12"}],"replies":[{"embeddable":true,"href":"https:\/\/www.tucomarca.com\/wordpress\/segunda\/ca\/wp-json\/wp\/v2\/comments?post=299759"}],"version-history":[{"count":1,"href":"https:\/\/www.tucomarca.com\/wordpress\/segunda\/ca\/wp-json\/wp\/v2\/posts\/299759\/revisions"}],"predecessor-version":[{"id":299760,"href":"https:\/\/www.tucomarca.com\/wordpress\/segunda\/ca\/wp-json\/wp\/v2\/posts\/299759\/revisions\/299760"}],"wp:featuredmedia":[{"embeddable":true,"href":"https:\/\/www.tucomarca.com\/wordpress\/segunda\/ca\/wp-json\/wp\/v2\/media\/299755"}],"wp:attachment":[{"href":"https:\/\/www.tucomarca.com\/wordpress\/segunda\/ca\/wp-json\/wp\/v2\/media?parent=299759"}],"wp:term":[{"taxonomy":"category","embeddable":true,"href":"https:\/\/www.tucomarca.com\/wordpress\/segunda\/ca\/wp-json\/wp\/v2\/categories?post=299759"},{"taxonomy":"post_tag","embeddable":true,"href":"https:\/\/www.tucomarca.com\/wordpress\/segunda\/ca\/wp-json\/wp\/v2\/tags?post=299759"}],"curies":[{"name":"wp","href":"https:\/\/api.w.org\/{rel}","templated":true}]}}