{"id":299765,"date":"2026-04-24T08:30:00","date_gmt":"2026-04-24T06:30:00","guid":{"rendered":"https:\/\/www.tucomarca.com\/wordpress\/segunda\/?p=299765"},"modified":"2026-04-24T19:46:35","modified_gmt":"2026-04-24T17:46:35","slug":"la-diputacio-porta-el-teatre-infantil-de-la-beneficencia-a-set-pobles-de-la-provincia","status":"publish","type":"post","link":"https:\/\/www.tucomarca.com\/wordpress\/segunda\/ca\/la-diputacio-porta-el-teatre-infantil-de-la-beneficencia-a-set-pobles-de-la-provincia\/","title":{"rendered":"La Diputaci\u00f3 porta el teatre infantil de la Benefic\u00e8ncia a set pobles de la prov\u00edncia"},"content":{"rendered":"\n<h3 class=\"wp-block-heading\">El nou programa Espai d\u2019Esplai, impulsat per l&#8217;\u00e0rea de Cultura que dirigix Paco Teruel, arranca este divendres a La Pobla Llarga i finalitza a C\u00e0rcer el 10 de juny, passant abans per Barx, Corbera, Aielo de Malferit, Agullent i Albalat de la Ribera.<\/h3>\n\n\n\n<h3 class=\"wp-block-heading\">Els espectacles estan dirigits a p\u00fablic escolar d&#8217;entre 3 i 12 anys i s&#8217;oferiran en horari lectiu.<\/h3>\n\n\n\n<p>La Diputaci\u00f3 de Val\u00e8ncia continua amb la seua pol\u00edtica d&#8217;acostar la cultura als pobles de la prov\u00edncia. En esta ocasi\u00f3, el Servici d&#8217;Assist\u00e8ncia i Recursos Culturals -SARC- de l&#8217;\u00e0rea de Cultura de la corporaci\u00f3 ha posat en marxa un nou programa, Espai d\u2019Esplai, que naix amb l&#8217;objectiu de deslocalitzar la programaci\u00f3 del teatre infantil que es ve oferint els diumenges en el Centre Cultural La Benefic\u00e8ncia de la capital valenciana. Des d&#8217;este divendres 24 d&#8217;abril, fins al pr\u00f2xim 10 de juny, la Diputaci\u00f3 portar\u00e0 a set municipis de menys de 5.000 habitants diferents espectacles teatrals.&nbsp;<\/p>\n\n\n\n<p>Espai d\u2019Esplai arranca este divendres a la Casa de la Cultura de La Pobla Llarga amb l&#8217;espectacle \u2018Voil\u00e0\u2019. Totes les passades del programa estan dirigits a p\u00fablic escolar d&#8217;entre 3 i 12 anys. De fet, una de les caracter\u00edstiques fonamentals d&#8217;este programa \u00e9s que s&#8217;oferir\u00e0 en horari lectiu, \u00e9s a dir, sempre ser\u00e0 de dilluns a divendres entre les 9.00 i les 17.00, assegurant aix\u00ed que tots els alumnes puguen disfrutar de les representacions programades.<\/p>\n\n\n\n<p>\u201cGr\u00e0cies al treball que es fa des del SARC els habitants dels nostres pobles poden disfrutar d&#8217;una programaci\u00f3 cultural digna, diversa i de qualitat. Amb Espai d\u2019Esplai pretenem que els xiquets dels municipis m\u00e9s xicotets de la prov\u00edncia disfruten del teatre infantil que ja s&#8217;oferix en la capital, i al mateix temps complim l&#8217;objectiu de fomentar la producci\u00f3 esc\u00e8nica de la nostra terra\u201d, ha subratllat el diputat de Cultura, Paco Teruel.<\/p>\n\n\n\n<p>En esta primera edici\u00f3 s\u00f3n set els municipis de menys de 5.000 habitants que formen part del programa. El SARC s&#8217;ha fet c\u00e0rrec de la selecci\u00f3 i contractaci\u00f3 de l&#8217;activitat o espectacle programat, mentres que els ajuntaments s&#8217;encarreguen de la log\u00edstica necess\u00e0ria per a la realitzaci\u00f3 de l&#8217;acte, des de l&#8217;elecci\u00f3 de l&#8217;espai als requisits t\u00e8cnics, el personal o la publicitat que corresponga.<\/p>\n\n\n\n<p>Els espectacles programats pertanyen a les modalitats incloses en el Cat\u00e0leg d&#8217;Activitats Culturals del SARC: tradicions, m\u00fasica i arts esc\u00e8niques, incloent-hi diferents varietats com la m\u00fasica folk, el circ, els contacontes, la m\u00e0gia, els titelles\u2026 L&#8217;\u00e0rea de Cultura ha elaborat la selecci\u00f3 m\u00e9s atractiva possible per als alumnes.<\/p>\n\n\n\n<p><strong>Programaci\u00f3<\/strong><\/p>\n\n\n\n<p>Despr\u00e9s que el programa s&#8217;inicie este divendres amb l&#8217;espectacle \u2018Voil\u00e0\u2019, de JM Gesti\u00f3 Teatral, a La Pobla Llarga, ser\u00e0 el municipi de Barx el que aculla, el dia 30 d&#8217;abril a la seua Casa de la Cultura, \u2018Nilu\u2019, de la companyia Cia Infinit. El 18 de maig arriba a Corbera \u2018En els n\u00favols\u2019, de Cia La Negra, que es representar\u00e0 en el Cinema Teatre Ricardo Cebolla de la localitat.<\/p>\n\n\n\n<p>El 22 de maig ser\u00e0 el torn d&#8217;Aielo de Malferit, l&#8217;Auditori Municipal del qual acollir\u00e0 \u2018La Bambolla de J\u00falia\u2019, un espectacle de Maquinant Teatre; mentres que el dia 29 del mateix mes el projecte aterra a l&#8217;Auditori Municipal Jos\u00e9 Mar\u00eda Bru d&#8217;Agullent, on es representar\u00e0 \u2018Jagill\u00e9, el porquet verd blau\u2019, de La Carreta Teatre.<\/p>\n\n\n\n<p>Espai d\u2019Esplai 2026 conclou al juny amb dos espectacles. El primer d&#8217;ells, que t\u00e9 lloc el 3 de juny a la Casa de la Cultura d&#8217;Albalat de la Ribera, \u00e9s \u2018Plom! La veritable hist\u00f2ria del soldat de plom\u2019 de la companyia Combinats. Finalment, el dia 10 de juny, l&#8217;obra \u2018El ni\u00f1o que quer\u00eda ser pez\u2019, de Francis Zafrilla, podr\u00e0 disfrutar-se en el Centre Cultural Antonio Rodr\u00edguez Castellano de C\u00e0rcer.<\/p>\n","protected":false},"excerpt":{"rendered":"<div class=\"mh-excerpt\">El nou programa Espai d\u2019Esplai, impulsat per l&#8217;\u00e0rea de Cultura que dirigix Paco Teruel, arranca este divendres a La Pobla Llarga i finalitza a C\u00e0rcer el 10 de juny, passant abans per Barx, Corbera, Aielo <a class=\"mh-excerpt-more\" href=\"https:\/\/www.tucomarca.com\/wordpress\/segunda\/ca\/la-diputacio-porta-el-teatre-infantil-de-la-beneficencia-a-set-pobles-de-la-provincia\/\" title=\"La Diputaci\u00f3 porta el teatre infantil de la Benefic\u00e8ncia a set pobles de la prov\u00edncia\">[+] <\/a><\/div>\n","protected":false},"author":12,"featured_media":299764,"comment_status":"closed","ping_status":"open","sticky":false,"template":"","format":"standard","meta":{"footnotes":""},"categories":[11019,11053,10948,10894,10942,10902,11007,10947,10896],"tags":[24202,11246,10945,11356,24203],"class_list":{"0":"post-299765","1":"post","2":"type-post","3":"status-publish","4":"format-standard","5":"has-post-thumbnail","7":"category-agenda-ca","8":"category-carcer-ca","9":"category-infraestructuras-ca","10":"category-la-comarca-ca","11":"category-la-pobla-llarga-ca","12":"category-la-ribera-ca","13":"category-ocio-y-cultura-ca","14":"category-politica","15":"category-seccion-ca","16":"tag-carcer-2","17":"tag-diputacio-de-valencia-ca","18":"tag-la-pobla-llarga-ca","19":"tag-ribera-alta-ca","20":"tag-teatro-infantil"},"_links":{"self":[{"href":"https:\/\/www.tucomarca.com\/wordpress\/segunda\/ca\/wp-json\/wp\/v2\/posts\/299765","targetHints":{"allow":["GET"]}}],"collection":[{"href":"https:\/\/www.tucomarca.com\/wordpress\/segunda\/ca\/wp-json\/wp\/v2\/posts"}],"about":[{"href":"https:\/\/www.tucomarca.com\/wordpress\/segunda\/ca\/wp-json\/wp\/v2\/types\/post"}],"author":[{"embeddable":true,"href":"https:\/\/www.tucomarca.com\/wordpress\/segunda\/ca\/wp-json\/wp\/v2\/users\/12"}],"replies":[{"embeddable":true,"href":"https:\/\/www.tucomarca.com\/wordpress\/segunda\/ca\/wp-json\/wp\/v2\/comments?post=299765"}],"version-history":[{"count":2,"href":"https:\/\/www.tucomarca.com\/wordpress\/segunda\/ca\/wp-json\/wp\/v2\/posts\/299765\/revisions"}],"predecessor-version":[{"id":299881,"href":"https:\/\/www.tucomarca.com\/wordpress\/segunda\/ca\/wp-json\/wp\/v2\/posts\/299765\/revisions\/299881"}],"wp:featuredmedia":[{"embeddable":true,"href":"https:\/\/www.tucomarca.com\/wordpress\/segunda\/ca\/wp-json\/wp\/v2\/media\/299764"}],"wp:attachment":[{"href":"https:\/\/www.tucomarca.com\/wordpress\/segunda\/ca\/wp-json\/wp\/v2\/media?parent=299765"}],"wp:term":[{"taxonomy":"category","embeddable":true,"href":"https:\/\/www.tucomarca.com\/wordpress\/segunda\/ca\/wp-json\/wp\/v2\/categories?post=299765"},{"taxonomy":"post_tag","embeddable":true,"href":"https:\/\/www.tucomarca.com\/wordpress\/segunda\/ca\/wp-json\/wp\/v2\/tags?post=299765"}],"curies":[{"name":"wp","href":"https:\/\/api.w.org\/{rel}","templated":true}]}}