{"id":299784,"date":"2026-04-24T11:37:00","date_gmt":"2026-04-24T09:37:00","guid":{"rendered":"https:\/\/www.tucomarca.com\/wordpress\/segunda\/?p=299784"},"modified":"2026-04-24T20:10:08","modified_gmt":"2026-04-24T18:10:08","slug":"ma-jose-guillem-repeteix-com-a-presidenta-de-la-junta-local-fallera-de-benaguasil","status":"publish","type":"post","link":"https:\/\/www.tucomarca.com\/wordpress\/segunda\/ca\/ma-jose-guillem-repeteix-com-a-presidenta-de-la-junta-local-fallera-de-benaguasil\/","title":{"rendered":"M\u00aa Jos\u00e9 Guillem repeteix com a Presidenta de la Junta Local Fallera de Benaguasil"},"content":{"rendered":"\n<h3 class=\"wp-block-heading\">Per unanimitat M\u00aa Jos\u00e9 va eixir de nou elegida Presidenta de JLF i repetir\u00e0 per segon any consecutiu en el c\u00e0rrec.<\/h3>\n\n\n<div class=\"wp-block-image\">\n<figure class=\"alignleft size-large is-resized\"><img loading=\"lazy\" decoding=\"async\" width=\"819\" height=\"1024\" src=\"https:\/\/www.tucomarca.com\/wordpress\/segunda\/wp-content\/uploads\/2026\/04\/MariaJoseBenaguasil-819x1024.jpg\" alt=\"\" class=\"wp-image-299779\" style=\"width:352px;height:auto\" srcset=\"https:\/\/www.tucomarca.com\/wordpress\/segunda\/wp-content\/uploads\/2026\/04\/MariaJoseBenaguasil-819x1024.jpg 819w, https:\/\/www.tucomarca.com\/wordpress\/segunda\/wp-content\/uploads\/2026\/04\/MariaJoseBenaguasil-240x300.jpg 240w, https:\/\/www.tucomarca.com\/wordpress\/segunda\/wp-content\/uploads\/2026\/04\/MariaJoseBenaguasil-768x960.jpg 768w, https:\/\/www.tucomarca.com\/wordpress\/segunda\/wp-content\/uploads\/2026\/04\/MariaJoseBenaguasil-1229x1536.jpg 1229w, https:\/\/www.tucomarca.com\/wordpress\/segunda\/wp-content\/uploads\/2026\/04\/MariaJoseBenaguasil.jpg 1350w\" sizes=\"auto, (max-width: 819px) 100vw, 819px\" \/><\/figure>\n<\/div>\n\n\n<p>23 abril 26.- Les deu comissions falleres de Benaguasil han acordat per unanimitat la reelecci\u00f3 de M\u00aa Jos\u00e9 Guillem Zarzo com a presidenta de la Junta Local Fallera de Benaguasil per a l&#8217;exercici 2026-2027. La decisi\u00f3 es va prendre durant la reuni\u00f3 celebrada anit en el sal\u00f3 de plens de l&#8217;Ajuntament, on el col\u00b7lectiu faller va tornar a mostrar el seu suport a l&#8217;actual dirigent.<\/p>\n\n\n\n<p>Despr\u00e9s de la seua reelecci\u00f3, M\u00aa Jos\u00e9 Guillem Zarzo va expressar el seu agra\u00efment a totes les comissions i assistents per depositar novament la seua confian\u00e7a en ella, destacant el seu comprom\u00eds de continuar treballant pel creixement i la projecci\u00f3 de les festes josefinas en la localitat.<\/p>\n\n\n\n<p>La trobada va estar presidida per la regidor de Falles, Ana Aleixandre, i va comptar amb la pres\u00e8ncia de l&#8217;alcalde, Ximo Segarra, qui va elogiar la labor exercida per la presidenta durant el seu mandat i va mostrar la seua satisfacci\u00f3 per la seua continu\u00eftat al capdavant de la Junta Local Fallera.<\/p>\n\n\n\n<p>A m\u00e9s de la reelecci\u00f3, la reuni\u00f3 va servir per a formalitzar el nomenament dels nous presidents de les diferents comissions falleres, aix\u00ed com dels integrants de la Junta Local Fallera. Tots ells comencen des d&#8217;aquest moment a preparar el pr\u00f2xim exercici amb l&#8217;objectiu de consolidar les Falles de Benaguasil com un referent dins de la Comunitat Valenciana.<\/p>\n\n\n\n<p><\/p>\n\n\n\n<figure class=\"wp-block-image size-large\"><img loading=\"lazy\" decoding=\"async\" width=\"1024\" height=\"576\" src=\"https:\/\/www.tucomarca.com\/wordpress\/segunda\/wp-content\/uploads\/2026\/04\/BenaguasilPresidentaJLF-1024x576.jpg\" alt=\"\" class=\"wp-image-299781\" srcset=\"https:\/\/www.tucomarca.com\/wordpress\/segunda\/wp-content\/uploads\/2026\/04\/BenaguasilPresidentaJLF-1024x576.jpg 1024w, https:\/\/www.tucomarca.com\/wordpress\/segunda\/wp-content\/uploads\/2026\/04\/BenaguasilPresidentaJLF-300x169.jpg 300w, https:\/\/www.tucomarca.com\/wordpress\/segunda\/wp-content\/uploads\/2026\/04\/BenaguasilPresidentaJLF-768x432.jpg 768w, https:\/\/www.tucomarca.com\/wordpress\/segunda\/wp-content\/uploads\/2026\/04\/BenaguasilPresidentaJLF-1536x864.jpg 1536w, https:\/\/www.tucomarca.com\/wordpress\/segunda\/wp-content\/uploads\/2026\/04\/BenaguasilPresidentaJLF-678x381.jpg 678w, https:\/\/www.tucomarca.com\/wordpress\/segunda\/wp-content\/uploads\/2026\/04\/BenaguasilPresidentaJLF.jpg 2048w\" sizes=\"auto, (max-width: 1024px) 100vw, 1024px\" \/><\/figure>\n","protected":false},"excerpt":{"rendered":"<div class=\"mh-excerpt\">Per unanimitat M\u00aa Jos\u00e9 va eixir de nou elegida Presidenta de JLF i repetir\u00e0 per segon any consecutiu en el c\u00e0rrec. 23 abril 26.- Les deu comissions falleres de Benaguasil han acordat per unanimitat la <a class=\"mh-excerpt-more\" href=\"https:\/\/www.tucomarca.com\/wordpress\/segunda\/ca\/ma-jose-guillem-repeteix-com-a-presidenta-de-la-junta-local-fallera-de-benaguasil\/\" title=\"M\u00aa Jos\u00e9 Guillem repeteix com a Presidenta de la Junta Local Fallera de Benaguasil\">[+] <\/a><\/div>\n","protected":false},"author":1,"featured_media":299782,"comment_status":"closed","ping_status":"open","sticky":false,"template":"","format":"standard","meta":{"footnotes":""},"categories":[10952,10892,10894,10904,11007,10896],"tags":[11136,10899,21942],"class_list":{"0":"post-299784","1":"post","2":"type-post","3":"status-publish","4":"format-standard","5":"has-post-thumbnail","7":"category-benaguasil-ca","8":"category-camp-de-turia-ca","9":"category-la-comarca-ca","10":"category-sin-categorizar-ca","11":"category-ocio-y-cultura-ca","12":"category-seccion-ca","13":"tag-benaguasil-ca","14":"tag-camp-de-turia-ca","15":"tag-junta-local-fallera-ca"},"_links":{"self":[{"href":"https:\/\/www.tucomarca.com\/wordpress\/segunda\/ca\/wp-json\/wp\/v2\/posts\/299784","targetHints":{"allow":["GET"]}}],"collection":[{"href":"https:\/\/www.tucomarca.com\/wordpress\/segunda\/ca\/wp-json\/wp\/v2\/posts"}],"about":[{"href":"https:\/\/www.tucomarca.com\/wordpress\/segunda\/ca\/wp-json\/wp\/v2\/types\/post"}],"author":[{"embeddable":true,"href":"https:\/\/www.tucomarca.com\/wordpress\/segunda\/ca\/wp-json\/wp\/v2\/users\/1"}],"replies":[{"embeddable":true,"href":"https:\/\/www.tucomarca.com\/wordpress\/segunda\/ca\/wp-json\/wp\/v2\/comments?post=299784"}],"version-history":[{"count":2,"href":"https:\/\/www.tucomarca.com\/wordpress\/segunda\/ca\/wp-json\/wp\/v2\/posts\/299784\/revisions"}],"predecessor-version":[{"id":299786,"href":"https:\/\/www.tucomarca.com\/wordpress\/segunda\/ca\/wp-json\/wp\/v2\/posts\/299784\/revisions\/299786"}],"wp:featuredmedia":[{"embeddable":true,"href":"https:\/\/www.tucomarca.com\/wordpress\/segunda\/ca\/wp-json\/wp\/v2\/media\/299782"}],"wp:attachment":[{"href":"https:\/\/www.tucomarca.com\/wordpress\/segunda\/ca\/wp-json\/wp\/v2\/media?parent=299784"}],"wp:term":[{"taxonomy":"category","embeddable":true,"href":"https:\/\/www.tucomarca.com\/wordpress\/segunda\/ca\/wp-json\/wp\/v2\/categories?post=299784"},{"taxonomy":"post_tag","embeddable":true,"href":"https:\/\/www.tucomarca.com\/wordpress\/segunda\/ca\/wp-json\/wp\/v2\/tags?post=299784"}],"curies":[{"name":"wp","href":"https:\/\/api.w.org\/{rel}","templated":true}]}}